{"id":120509,"date":"2025-09-17T09:49:09","date_gmt":"2025-09-17T09:49:09","guid":{"rendered":"https:\/\/www.europesays.com\/es\/120509\/"},"modified":"2025-09-17T09:49:09","modified_gmt":"2025-09-17T09:49:09","slug":"el-guitarrista-de-bunbury-que-vive-en-el-vendrell","status":"publish","type":"post","link":"https:\/\/www.europesays.com\/es\/120509\/","title":{"rendered":"El guitarrista de Bunbury que vive en El Vendrell"},"content":{"rendered":"<p>                                    <img decoding=\"async\" loading=\"lazy\" src=\"https:\/\/www.europesays.com\/es\/wp-content\/uploads\/2025\/09\/68395e91e6351.jpeg\" alt=\"Marc Libiano\" width=\"40\" height=\"40\" data-full-src=\"https:\/\/www.europesays.com\/es\/wp-content\/uploads\/2025\/09\/68395e91e6351.jpeg\"\/><\/p>\n<p class=\"paragraph\"><b>Enrique Bunbury<\/b> conserva una confianza ciega en uno de los m\u00fasicos m\u00e1s prestigiosos del pa\u00eds. En el arte de la guitarra, Jordi Mena se ha ganado la credibilidad del sector, gracias al compromiso que ha mostrado en todos los proyectos que ha trabajado. Antes de convertirse en el guitarrista de Bunbury hizo carrera en Jarabe de Palo, el popular proyecto del desaparecido <b>Pau Don\u00e9s<\/b>.<\/p>\n<p class=\"paragraph\">Mena se encuentra en plena gira con el artista de <b>Zaragoza<\/b>, concretamente para conmemorar los 20 a\u00f1os de la disoluci\u00f3n del <b>Hurac\u00e1n Ambulante<\/b>, la primera banda de <b>Bunbury<\/b> en su carrera en solitario. Jordi forma parte del proyecto en sustituci\u00f3n de Rafa Dom\u00ednguez, que ha tenido que ausentarse. Ma\u00f1ana, el show se instala en el Palau Sant Jordi de Barcelona.<\/p>\n<p class=\"paragraph\">Desde hace varios a\u00f1os, Jordi Mena se ha afincado en una casa familiar de <b>El Vendrell<\/b>, donde pasa los d\u00edas de asueto entre giras, grabaciones y colaboraciones. Mena tambi\u00e9n disfruta de una buena amistad con Jes\u00fas y Eli, los propietarios del estudio de grabaci\u00f3n de Banyeres del Pened\u00e8s, <b>La Casamurada<\/b>. Sus apariciones por ese lugar tan emblem\u00e1tico suelen frecuentar, entre otras cosas porque casi siempre se involucra en proyectos de distinta \u00edndole y de registros variados.<\/p>\n<p class=\"paragraph\">Para el ecosistema de Bunbury, <b>Jordi Mena<\/b> resulta un pilar fundamental. Lo reclut\u00f3 para su causa, justo cuando el guitarrista acab\u00f3 su etapa en Jarabe de Palo, el m\u00edtico grupo de <b>Pau Don\u00e9s<\/b>, en el que milit\u00f3 durante <b>12 a\u00f1os<\/b>. La experiencia t\u00e9cnica y el virtuosismo en la guitarra del \u2018vendrellense\u2019 aportaron nuevos conocimientos y sonoridades musicales a Bunbury a partir de los \u00e1lbumes Hellville de Luxe (2008) y Las Consecuencias (2010), con <b>Los Santos Inocentes<\/b>.<\/p>\n<p class=\"paragraph\">Como profesional, Mena tambi\u00e9n ha militado en proyectos como Escalones,<b> Sau, Pep Sala y la Banda del Bar<\/b>, Big Mama &amp; the Mouserockers, Rod Reay and the Holeyfuckers, Nel.lo y la Banda del Zoco,Ia &amp; Batiste, Sifonk, Daniel Higi\u00e9nico Band, Jiters y Bo-Bo, entre otros.<\/p>\n","protected":false},"excerpt":{"rendered":"Enrique Bunbury conserva una confianza ciega en uno de los m\u00fasicos m\u00e1s prestigiosos del pa\u00eds. En el arte&hellip;\n","protected":false},"author":2,"featured_media":120510,"comment_status":"","ping_status":"","sticky":false,"template":"","format":"standard","meta":{"footnotes":""},"categories":[170],"tags":[146,147,25,24,184,185,23],"class_list":{"0":"post-120509","1":"post","2":"type-post","3":"status-publish","4":"format-standard","5":"has-post-thumbnail","7":"category-musica","8":"tag-entertainment","9":"tag-entretenimiento","10":"tag-es","11":"tag-espana","12":"tag-music","13":"tag-musica","14":"tag-spain"},"share_on_mastodon":{"url":"","error":""},"_links":{"self":[{"href":"https:\/\/www.europesays.com\/es\/wp-json\/wp\/v2\/posts\/120509","targetHints":{"allow":["GET"]}}],"collection":[{"href":"https:\/\/www.europesays.com\/es\/wp-json\/wp\/v2\/posts"}],"about":[{"href":"https:\/\/www.europesays.com\/es\/wp-json\/wp\/v2\/types\/post"}],"author":[{"embeddable":true,"href":"https:\/\/www.europesays.com\/es\/wp-json\/wp\/v2\/users\/2"}],"replies":[{"embeddable":true,"href":"https:\/\/www.europesays.com\/es\/wp-json\/wp\/v2\/comments?post=120509"}],"version-history":[{"count":0,"href":"https:\/\/www.europesays.com\/es\/wp-json\/wp\/v2\/posts\/120509\/revisions"}],"wp:featuredmedia":[{"embeddable":true,"href":"https:\/\/www.europesays.com\/es\/wp-json\/wp\/v2\/media\/120510"}],"wp:attachment":[{"href":"https:\/\/www.europesays.com\/es\/wp-json\/wp\/v2\/media?parent=120509"}],"wp:term":[{"taxonomy":"category","embeddable":true,"href":"https:\/\/www.europesays.com\/es\/wp-json\/wp\/v2\/categories?post=120509"},{"taxonomy":"post_tag","embeddable":true,"href":"https:\/\/www.europesays.com\/es\/wp-json\/wp\/v2\/tags?post=120509"}],"curies":[{"name":"wp","href":"https:\/\/api.w.org\/{rel}","templated":true}]}}