{"id":12051,"date":"2025-07-29T16:43:11","date_gmt":"2025-07-29T16:43:11","guid":{"rendered":"https:\/\/www.europesays.com\/es\/12051\/"},"modified":"2025-07-29T16:43:11","modified_gmt":"2025-07-29T16:43:11","slug":"ufc-arabia-saudi-horario-en-espana-cartelera-donde-y-como-ver-el-adesanya","status":"publish","type":"post","link":"https:\/\/www.europesays.com\/es\/12051\/","title":{"rendered":"UFC Arabia Saud\u00ed: horario en Espa\u00f1a, cartelera, d\u00f3nde y c\u00f3mo ver el Adesanya"},"content":{"rendered":"<p class=\"paragraph\" data-mrf-recirculation=\"Links art\u00edculo\"><strong>Arabia Saud\u00ed tendr\u00e1 las estrellas que reclama<\/strong>. Israel Adesanya, uno de los principales baluartes de la <a class=\"link\" data-voc-vtm-id=\"in-text-traffic\" href=\"https:\/\/www.relevo.com\/mma\/ufc\/\" target=\"_self\" rel=\"nofollow noopener\">UFC<\/a> durante el \u00faltimo lustro, estar\u00e1 en el combate estelar de su evento. Izzy tendr\u00e1 todos los focos encima, ya que se juega su futuro. <strong>Ser\u00e1 la primera vez en seis a\u00f1os que pelee en una lucha que no tenga t\u00edtulo en juego.<\/strong> Ante Imavov se la juega, ya que ha perdido <a class=\"link\" data-voc-vtm-id=\"in-text-traffic\" href=\"https:\/\/www.relevo.com\/mma\/ufc\/plessi-recoge-antorcha-adesanya-tras-20240818071824-nt.html\" target=\"_self\" rel=\"nofollow noopener\">tres de sus \u00faltimos cuatro pleitos<\/a>. S\u00f3lo le vale ganar y ese morbo vende cualquier evento.<\/p>\n<p>Horario y fecha: \u00bfA qu\u00e9 hora comienza el UFC Arabia Saud\u00ed: Adesanya &#8211; Imavov?<\/p>\n<p class=\"paragraph\" data-mrf-recirculation=\"Links art\u00edculo\">Cualquier visita de UFC a Oriente Medio significa que hay una cartelera de muchos quilates. Abu Dhabi y Arabia Saud\u00ed ponen mucho dinero encima de la mesa para tenerlos all\u00ed y deben corresponderle con espect\u00e1culo, pero tambi\u00e9n con nombres importantes. El show de esta semana no es una excepci\u00f3n. El UFC Arabia Saud\u00ed se disputa este <strong>s\u00e1bado 1 de febrero de 2025<\/strong> en el Kingdom Arena de Riad, capital del pa\u00eds, <strong>desde las 15:00 horas<\/strong> (hora peninsular espa\u00f1ola). <strong>La cartelera estelar se iniciar\u00e1 a las 18:00 horas<\/strong> (hora peninsular espa\u00f1ola).<\/p>\n<p>Televisi\u00f3n: \u00bfEn qu\u00e9 canal ver el UFC Arabia Saud\u00ed: Adesanya Imavov?<\/p>\n<p class=\"paragraph\" data-mrf-recirculation=\"Links art\u00edculo\">Si no quieres perderte esta jornada de UFC, <strong>Eurosport<\/strong> es la televisi\u00f3n que cuenta con los derechos, en exclusiva, de la UFC en Espa\u00f1a. Todos los eventos los emite en directo, y bajo demanda, a trav\u00e9s de <strong>Max<\/strong>. Los preliminares, al completo, tambi\u00e9n pueden verse por la APP de la UFC, UFC Fight Pass.<\/p>\n<p>Cartelera del UFC Arabia Saud\u00ed: Adesanya &#8211; Imavov<\/p>\n<ul class=\"list list--type\">\n<li class=\"list__item\">\nIsrael Adesanya vs Nassourdine Imavov: peso medio.\n<\/li>\n<li class=\"list__item\">\nShara Magomedov vs Michael Page: peso medio.\n<\/li>\n<li class=\"list__item\">\nSergei Pavlovich vs Jairzinho Rozenstruik: peso pesado.\n<\/li>\n<li class=\"list__item\">\nSaid Nurmagomedov vs Vinicius Oliveira: peso gallo.\n<\/li>\n<li class=\"list__item\">\nIkram Aliskerov vs Andre Mu\u00f1iz: peso medio.\n<\/li>\n<li class=\"list__item\">\nMuhammad Naimov vs Kaan Ofli: peso pluma.\n<\/li>\n<li class=\"list__item\">\nShamil Gaziev vs Thomas Petersen: peso pesado.\n<\/li>\n<li class=\"list__item\">\nJordan Leavitt vs Abdul-Kareem Al-Selwady: peso ligero.\n<\/li>\n<li class=\"list__item\">\nTerrance McKinney vs Damir Hadzovic: peso ligero.\n<\/li>\n<li class=\"list__item\">\nFares Ziam vs Mike Davis: peso ligero.\n<\/li>\n<li class=\"list__item\">\nBodgan Grad vs Lucas Alexander: peso pluma.\n<\/li>\n<li class=\"list__item\">\nHamdy Abdelwahab vs Jamal Pogues: peso pesado.\n<\/li>\n<\/ul>\n<p class=\"paragraph\" data-mrf-recirculation=\"Links art\u00edculo\">La visita de UFC a Arabia Saud\u00ed es importante para el pa\u00eds y para la empresa. <strong>La compa\u00f1\u00eda sabe que debe tener un nivel m\u00ednimo porque la autoridad deportiva saud\u00ed es mucho m\u00e1s exigente de lo que era a\u00f1os atr\u00e1s<\/strong>. En 2024, no hay que olvidar, que le <a class=\"link\" data-voc-vtm-id=\"in-text-traffic\" href=\"https:\/\/www.relevo.com\/mma\/ufc\/whittaker-reafirma-status-tras-brillante-20240622234929-nt.html\" target=\"_self\" rel=\"nofollow noopener\">ech\u00f3 para atr\u00e1s un show<\/a> porque no ten\u00edan nombres reconocibles en la cartelera y les oblig\u00f3 a reprogramarlo situando unos combates de mucho m\u00e1s nivel que los iniciales.<\/p>\n","protected":false},"excerpt":{"rendered":"Arabia Saud\u00ed tendr\u00e1 las estrellas que reclama. Israel Adesanya, uno de los principales baluartes de la UFC durante&hellip;\n","protected":false},"author":2,"featured_media":12052,"comment_status":"","ping_status":"","sticky":false,"template":"","format":"standard","meta":{"footnotes":""},"categories":[276],"tags":[7314,8413,1013,168,25,24,319,8415,8414,23,167,343],"class_list":{"0":"post-12051","1":"post","2":"type-post","3":"status-publish","4":"format-standard","5":"has-post-thumbnail","7":"category-ufc","8":"tag-adesanya","9":"tag-arabia","10":"tag-cartelera","11":"tag-deportes","12":"tag-es","13":"tag-espana","14":"tag-horario","15":"tag-imavov","16":"tag-saudi","17":"tag-spain","18":"tag-sports","19":"tag-ufc"},"share_on_mastodon":{"url":"","error":""},"_links":{"self":[{"href":"https:\/\/www.europesays.com\/es\/wp-json\/wp\/v2\/posts\/12051","targetHints":{"allow":["GET"]}}],"collection":[{"href":"https:\/\/www.europesays.com\/es\/wp-json\/wp\/v2\/posts"}],"about":[{"href":"https:\/\/www.europesays.com\/es\/wp-json\/wp\/v2\/types\/post"}],"author":[{"embeddable":true,"href":"https:\/\/www.europesays.com\/es\/wp-json\/wp\/v2\/users\/2"}],"replies":[{"embeddable":true,"href":"https:\/\/www.europesays.com\/es\/wp-json\/wp\/v2\/comments?post=12051"}],"version-history":[{"count":0,"href":"https:\/\/www.europesays.com\/es\/wp-json\/wp\/v2\/posts\/12051\/revisions"}],"wp:featuredmedia":[{"embeddable":true,"href":"https:\/\/www.europesays.com\/es\/wp-json\/wp\/v2\/media\/12052"}],"wp:attachment":[{"href":"https:\/\/www.europesays.com\/es\/wp-json\/wp\/v2\/media?parent=12051"}],"wp:term":[{"taxonomy":"category","embeddable":true,"href":"https:\/\/www.europesays.com\/es\/wp-json\/wp\/v2\/categories?post=12051"},{"taxonomy":"post_tag","embeddable":true,"href":"https:\/\/www.europesays.com\/es\/wp-json\/wp\/v2\/tags?post=12051"}],"curies":[{"name":"wp","href":"https:\/\/api.w.org\/{rel}","templated":true}]}}