{"id":120515,"date":"2025-09-17T09:54:14","date_gmt":"2025-09-17T09:54:14","guid":{"rendered":"https:\/\/www.europesays.com\/es\/120515\/"},"modified":"2025-09-17T09:54:14","modified_gmt":"2025-09-17T09:54:14","slug":"black-flag-podria-incluir-un-polemico-cambio-en-el-sistema-de-combate","status":"publish","type":"post","link":"https:\/\/www.europesays.com\/es\/120515\/","title":{"rendered":"Black Flag podr\u00eda incluir un pol\u00e9mico cambio en el sistema de combate"},"content":{"rendered":"<p>El remake de <a title=\"Assassin\u2019s Creed IV: Black Flag\" href=\"https:\/\/www.larazon.es\/videojuegos\/assassins-creed-black-flag-nuevas-pistas-remake-inesperada-actualizacion_20250709686e30fb3c6d9a1f9470c9a7.html\" target=\"_blank\" rel=\"nofollow noopener\">Assassin\u2019s Creed IV: Black Flag<\/a> se perfila como <b>uno de los proyectos m\u00e1s ambiciosos de Ubisoft<\/b> para los pr\u00f3ximos a\u00f1os. Aunque a\u00fan no existe confirmaci\u00f3n oficial por parte de la compa\u00f1\u00eda, distintos informes y filtraciones se\u00f1alan que el t\u00edtulo se encuentra en desarrollo y que introducir\u00eda cambios significativos con respecto al juego original de 2013. La intenci\u00f3n ser\u00eda <b>acercar la experiencia a las mec\u00e1nicas de las entregas m\u00e1s recientes de la saga<\/b>, aquellas que han apostado por un formato m\u00e1s propio del rol de acci\u00f3n. Esto implicar\u00eda que el cl\u00e1sico protagonizado por Edward Kenway podr\u00eda abandonar parcialmente su estructura m\u00e1s lineal para adoptar <b>progresiones de personaje, sistemas de habilidades y un estilo de exploraci\u00f3n m\u00e1s profundo<\/b>, en l\u00ednea con lo visto en Origins o en la m\u00e1s reciente Assassin\u2019s Creed Shadows.<\/p>\n<p>El apartado narrativo tambi\u00e9n experimentar\u00eda ajustes. Seg\u00fan las filtraciones, <b>la historia de Kenway se expandir\u00eda para ofrecer un retrato m\u00e1s completo de su vida como pirata<\/b>, enriqueciendo la trama con nuevos matices y posiblemente integrando de manera m\u00e1s org\u00e1nica elementos que en la obra original quedaron en segundo plano. Esta direcci\u00f3n apunta a que Ubisoft busca mantener la esencia del carism\u00e1tico capit\u00e1n, pero dot\u00e1ndolo de mayor peso dram\u00e1tico y de <b>un contexto narrativo que encaje con la evoluci\u00f3n que ha tenido la franquicia<\/b> en la \u00faltima d\u00e9cada.<\/p>\n<p>Assassin&#8217;s Creed IV: Black apunta a regresar en 2026<\/p>\n<p>En cuanto a su lanzamiento, <b>las previsiones m\u00e1s s\u00f3lidas lo sit\u00faan en el primer trimestre de 2026<\/b>, lo que sugiere que el anuncio oficial podr\u00eda producirse en alguno de los grandes eventos de la industria durante 2025. La expectaci\u00f3n es alta, no solo por <b>el valor nost\u00e1lgico que representa Black Flag<\/b> para muchos jugadores, sino tambi\u00e9n por la curiosidad de ver c\u00f3mo se adapta una de las entregas m\u00e1s queridas al modelo moderno de la serie.<\/p>\n<p>El proceso de producci\u00f3n, sin embargo, no est\u00e1 exento de pol\u00e9mica. Recientemente trascendi\u00f3 que <b>el actor encargado de dar vida a Edward Kenway habr\u00eda revelado informaci\u00f3n sensible sobre el proyecto, lo que habr\u00eda provocado tensiones legales con Ubisoft<\/b>. M\u00e1s all\u00e1 de estas circunstancias, todo apunta a que la compa\u00f1\u00eda pretende recuperar un cl\u00e1sico atemporal y dotarlo de nueva vida, combinando la \u00e9pica naval que lo convirti\u00f3 en referente con las tendencias jugables que hoy definen a Assassin\u2019s Creed.<\/p>\n","protected":false},"excerpt":{"rendered":"El remake de Assassin\u2019s Creed IV: Black Flag se perfila como uno de los proyectos m\u00e1s ambiciosos de&hellip;\n","protected":false},"author":2,"featured_media":120516,"comment_status":"","ping_status":"","sticky":false,"template":"","format":"standard","meta":{"footnotes":""},"categories":[81],"tags":[119,123,124,25,24,117,121,122,23,118,120],"class_list":{"0":"post-120515","1":"post","2":"type-post","3":"status-publish","4":"format-standard","5":"has-post-thumbnail","7":"category-ciencia-y-tecnologia","8":"tag-ciencia","9":"tag-ciencia-y-tecnologia","10":"tag-cienciaytecnologia","11":"tag-es","12":"tag-espana","13":"tag-science","14":"tag-science-and-technology","15":"tag-scienceandtechnology","16":"tag-spain","17":"tag-technology","18":"tag-tecnologia"},"share_on_mastodon":{"url":"","error":""},"_links":{"self":[{"href":"https:\/\/www.europesays.com\/es\/wp-json\/wp\/v2\/posts\/120515","targetHints":{"allow":["GET"]}}],"collection":[{"href":"https:\/\/www.europesays.com\/es\/wp-json\/wp\/v2\/posts"}],"about":[{"href":"https:\/\/www.europesays.com\/es\/wp-json\/wp\/v2\/types\/post"}],"author":[{"embeddable":true,"href":"https:\/\/www.europesays.com\/es\/wp-json\/wp\/v2\/users\/2"}],"replies":[{"embeddable":true,"href":"https:\/\/www.europesays.com\/es\/wp-json\/wp\/v2\/comments?post=120515"}],"version-history":[{"count":0,"href":"https:\/\/www.europesays.com\/es\/wp-json\/wp\/v2\/posts\/120515\/revisions"}],"wp:featuredmedia":[{"embeddable":true,"href":"https:\/\/www.europesays.com\/es\/wp-json\/wp\/v2\/media\/120516"}],"wp:attachment":[{"href":"https:\/\/www.europesays.com\/es\/wp-json\/wp\/v2\/media?parent=120515"}],"wp:term":[{"taxonomy":"category","embeddable":true,"href":"https:\/\/www.europesays.com\/es\/wp-json\/wp\/v2\/categories?post=120515"},{"taxonomy":"post_tag","embeddable":true,"href":"https:\/\/www.europesays.com\/es\/wp-json\/wp\/v2\/tags?post=120515"}],"curies":[{"name":"wp","href":"https:\/\/api.w.org\/{rel}","templated":true}]}}