{"id":120517,"date":"2025-09-17T09:55:07","date_gmt":"2025-09-17T09:55:07","guid":{"rendered":"https:\/\/www.europesays.com\/es\/120517\/"},"modified":"2025-09-17T09:55:07","modified_gmt":"2025-09-17T09:55:07","slug":"energia-regalada-de-dia-y-picos-de-hasta-160-mwh-al-anochecer","status":"publish","type":"post","link":"https:\/\/www.europesays.com\/es\/120517\/","title":{"rendered":"energ\u00eda regalada de d\u00eda y picos de hasta 160 ?\/MWh al anochecer"},"content":{"rendered":"<p>As\u00ed lo ha explicado el m\u00e1ximo responsable de Tempos Energ\u00eda en su \u00faltimo an\u00e1lisis del mercado el\u00e9ctrico nacional, en el que la demanda peninsular ha alcanzado los 27.230 megavatios, un 6,9% menos que en julio. Seg\u00fan Aceituno, este descenso \u00abno logra absorber la fuerte generaci\u00f3n renovable, lo que ejerce presi\u00f3n bajista sobre los precios\u00bb. A su parecer, \u201cestamos ante un sistema sobrado de energ\u00eda: la demanda ya no es factor de tensi\u00f3n, sino de depresi\u00f3n\u201d.<\/p>\n<p>La fotovoltaica, pese a caer un 8,5% respecto a agosto, ha aportado una media de 14.199 megavatios entre las 8 y las 20 horas, con picos de m\u00e1s de 18.000 a mediod\u00eda. Desde la consultora energ\u00e9tica se\u00f1alan que su importante peso provoca excedentes diarios que expulsan del mercado a tecnolog\u00edas m\u00e1s caras, lo que explica los precios negativos.<\/p>\n<p><strong>Un mercado partido en dos<\/strong><br \/>Aceituno ha se\u00f1alado que \u00abla situaci\u00f3n cambia radicalmente al ponerse el sol\u00bb, ya que la llegada de la noche abre hueco en el sistema y dispara los precios. Seg\u00fan sus datos, la e\u00f3lica, con un repunte del 26,8% respecto a agosto (6.286 MW de media), amortigua parte de la tensi\u00f3n en las noches,\u00bb especialmente entre las 21 y las 23 horas\u00bb, cuando supera los 7.900 MW.<\/p>\n<p>Por el contrario, la hidr\u00e1ulica se ha desplomado un 11,4%, hasta los 2.190 MW, \u00abdejando sin apoyo al sistema\u00bb. Los ciclos combinados de gas redujeron un 23,5% su producci\u00f3n (3.566 MW), desplazados de las horas centrales, aunque siguen actuando como \u201ctecnolog\u00eda de emergencia\u201d en el tramo de 18 a 22 horas. De ah\u00ed nacen los picos de hasta 160 \u20ac\/MWh.<\/p>\n<p><strong>Perspectivas: oto\u00f1o como punto de inflexi\u00f3n<\/strong><br \/>Tempos Energ\u00eda prev\u00e9 que \u00abcon unas renovables fuertes y gas d\u00e9bil, el mercado mantendr\u00e1 una tendencia bajista\u00bb. No obstante, \u00abel escenario podr\u00eda cambiar en oto\u00f1o: menos horas de sol, m\u00e1s demanda t\u00e9rmica y un posible repunte del \u00edndice TTF del gas\u00bb. Y es que el precedente es claro: en noviembre de 2024, el precio medio super\u00f3 los 100 \u20ac\/MWh, el doble del actual.<\/p>\n","protected":false},"excerpt":{"rendered":"As\u00ed lo ha explicado el m\u00e1ximo responsable de Tempos Energ\u00eda en su \u00faltimo an\u00e1lisis del mercado el\u00e9ctrico nacional,&hellip;\n","protected":false},"author":2,"featured_media":120518,"comment_status":"","ping_status":"","sticky":false,"template":"","format":"standard","meta":{"footnotes":""},"categories":[80],"tags":[82,95,94,8109,5498,25,24,23,39804],"class_list":{"0":"post-120517","1":"post","2":"type-post","3":"status-publish","4":"format-standard","5":"has-post-thumbnail","7":"category-economia","8":"tag-business","9":"tag-economia","10":"tag-economy","11":"tag-el-periodismo-de-las-energias-limpias","12":"tag-energias-renovables","13":"tag-es","14":"tag-espana","15":"tag-spain","16":"tag-un-mercado-electrico-partido-en-dos-energia-regalada-de-dia-y-picos-de-hasta-160-mwh-al-anochecer"},"share_on_mastodon":{"url":"","error":""},"_links":{"self":[{"href":"https:\/\/www.europesays.com\/es\/wp-json\/wp\/v2\/posts\/120517","targetHints":{"allow":["GET"]}}],"collection":[{"href":"https:\/\/www.europesays.com\/es\/wp-json\/wp\/v2\/posts"}],"about":[{"href":"https:\/\/www.europesays.com\/es\/wp-json\/wp\/v2\/types\/post"}],"author":[{"embeddable":true,"href":"https:\/\/www.europesays.com\/es\/wp-json\/wp\/v2\/users\/2"}],"replies":[{"embeddable":true,"href":"https:\/\/www.europesays.com\/es\/wp-json\/wp\/v2\/comments?post=120517"}],"version-history":[{"count":0,"href":"https:\/\/www.europesays.com\/es\/wp-json\/wp\/v2\/posts\/120517\/revisions"}],"wp:featuredmedia":[{"embeddable":true,"href":"https:\/\/www.europesays.com\/es\/wp-json\/wp\/v2\/media\/120518"}],"wp:attachment":[{"href":"https:\/\/www.europesays.com\/es\/wp-json\/wp\/v2\/media?parent=120517"}],"wp:term":[{"taxonomy":"category","embeddable":true,"href":"https:\/\/www.europesays.com\/es\/wp-json\/wp\/v2\/categories?post=120517"},{"taxonomy":"post_tag","embeddable":true,"href":"https:\/\/www.europesays.com\/es\/wp-json\/wp\/v2\/tags?post=120517"}],"curies":[{"name":"wp","href":"https:\/\/api.w.org\/{rel}","templated":true}]}}