{"id":120525,"date":"2025-09-17T09:59:08","date_gmt":"2025-09-17T09:59:08","guid":{"rendered":"https:\/\/www.europesays.com\/es\/120525\/"},"modified":"2025-09-17T09:59:08","modified_gmt":"2025-09-17T09:59:08","slug":"el-balonmano-caja-rural-de-zamora-refuerza-su-area-psicodeportiva","status":"publish","type":"post","link":"https:\/\/www.europesays.com\/es\/120525\/","title":{"rendered":"El Balonmano Caja Rural de Zamora refuerza su \u00e1rea psicodeportiva"},"content":{"rendered":"<p class=\"ft-text ft-helper-align-justify\">El <strong>Balonmano Caja Rural de Zamora sigue dando pasos firmes en la construcci\u00f3n de un proyecto integral.<\/strong> \u00a0En esta l\u00ednea, el club ha firmado un convenio de colaboraci\u00f3n con Ver\u00f3nica Latuf, psic\u00f3loga deportiva de prestigio internacional, que trabajar\u00e1 con la entidad para potenciar el rendimiento y el bienestar de la plantilla.<\/p>\n<p class=\"ft-text ft-helper-align-justify\">Psic\u00f3loga deportiva, profesora de Educaci\u00f3n F\u00edsica y especialista en <strong>coaching deportivo y liderazgo<\/strong>, Latuf se encargar\u00e1 de dar apoyo al Club desde el \u00e1rea psicodeportiva. Su trabajo se centrar\u00e1 en <strong>evaluar las diferentes variables personales y deportivas que pueden influir en el desarrollo del jugador<\/strong>, facilitando herramientas para gestionar los aspectos <strong>biopsicosociales<\/strong> que acompa\u00f1an a la pr\u00e1ctica deportiva de alto nivel.<\/p>\n<p class=\"ft-text ft-helper-align-justify\">La propia Ver\u00f3nica Latuf apunt\u00f3, en declaraciones distribuidas por el BMZ, que \u201ces un placer poder colaborar con el Balonmano Zamora. Hoy en d\u00eda se sabe que, con el avance de la ciencia en el deporte, claramente todas las variables interfieren. Ya no basta con lo t\u00e9cnico y lo t\u00e1ctico, lo mental tambi\u00e9n interfiere.\u201d<\/p>\n<p class=\"ft-text ft-helper-align-justify\">Adem\u00e1s de su experiencia profesional, Ver\u00f3nica fue tambi\u00e9n jugadora internacional con la Selecci\u00f3n de Chile, lo que aportar\u00e1 al Balonmano Zamora una visi\u00f3n completa de la pr\u00e1ctica deportiva desde la competici\u00f3n de \u00e9lite hasta el acompa\u00f1amiento psicol\u00f3gico. Tambi\u00e9n colabora con la Selecci\u00f3n femenina de Chile, donde coincidi\u00f3 con Felipe Barrientos, actual segundo entrenador del primer equipo y t\u00e9cnico del filial, el Moralejo Selecci\u00f3n.<\/p>\n<p class=\"ft-text ft-helper-align-justify\">Con este convenio de colaboraci\u00f3n, el Balonmano Zamora refuerza su apuesta por un proyecto global que va m\u00e1s all\u00e1 de la pista, preocup\u00e1ndose por el crecimiento personal y deportivo de sus jugadores.<\/p>\n","protected":false},"excerpt":{"rendered":"El Balonmano Caja Rural de Zamora sigue dando pasos firmes en la construcci\u00f3n de un proyecto integral. \u00a0En&hellip;\n","protected":false},"author":2,"featured_media":120526,"comment_status":"","ping_status":"","sticky":false,"template":"","format":"standard","meta":{"footnotes":""},"categories":[278],"tags":[376,8224,8221,2434,2047,168,25,24,375,3703,2241,23,167,2946],"class_list":{"0":"post-120525","1":"post","2":"type-post","3":"status-publish","4":"format-standard","5":"has-post-thumbnail","7":"category-balonmano","8":"tag-balonmano","9":"tag-balonmano-zamora","10":"tag-caja","11":"tag-caja-rural-de-zamora","12":"tag-chile","13":"tag-deportes","14":"tag-es","15":"tag-espana","16":"tag-handball","17":"tag-refuerza","18":"tag-rural","19":"tag-spain","20":"tag-sports","21":"tag-zamora"},"share_on_mastodon":{"url":"","error":""},"_links":{"self":[{"href":"https:\/\/www.europesays.com\/es\/wp-json\/wp\/v2\/posts\/120525","targetHints":{"allow":["GET"]}}],"collection":[{"href":"https:\/\/www.europesays.com\/es\/wp-json\/wp\/v2\/posts"}],"about":[{"href":"https:\/\/www.europesays.com\/es\/wp-json\/wp\/v2\/types\/post"}],"author":[{"embeddable":true,"href":"https:\/\/www.europesays.com\/es\/wp-json\/wp\/v2\/users\/2"}],"replies":[{"embeddable":true,"href":"https:\/\/www.europesays.com\/es\/wp-json\/wp\/v2\/comments?post=120525"}],"version-history":[{"count":0,"href":"https:\/\/www.europesays.com\/es\/wp-json\/wp\/v2\/posts\/120525\/revisions"}],"wp:featuredmedia":[{"embeddable":true,"href":"https:\/\/www.europesays.com\/es\/wp-json\/wp\/v2\/media\/120526"}],"wp:attachment":[{"href":"https:\/\/www.europesays.com\/es\/wp-json\/wp\/v2\/media?parent=120525"}],"wp:term":[{"taxonomy":"category","embeddable":true,"href":"https:\/\/www.europesays.com\/es\/wp-json\/wp\/v2\/categories?post=120525"},{"taxonomy":"post_tag","embeddable":true,"href":"https:\/\/www.europesays.com\/es\/wp-json\/wp\/v2\/tags?post=120525"}],"curies":[{"name":"wp","href":"https:\/\/api.w.org\/{rel}","templated":true}]}}