{"id":120527,"date":"2025-09-17T10:00:07","date_gmt":"2025-09-17T10:00:07","guid":{"rendered":"https:\/\/www.europesays.com\/es\/120527\/"},"modified":"2025-09-17T10:00:07","modified_gmt":"2025-09-17T10:00:07","slug":"antonio-ferrera-sufre-grave-rotura-de-tendon-de-aquiles-y-pone-en-riesgo-su-temporada-2025","status":"publish","type":"post","link":"https:\/\/www.europesays.com\/es\/120527\/","title":{"rendered":"Antonio Ferrera sufre grave rotura de tend\u00f3n de Aquiles y pone en riesgo su temporada 2025"},"content":{"rendered":"<p><a title=\"Antonio Ferrera\" href=\"https:\/\/www.larazon.es\/tags\/antonio-ferrera\/\" target=\"_blank\" rel=\"nofollow noopener\">Antonio Ferrera<\/a> ha sufrido una <strong data-start=\"950\" data-end=\"997\">ruptura total del tend\u00f3n de Aquiles derecho<\/strong>, lesi\u00f3n que podr\u00eda marcar un punto de inflexi\u00f3n doloroso en su temporada 2025. Este grave percance ocurri\u00f3 en la plaza de Le\u00f3n, Guanajuato, mientras el torero espa\u00f1ol clavaba un par de banderillas invitado por El Zapata. Al pisar un desnivel del ruedo, sinti\u00f3 dolor inmediato acompa\u00f1ado de un crujido que ya presagiaba lo peor.<\/p>\n<p>La primera impresi\u00f3n apuntaba a que pudiera tratarse de algo derivado de <a title=\"la cornada sufrida en Bayona\" href=\"https:\/\/www.larazon.es\/cultura\/toros\/juan-castilla-antonio-ferrera-molina-heridos-gravedad-bayona-preparan-reaparecer_2025090368b841b9436dd03dd1475985.html\" target=\"_blank\" rel=\"nofollow noopener\">la cornada sufrida en Bayona<\/a>, pero los estudios \u2014radiograf\u00eda y resonancia magn\u00e9tica\u2014 dejaron claro que el da\u00f1o era mucho m\u00e1s serio. El diagn\u00f3stico: ruptura total, con una separaci\u00f3n de fibras de aproximadamente 5 cm por encima de la inserci\u00f3n en el calc\u00e1neo, adem\u00e1s de un hematoma.<\/p>\n<p>Desde <a title=\"el percance en Bayona\" href=\"https:\/\/www.larazon.es\/cultura\/toros\/juan-castilla-antonio-ferrera-molina-heridos-gravedad-bayona-preparan-reaparecer_2025090368b841b9436dd03dd1475985.html\" target=\"_blank\" rel=\"nofollow noopener\">el percance en Bayona<\/a>, <a title=\"Ferrera\" href=\"https:\/\/www.larazon.es\/tags\/antonio-ferrera\/\" target=\"_blank\" rel=\"nofollow noopener\">Ferrera<\/a> ha mantenido un ritmo de media docena de corridas entre Espa\u00f1a y M\u00e9xico; triunf\u00f3 en Aguascalientes cortando tres orejas y rabo, tore\u00f3 en Juriquilla, y ayer en Le\u00f3n consigui\u00f3 cortar un ap\u00e9ndice, antes de que la lesi\u00f3n lo obligara a parar.<\/p>\n<p>M\u00e9dicamente, una rotura total del tend\u00f3n de Aquiles es una de las lesiones m\u00e1s delicadas para cualquier persona que mantenga una actividad f\u00edsica de alto nivel. El protocolo habitual tras una intervenci\u00f3n incluye inmovilizaci\u00f3n con f\u00e9rula o bota ortop\u00e9dica durante <strong data-start=\"2482\" data-end=\"2500\">6 a 12 semanas<\/strong>, seguido de rehabilitaci\u00f3n para recuperar fuerza, movilidad y estabilidad. Se estima que el retorno a la actividad normal (y, en su caso, al nivel exigido por la tauromaquia) podr\u00eda tomar <strong data-start=\"2727\" data-end=\"2748\">entre 4 y 6 meses<\/strong>, o incluso m\u00e1s si los da\u00f1os son extensos. <\/p>\n<p><a title=\"Ferrera\" href=\"https:\/\/www.larazon.es\/tags\/antonio-ferrera\/\" target=\"_blank\" rel=\"nofollow noopener\">Ferrera<\/a> pasar\u00e1 revisi\u00f3n hoy por un ortopedista, que determinar\u00e1 el alcance definitivo de la lesi\u00f3n y el tiempo estimado de recuperaci\u00f3n. Los <strong data-start=\"3031\" data-end=\"3064\">pr\u00f3ximos compromisos taurinos<\/strong> que tiene anunciados el diestro extreme\u00f1o est\u00e1m fijados en Guadalajara, Yahualica, San Miguel de Allende, Tlahuelilpan, Ciudad Ju\u00e1rez y Morole\u00f3n.<\/p>\n<p>Para <a title=\"Ferrera\" href=\"https:\/\/www.larazon.es\/tags\/antonio-ferrera\/\" target=\"_blank\" rel=\"nofollow noopener\">Ferrera<\/a>, uno de los diestros m\u00e1s castigados por los toros en el escalaf\u00f3n actual, esta situaci\u00f3n demanda paciencia, un buen acompa\u00f1amiento m\u00e9dico y una recuperaci\u00f3n rigurosa para volver a pisar el albero con la misma seguridad.<\/p>\n","protected":false},"excerpt":{"rendered":"Antonio Ferrera ha sufrido una ruptura total del tend\u00f3n de Aquiles derecho, lesi\u00f3n que podr\u00eda marcar un punto&hellip;\n","protected":false},"author":2,"featured_media":120528,"comment_status":"","ping_status":"","sticky":false,"template":"","format":"standard","meta":{"footnotes":""},"categories":[277],"tags":[373,168,25,24,23,167,374],"class_list":{"0":"post-120527","1":"post","2":"type-post","3":"status-publish","4":"format-standard","5":"has-post-thumbnail","7":"category-toreo","8":"tag-bullfighting","9":"tag-deportes","10":"tag-es","11":"tag-espana","12":"tag-spain","13":"tag-sports","14":"tag-toreo"},"share_on_mastodon":{"url":"","error":""},"_links":{"self":[{"href":"https:\/\/www.europesays.com\/es\/wp-json\/wp\/v2\/posts\/120527","targetHints":{"allow":["GET"]}}],"collection":[{"href":"https:\/\/www.europesays.com\/es\/wp-json\/wp\/v2\/posts"}],"about":[{"href":"https:\/\/www.europesays.com\/es\/wp-json\/wp\/v2\/types\/post"}],"author":[{"embeddable":true,"href":"https:\/\/www.europesays.com\/es\/wp-json\/wp\/v2\/users\/2"}],"replies":[{"embeddable":true,"href":"https:\/\/www.europesays.com\/es\/wp-json\/wp\/v2\/comments?post=120527"}],"version-history":[{"count":0,"href":"https:\/\/www.europesays.com\/es\/wp-json\/wp\/v2\/posts\/120527\/revisions"}],"wp:featuredmedia":[{"embeddable":true,"href":"https:\/\/www.europesays.com\/es\/wp-json\/wp\/v2\/media\/120528"}],"wp:attachment":[{"href":"https:\/\/www.europesays.com\/es\/wp-json\/wp\/v2\/media?parent=120527"}],"wp:term":[{"taxonomy":"category","embeddable":true,"href":"https:\/\/www.europesays.com\/es\/wp-json\/wp\/v2\/categories?post=120527"},{"taxonomy":"post_tag","embeddable":true,"href":"https:\/\/www.europesays.com\/es\/wp-json\/wp\/v2\/tags?post=120527"}],"curies":[{"name":"wp","href":"https:\/\/api.w.org\/{rel}","templated":true}]}}