{"id":120529,"date":"2025-09-17T10:03:07","date_gmt":"2025-09-17T10:03:07","guid":{"rendered":"https:\/\/www.europesays.com\/es\/120529\/"},"modified":"2025-09-17T10:03:07","modified_gmt":"2025-09-17T10:03:07","slug":"bouzas-kostyuk-en-directo-espana-contra-ucrania-de-billie-jean-king-cup-hoy-en-vivo-online","status":"publish","type":"post","link":"https:\/\/www.europesays.com\/es\/120529\/","title":{"rendered":"Bouzas &#8211; Kostyuk, en directo: Espa\u00f1a contra Ucrania de Billie Jean King Cup hoy en vivo online"},"content":{"rendered":"<p class=\"ev-title\">Confirmado: \u00a1juega Badosa!<\/p>\n<p>\u00a1Ya es oficial! Paula Badosa s\u00ed disputar\u00e1 la eliminatoria de la Billie Jean King Cup. La espa\u00f1ola se medir\u00e1 en el segundo partido con la ucraniana Elina Svitolina. La eliminatoria la abrir\u00e1n Jessica Bouzas y Marta Kostyuk, y la compa\u00f1era de dobles de Cristina Bucsa ser\u00e1 Aliona Bolsova. Carla Su\u00e1rez puede hacer cambios antes de cada partido.<\/p>\n","protected":false},"excerpt":{"rendered":"Confirmado: \u00a1juega Badosa! \u00a1Ya es oficial! Paula Badosa s\u00ed disputar\u00e1 la eliminatoria de la Billie Jean King Cup.&hellip;\n","protected":false},"author":2,"featured_media":120530,"comment_status":"","ping_status":"","sticky":false,"template":"","format":"standard","meta":{"footnotes":""},"categories":[274],"tags":[168,25,24,23,167,327,326],"class_list":{"0":"post-120529","1":"post","2":"type-post","3":"status-publish","4":"format-standard","5":"has-post-thumbnail","7":"category-tenis","8":"tag-deportes","9":"tag-es","10":"tag-espana","11":"tag-spain","12":"tag-sports","13":"tag-tenis","14":"tag-tennis"},"share_on_mastodon":{"url":"","error":""},"_links":{"self":[{"href":"https:\/\/www.europesays.com\/es\/wp-json\/wp\/v2\/posts\/120529","targetHints":{"allow":["GET"]}}],"collection":[{"href":"https:\/\/www.europesays.com\/es\/wp-json\/wp\/v2\/posts"}],"about":[{"href":"https:\/\/www.europesays.com\/es\/wp-json\/wp\/v2\/types\/post"}],"author":[{"embeddable":true,"href":"https:\/\/www.europesays.com\/es\/wp-json\/wp\/v2\/users\/2"}],"replies":[{"embeddable":true,"href":"https:\/\/www.europesays.com\/es\/wp-json\/wp\/v2\/comments?post=120529"}],"version-history":[{"count":0,"href":"https:\/\/www.europesays.com\/es\/wp-json\/wp\/v2\/posts\/120529\/revisions"}],"wp:featuredmedia":[{"embeddable":true,"href":"https:\/\/www.europesays.com\/es\/wp-json\/wp\/v2\/media\/120530"}],"wp:attachment":[{"href":"https:\/\/www.europesays.com\/es\/wp-json\/wp\/v2\/media?parent=120529"}],"wp:term":[{"taxonomy":"category","embeddable":true,"href":"https:\/\/www.europesays.com\/es\/wp-json\/wp\/v2\/categories?post=120529"},{"taxonomy":"post_tag","embeddable":true,"href":"https:\/\/www.europesays.com\/es\/wp-json\/wp\/v2\/tags?post=120529"}],"curies":[{"name":"wp","href":"https:\/\/api.w.org\/{rel}","templated":true}]}}