{"id":120547,"date":"2025-09-17T10:14:08","date_gmt":"2025-09-17T10:14:08","guid":{"rendered":"https:\/\/www.europesays.com\/es\/120547\/"},"modified":"2025-09-17T10:14:08","modified_gmt":"2025-09-17T10:14:08","slug":"una-bufanda-historica-para-nuestros-abonados-web-oficial-del-unicaja-baloncesto","status":"publish","type":"post","link":"https:\/\/www.europesays.com\/es\/120547\/","title":{"rendered":"Una bufanda hist\u00f3rica para nuestros abonados \/ Web Oficial del Unicaja Baloncesto"},"content":{"rendered":"<p>La afici\u00f3n del Unicaja vivi\u00f3 junto a su equipo en el curso 2024\/25 algo nunca visto antes, ganar 4 t\u00edtulos en una temporada. Para conmemorar este hito y para poner en valor la uni\u00f3n que se consigui\u00f3 entre equipo y afici\u00f3n, el Club ha realizado una bufanda que celebra los 4 t\u00edtulos y que va a regalar a los abonados de esta temporada 2025\/26.<\/p>\n<p>\u00a0<\/p>\n<p>En el dise\u00f1o est\u00e1 presente el lema \u00abUn Unicaja Hist\u00f3rico\u00bb, con el dibujo de los trofeos que se ganaron la pasada temporada, Copa FIBA Intercontinental, Supercopa Endesa, Copa del Rey y Basketball\u00a0Champions League. Es un gesto con el que el Club quiere agradecer la fidelidad y compromiso de nuestros aficionados.<\/p>\n<p>\u00a0<\/p>\n<p>La bufanda exclusiva la podr\u00e1n recoger nuestros abonados para esta temporada 2025-26 en la Tienda de Los Guindos. Para una mayor agilidad en el reparto y para facilitar la recogida de este hist\u00f3rico regalo, se van a establecer distintos d\u00edas repartiendo a los abonados por orden alfab\u00e9tico:<\/p>\n<ul>\n<li>\n<p>Jueves 18 sept: Abonados cuyo primer apellido empiece por A-B<\/p>\n<\/li>\n<li>\n<p>Viernes 19 sept: Abonados cuyo primer apellido empiece\u00a0por C<\/p>\n<\/li>\n<li>\n<p>S\u00e1bado 20 sept: Abonados cuyo primer apellido empiece por D-E-F<\/p>\n<\/li>\n<li>\n<p>Lunes 22 sept: Abonados cuyo primer apellido empiece por G<\/p>\n<\/li>\n<li>\n<p>Martes 23 sept: Abonados cuyo primer apellido empiece por H-I-J-K-L<\/p>\n<\/li>\n<li>\n<p>Mi\u00e9rcoles 24 sept: Abonados cuyo primer apellido empiecen por M<\/p>\n<\/li>\n<li>\n<p>Jueves 25 sept: Abonados cuyo primer apellido empiece por N-O-P-Q<\/p>\n<\/li>\n<li>\n<p>Viernes 26 sept: Abonados cuyo primer apellido empiece por R<\/p>\n<\/li>\n<li>\n<p>S\u00e1bado 27 sept: Abonados cuyo primer apellido empiece por S-T-U-V-W-X-Y-Z<\/p>\n<\/li>\n<\/ul>\n<p>\u00a0<\/p>\n<p>          <img decoding=\"async\" alt=\"\"  src=\"https:\/\/www.europesays.com\/es\/wp-content\/uploads\/2025\/09\/476925_44.jpg\"\/><\/p>\n<p>               El horario de recogida en la Tienda de Los Guindos ser\u00e1 de 10 a 20 horas de forma ininterrumpida, con la excepci\u00f3n del s\u00e1bado 27 de septiembre, d\u00eda en el que el equipo disputa la semifinal de la Supercopa Endesa, que se har\u00e1 la entrega de 10 a 17 horas.<\/p>\n<p>\u00a0<\/p>\n<p>Para recoger la bufanda conmemorativa, los abonados 2025-26 deber\u00e1n presentar su abono, ya sea la tarjeta f\u00edsica\u00a0o el passbook\u00a0digital, que se puede descargar en el m\u00f3vil desde el perfil web de abonado. Adem\u00e1s, es importante remarcar que en el caso de querer recoger la bufanda de otro abonado, familiar o amigo, deber\u00e1 presentar la tarjeta o passbook\u00a0de esa persona. Los abonos a nombre de empresas quedan excluidos de este reparto en la tienda, destinado a nuestros aficionados.<\/p>\n<p>\u00a0<\/p>\n<p>Los abonados que por circunstancias personales no puedan recoger las bufandas en las fechas establecidas podr\u00e1n pasar por la Tienda de Los Guindos el lunes 29 de septiembre y el martes 30 de septiembre, en el horario habitual de atenci\u00f3n al p\u00fablico (de 10 a 14 h. y de 17 a 20 h.)<\/p>\n<p>\u00a0<\/p>\n<p>Esta bufanda con la que el Club va a premiar a los abonados es un gesto para que una temporada inolvidable de 4 t\u00edtulos est\u00e9 presente en la memoria colectiva de nuestros abonados. Y tambi\u00e9n para poner en valor la gesta conseguida y sirva de combustible para afrontar con la m\u00e1xima ilusi\u00f3n una nueva temporada viviendo los partidos del Unicaja, ya sea en el Mart\u00edn Carpena\u00a0o en cualquier pabell\u00f3n en el que juegue nuestro equipo.<\/p>\n","protected":false},"excerpt":{"rendered":"La afici\u00f3n del Unicaja vivi\u00f3 junto a su equipo en el curso 2024\/25 algo nunca visto antes, ganar&hellip;\n","protected":false},"author":2,"featured_media":120548,"comment_status":"","ping_status":"","sticky":false,"template":"","format":"standard","meta":{"footnotes":""},"categories":[93],"tags":[168,25,24,10,23,167,39808,10661],"class_list":{"0":"post-120547","1":"post","2":"type-post","3":"status-publish","4":"format-standard","5":"has-post-thumbnail","7":"category-deportes","8":"tag-deportes","9":"tag-es","10":"tag-espana","11":"tag-noticias","12":"tag-spain","13":"tag-sports","14":"tag-una-bufanda-historica-para-nuestros-abonados","15":"tag-unicaja-baloncesto"},"share_on_mastodon":{"url":"","error":""},"_links":{"self":[{"href":"https:\/\/www.europesays.com\/es\/wp-json\/wp\/v2\/posts\/120547","targetHints":{"allow":["GET"]}}],"collection":[{"href":"https:\/\/www.europesays.com\/es\/wp-json\/wp\/v2\/posts"}],"about":[{"href":"https:\/\/www.europesays.com\/es\/wp-json\/wp\/v2\/types\/post"}],"author":[{"embeddable":true,"href":"https:\/\/www.europesays.com\/es\/wp-json\/wp\/v2\/users\/2"}],"replies":[{"embeddable":true,"href":"https:\/\/www.europesays.com\/es\/wp-json\/wp\/v2\/comments?post=120547"}],"version-history":[{"count":0,"href":"https:\/\/www.europesays.com\/es\/wp-json\/wp\/v2\/posts\/120547\/revisions"}],"wp:featuredmedia":[{"embeddable":true,"href":"https:\/\/www.europesays.com\/es\/wp-json\/wp\/v2\/media\/120548"}],"wp:attachment":[{"href":"https:\/\/www.europesays.com\/es\/wp-json\/wp\/v2\/media?parent=120547"}],"wp:term":[{"taxonomy":"category","embeddable":true,"href":"https:\/\/www.europesays.com\/es\/wp-json\/wp\/v2\/categories?post=120547"},{"taxonomy":"post_tag","embeddable":true,"href":"https:\/\/www.europesays.com\/es\/wp-json\/wp\/v2\/tags?post=120547"}],"curies":[{"name":"wp","href":"https:\/\/api.w.org\/{rel}","templated":true}]}}