{"id":120549,"date":"2025-09-17T10:15:13","date_gmt":"2025-09-17T10:15:13","guid":{"rendered":"https:\/\/www.europesays.com\/es\/120549\/"},"modified":"2025-09-17T10:15:13","modified_gmt":"2025-09-17T10:15:13","slug":"el-calor-extremo-desafia-a-las-empresas-como-mantener-la-productividad-sin-disparar-la-factura-energetica-noticias-de-castilla-la-mancha","status":"publish","type":"post","link":"https:\/\/www.europesays.com\/es\/120549\/","title":{"rendered":"El calor extremo desaf\u00eda a las empresas: c\u00f3mo mantener la productividad sin disparar la factura energ\u00e9tica &#8211; Noticias de Castilla-La Mancha"},"content":{"rendered":"\n<p>El verano de 2025 est\u00e1 dejando cifras r\u00e9cord en buena parte de Espa\u00f1a. Las olas de calor se han convertido en un fen\u00f3meno recurrente que ya no sorprende, pero s\u00ed preocupa. Durante varias semanas, Castilla-La Mancha ha registrado temperaturas por encima de los 40 grados, un escenario que no solo afecta a la vida cotidiana de los ciudadanos, sino tambi\u00e9n al tejido empresarial.<\/p>\n<p>Para muchas compa\u00f1\u00edas con grandes naves industriales, almacenes log\u00edsticos o instalaciones de producci\u00f3n, trabajar en estas condiciones supone un reto doble: garantizar la seguridad y el bienestar de sus empleados, y a la vez contener un gasto energ\u00e9tico que no deja de crecer.<\/p>\n<p> Estr\u00e9s t\u00e9rmico y p\u00e9rdida de productividad <\/p>\n<p>El calor extremo tiene consecuencias directas sobre las personas. En el \u00e1mbito laboral, el llamado <strong>estr\u00e9s t\u00e9rmico<\/strong> \u2014ese malestar f\u00edsico y mental provocado por una exposici\u00f3n prolongada a temperaturas elevadas\u2014 puede derivar en mareos, fatiga o incluso golpes de calor. El Instituto Nacional de Seguridad y Salud en el Trabajo advierte de que las olas de calor elevan el riesgo de accidentes laborales, incrementan las bajas m\u00e9dicas y reducen el rendimiento de los empleados.<\/p>\n<p>En sectores como la log\u00edstica, la agroalimentaci\u00f3n o la automoci\u00f3n, donde el ritmo de trabajo es constante y las naves suelen tener techos muy altos, el calor acumulado se convierte en un enemigo silencioso. Adem\u00e1s, los sistemas tradicionales de climatizaci\u00f3n, dise\u00f1ados para oficinas o espacios cerrados m\u00e1s peque\u00f1os, resultan poco eficientes en superficies de miles de metros cuadrados.<\/p>\n<p>El resultado es conocido: facturas de electricidad disparadas y una huella de carbono cada vez m\u00e1s dif\u00edcil de justificar en un contexto en el que la sostenibilidad ya no es opcional, sino una exigencia social y regulatoria.<\/p>\n<p> <a href=\"https:\/\/smartfan.es\/ventiladores-industriales\/\" rel=\"nofollow noopener\" target=\"_blank\">Ventiladores industriales para naves<\/a>: una soluci\u00f3n eficiente y sostenible <img decoding=\"async\" class=\"image iccms-gallery-fw-1195 iccms-gallery-fh-568 lazy\" src=\"https:\/\/www.europesays.com\/es\/wp-content\/uploads\/2025\/09\/1a9a9a4cd8b18fd5d5ae7599bee660c3.jpg\" title=\"\" alt=\"\"\/> <\/p>\n<p>Frente a este panorama, empresas especializadas en ventilaci\u00f3n industrial, como <strong>Smart Fan<\/strong>, est\u00e1n ofreciendo una alternativa innovadora: los <strong>ventiladores HVLS (High Volume, Low Speed)<\/strong>. Su funcionamiento es sencillo pero muy eficaz: gracias a aspas de gran di\u00e1metro, son capaces de mover enormes vol\u00famenes de aire a bajas revoluciones, generando una brisa constante y uniforme que reduce la sensaci\u00f3n t\u00e9rmica en hasta 6\u00baC.<\/p>\n<p>La diferencia frente a los ventiladores convencionales o al aire acondicionado radica en la escala y en la eficiencia. Un \u00fanico ventilador HVLS puede cubrir superficies de m\u00e1s de mil metros cuadrados con un consumo el\u00e9ctrico muy bajo. En verano, permiten disminuir la carga t\u00e9rmica de los equipos de climatizaci\u00f3n hasta en un <strong>35%<\/strong>, mientras que en invierno, invirtiendo el sentido de giro de las aspas, ayudan a redistribuir el aire caliente acumulado en los techos, logrando ahorros de calefacci\u00f3n de hasta un <strong>45%<\/strong>.<\/p>\n<p>Es decir, no solo combaten el calor extremo, sino que tambi\u00e9n favorecen el <strong>ahorro energ\u00e9tico anual<\/strong>, la <strong>reducci\u00f3n de emisiones de CO\u2082<\/strong> y la mejora del confort laboral durante todo el a\u00f1o.<\/p>\n<p> Aplicaciones en sectores clave <\/p>\n<p>Las olas de calor no afectan por igual a todos los sectores, pero s\u00ed tienen un impacto com\u00fan: dificultan la continuidad del trabajo en condiciones seguras. Los ventiladores para naves industriales est\u00e1n demostrando ser una herramienta clave en distintos \u00e1mbitos:<\/p>\n<ul>\n<li><strong>Log\u00edstica y distribuci\u00f3n<\/strong>: en almacenes de gran altura, evitan la estratificaci\u00f3n t\u00e9rmica y mantienen una temperatura m\u00e1s homog\u00e9nea en todo el espacio.<\/li>\n<li><strong>Industria agroalimentaria<\/strong>: ayudan a conservar frutas, verduras y productos frescos, evitando p\u00e9rdidas de calidad y reduciendo el riesgo de condensaci\u00f3n.<\/li>\n<li><strong>Talleres y f\u00e1bricas<\/strong>: eliminan la sensaci\u00f3n de bochorno, mejoran la calidad del aire y reducen gases acumulados.<\/li>\n<li><strong>Deporte y ocio<\/strong>: en gimnasios e instalaciones deportivas, optimizan el confort de usuarios y trabajadores.<\/li>\n<li><strong>Espacios p\u00fablicos y comerciales<\/strong>: permiten ofrecer una experiencia m\u00e1s agradable a clientes sin depender \u00fanicamente del aire acondicionado.<\/li>\n<\/ul>\n<p>En todos los casos, el beneficio va m\u00e1s all\u00e1 del ahorro econ\u00f3mico. Se trata tambi\u00e9n de crear entornos de trabajo m\u00e1s seguros, de retener talento en sectores donde la rotaci\u00f3n laboral es alta y de demostrar un compromiso real con la sostenibilidad.<\/p>\n<p> Un cambio necesario en la cultura empresarial <\/p>\n<p>El debate sobre c\u00f3mo afrontar las olas de calor no se limita al \u00e1mbito dom\u00e9stico. Las empresas deben adaptarse a un contexto en el que los fen\u00f3menos clim\u00e1ticos extremos ser\u00e1n cada vez m\u00e1s frecuentes. Apostar por soluciones como los ventiladores HVLS implica <strong>pensar en el largo plazo<\/strong>: reducir costes, cuidar la salud de los trabajadores y minimizar el impacto ambiental de la actividad.<\/p>\n<p>En palabras de expertos en ventilaci\u00f3n industrial, \u201ccada grado de temperatura cuenta\u201d. La instalaci\u00f3n de un sistema de ventilaci\u00f3n eficiente puede suponer la diferencia entre una nave productiva y una instalaci\u00f3n que pierde competitividad por no poder garantizar unas condiciones laborales adecuadas.<\/p>\n<p>En un momento en el que la sostenibilidad se ha convertido en un criterio decisivo para acceder a ayudas p\u00fablicas, atraer inversi\u00f3n o simplemente mantener la licencia social para operar, integrar tecnolog\u00edas eficientes deja de ser una opci\u00f3n para convertirse en una obligaci\u00f3n.<\/p>\n<p> Mirando al futuro <\/p>\n<p>La realidad es clara: las olas de calor seguir\u00e1n marcando la agenda estival en Espa\u00f1a. Adaptarse no es solo una cuesti\u00f3n de supervivencia clim\u00e1tica, sino tambi\u00e9n de estrategia empresarial. Los ventiladores HVLS ofrecen una v\u00eda inteligente y eficaz para que las empresas puedan trabajar con normalidad incluso en los veranos m\u00e1s extremos, sin que ello suponga un coste insostenible ni para su cuenta de resultados ni para el planeta.<\/p>\n<p>En este contexto, soluciones como las que propone Smart Fan se consolidan como una apuesta segura para quienes buscan proteger a su equipo humano, garantizar la continuidad del negocio y avanzar hacia un modelo productivo m\u00e1s sostenible.<\/p>\n","protected":false},"excerpt":{"rendered":"El verano de 2025 est\u00e1 dejando cifras r\u00e9cord en buena parte de Espa\u00f1a. Las olas de calor se&hellip;\n","protected":false},"author":2,"featured_media":120550,"comment_status":"","ping_status":"","sticky":false,"template":"","format":"standard","meta":{"footnotes":""},"categories":[92],"tags":[4922,11578,16860,2308,15334,25,24,8868,5848,165,877,2640,166,23],"class_list":{"0":"post-120549","1":"post","2":"type-post","3":"status-publish","4":"format-standard","5":"has-post-thumbnail","7":"category-salud","8":"tag-calor","9":"tag-desafia","10":"tag-disparar","11":"tag-empresas","12":"tag-energetica","13":"tag-es","14":"tag-espana","15":"tag-extremo","16":"tag-factura","17":"tag-health","18":"tag-mantener","19":"tag-productividad","20":"tag-salud","21":"tag-spain"},"share_on_mastodon":{"url":"","error":""},"_links":{"self":[{"href":"https:\/\/www.europesays.com\/es\/wp-json\/wp\/v2\/posts\/120549","targetHints":{"allow":["GET"]}}],"collection":[{"href":"https:\/\/www.europesays.com\/es\/wp-json\/wp\/v2\/posts"}],"about":[{"href":"https:\/\/www.europesays.com\/es\/wp-json\/wp\/v2\/types\/post"}],"author":[{"embeddable":true,"href":"https:\/\/www.europesays.com\/es\/wp-json\/wp\/v2\/users\/2"}],"replies":[{"embeddable":true,"href":"https:\/\/www.europesays.com\/es\/wp-json\/wp\/v2\/comments?post=120549"}],"version-history":[{"count":0,"href":"https:\/\/www.europesays.com\/es\/wp-json\/wp\/v2\/posts\/120549\/revisions"}],"wp:featuredmedia":[{"embeddable":true,"href":"https:\/\/www.europesays.com\/es\/wp-json\/wp\/v2\/media\/120550"}],"wp:attachment":[{"href":"https:\/\/www.europesays.com\/es\/wp-json\/wp\/v2\/media?parent=120549"}],"wp:term":[{"taxonomy":"category","embeddable":true,"href":"https:\/\/www.europesays.com\/es\/wp-json\/wp\/v2\/categories?post=120549"},{"taxonomy":"post_tag","embeddable":true,"href":"https:\/\/www.europesays.com\/es\/wp-json\/wp\/v2\/tags?post=120549"}],"curies":[{"name":"wp","href":"https:\/\/api.w.org\/{rel}","templated":true}]}}