{"id":120555,"date":"2025-09-17T10:19:09","date_gmt":"2025-09-17T10:19:09","guid":{"rendered":"https:\/\/www.europesays.com\/es\/120555\/"},"modified":"2025-09-17T10:19:09","modified_gmt":"2025-09-17T10:19:09","slug":"trump-realiza-una-visita-de-estado-al-reino-unido-en-vivo-noticias-reacciones-y-mas","status":"publish","type":"post","link":"https:\/\/www.europesays.com\/es\/120555\/","title":{"rendered":"Trump realiza una visita de Estado al Reino Unido, en vivo: noticias, reacciones y m\u00e1s"},"content":{"rendered":"<p>       <img decoding=\"async\" src=\"https:\/\/media.cnn.com\/api\/v1\/images\/stellar\/prod\/ls-2-20250917062140055.jpg?c=original&amp;q=w_1280,c_fill\/f_avif\" alt=\"El alcalde de Londres, Sir Sadiq Khan, habla con agentes de polic\u00eda en Londres el 30 de julio de 2025.\" class=\"image__dam-img image__dam-img--loading\" onload=\"this.classList.remove('image__dam-img--loading')\" onerror=\"imageLoadError(this)\" height=\"853\" width=\"1280\" loading=\"lazy\"\/><\/p>\n<p class=\"paragraph inline-placeholder vossi-paragraph\" data-uri=\"es.cms.cnn.com\/_components\/paragraph\/instances\/cmfnl97s1000j356ni9ogrq0n@published\" data-editable=\"text\" data-component-name=\"paragraph\" data-article-gutter=\"true\">\n            El alcalde de Londres, Sadiq Khan, denunci\u00f3 las t\u00e1cticas \u201cdivisivas\u201d de Donald Trump en un art\u00edculo de opini\u00f3n publicado cuando el presidente de EE.UU. lleg\u00f3 al Reino Unido para una visita de Estado.\n    <\/p>\n<p class=\"paragraph inline-placeholder vossi-paragraph\" data-uri=\"es.cms.cnn.com\/_components\/paragraph\/instances\/cmfnlgswv000v356nltnq93ne@published\" data-editable=\"text\" data-component-name=\"paragraph\" data-article-gutter=\"true\">\n            \u201cEl presidente Donald Trump y su camarilla son quiz\u00e1s quienes m\u00e1s han contribuido a avivar las llamas de la pol\u00edtica divisiva y de extrema derecha en todo el mundo en los \u00faltimos a\u00f1os\u201d, escribi\u00f3 Khan en <a href=\"https:\/\/www.theguardian.com\/commentisfree\/2025\/sep\/16\/far-right-march-londoners-donald-trump-politics\" target=\"_blank\" rel=\"nofollow noopener\">el art\u00edculo<\/a> publicado anoche en The Guardian.\n    <\/p>\n<p class=\"paragraph inline-placeholder vossi-paragraph\" data-uri=\"es.cms.cnn.com\/_components\/paragraph\/instances\/cmfnlgswv000w356nn40dp0yf@published\" data-editable=\"text\" data-component-name=\"paragraph\" data-article-gutter=\"true\">\n            Khan dijo que la Casa Blanca emple\u00f3 t\u00e1cticas \u201csacadas directamente del libro de jugadas del aut\u00f3crata\u201d.\n    <\/p>\n<p class=\"paragraph inline-placeholder vossi-paragraph\" data-uri=\"es.cms.cnn.com\/_components\/paragraph\/instances\/cmfnlgswv000x356nzdo2w8ak@published\" data-editable=\"text\" data-component-name=\"paragraph\" data-article-gutter=\"true\">\n            Tales acciones, seg\u00fan Kahn, incluyen \u201cconvertir a minor\u00edas en chivos expiatorios, deportar ilegalmente a ciudadanos estadounidenses\u201d y \u201cdesplegar militares en las calles de diversas ciudades\u201d.\n    <\/p>\n<p class=\"paragraph inline-placeholder vossi-paragraph\" data-uri=\"es.cms.cnn.com\/_components\/paragraph\/instances\/cmfnlgswv000y356nfij1bfxz@published\" data-editable=\"text\" data-component-name=\"paragraph\" data-article-gutter=\"true\">\n            <strong>Algunos antecedentes:<\/strong> Khan, miembro del Partido Laborista brit\u00e1nico, ha criticado con frecuencia las pol\u00edticas y la ret\u00f3rica de Trump. En una discusi\u00f3n en 2019, Trump lo <a href=\"https:\/\/nam11.safelinks.protection.outlook.com\/?url=https%3A%2F%2Fwww.cnn.com%2F2019%2F06%2F02%2Fpolitics%2Ftrump-protocol-uk-visit%2Findex.html&amp;data=05%7C02%7Cdeva.lee%40cnn.com%7C3de23d4907d94c5d605008ddf5990994%7C0eb48825e8714459bc72d0ecd68f1f39%7C0%7C0%7C638936760021285854%7CUnknown%7CTWFpbGZsb3d8eyJFbXB0eU1hcGkiOnRydWUsIlYiOiIwLjAuMDAwMCIsIlAiOiJXaW4zMiIsIkFOIjoiTWFpbCIsIldUIjoyfQ%3D%3D%7C0%7C%7C%7C&amp;sdata=pxJLugGnusvhUx8LFJxXThuFofh6X17T4a46i1uBdRQ%3D&amp;reserved=0\" target=\"_blank\" rel=\"nofollow noopener\">llam\u00f3<\/a> un \u201cperdedor absoluto\u201d despu\u00e9s de que el alcalde criticara la decisi\u00f3n de Reino Unido de invitarlo a una visita de Estado.\n    <\/p>\n<p class=\"paragraph inline-placeholder vossi-paragraph\" data-uri=\"es.cms.cnn.com\/_components\/paragraph\/instances\/cmfnlgswv000z356n9a6jj34r@published\" data-editable=\"text\" data-component-name=\"paragraph\" data-article-gutter=\"true\">\n            En el art\u00edculo de opini\u00f3n, Khan escribi\u00f3 que la \u201crelaci\u00f3n especial\u201d entre el Reino Unido y los EE. UU. deber\u00eda significar \u201cser abiertos y honestos entre s\u00ed\u201d y que \u201ca veces, esto significa ser un amigo cr\u00edtico y decir la verdad al poder, y ser claro en que rechazamos la pol\u00edtica del miedo y la divisi\u00f3n\u201d.\n    <\/p>\n<p class=\"paragraph inline-placeholder vossi-paragraph\" data-uri=\"es.cms.cnn.com\/_components\/paragraph\/instances\/cmfnlgswv0010356nz28kx114@published\" data-editable=\"text\" data-component-name=\"paragraph\" data-article-gutter=\"true\">\n            Durante el fin de semana, m\u00e1s de 110.000 <a href=\"https:\/\/nam11.safelinks.protection.outlook.com\/?url=https%3A%2F%2Fedition.cnn.com%2F2025%2F09%2F13%2Feurope%2Ffar-right-anti-immigration-protests-london-intl&amp;data=05%7C02%7Cdeva.lee%40cnn.com%7C3de23d4907d94c5d605008ddf5990994%7C0eb48825e8714459bc72d0ecd68f1f39%7C0%7C0%7C638936760021307948%7CUnknown%7CTWFpbGZsb3d8eyJFbXB0eU1hcGkiOnRydWUsIlYiOiIwLjAuMDAwMCIsIlAiOiJXaW4zMiIsIkFOIjoiTWFpbCIsIldUIjoyfQ%3D%3D%7C0%7C%7C%7C&amp;sdata=cJbcsPc%2F9qDoNRhbKKhEA%2FnG1ncqbNuqBBId1fuxf0g%3D&amp;reserved=0\" target=\"_blank\" rel=\"nofollow noopener\">personas salieron a las calles<\/a> de Londres durante las protestas de extrema derecha contra la inmigraci\u00f3n. Este s\u00e1bado, en una manifestaci\u00f3n de extrema derecha, <a href=\"https:\/\/nam11.safelinks.protection.outlook.com\/?url=https%3A%2F%2Fedition.cnn.com%2F2025%2F09%2F14%2Fuk%2Felon-musk-uk-government-far-right-rally-intl%3Fcid%3Dios_app&amp;data=05%7C02%7Cdeva.lee%40cnn.com%7C3de23d4907d94c5d605008ddf5990994%7C0eb48825e8714459bc72d0ecd68f1f39%7C0%7C0%7C638936760021322843%7CUnknown%7CTWFpbGZsb3d8eyJFbXB0eU1hcGkiOnRydWUsIlYiOiIwLjAuMDAwMCIsIlAiOiJXaW4zMiIsIkFOIjoiTWFpbCIsIldUIjoyfQ%3D%3D%7C0%7C%7C%7C&amp;sdata=LCqf82E29oPNMcOwfd6yVhhsNEnG4uNeKPVhgYRP1Sc%3D&amp;reserved=0\" target=\"_blank\" rel=\"nofollow noopener\">el multimillonario Elon Musk<\/a> declar\u00f3 virtualmente que el Reino Unido necesita un \u201ccambio de gobierno revolucionario\u201d y le dijo a la multitud: \u201cO luchas o mueres\u201d.\n    <\/p>\n<p class=\"paragraph inline-placeholder vossi-paragraph\" data-uri=\"es.cms.cnn.com\/_components\/paragraph\/instances\/cmfnlgswv0011356n7erknzc8@published\" data-editable=\"text\" data-component-name=\"paragraph\" data-article-gutter=\"true\">\n            Khan pidi\u00f3 a los l\u00edderes del Reino Unido que se manifestasen contra lo que \u00e9l llam\u00f3 pol\u00edtica t\u00f3xica.\n    <\/p>\n<p class=\"paragraph inline-placeholder vossi-paragraph\" data-uri=\"es.cms.cnn.com\/_components\/paragraph\/instances\/cmfnlgswv0012356ny0nyrgh0@published\" data-editable=\"text\" data-component-name=\"paragraph\" data-article-gutter=\"true\">\n            \u201cDebemos unirnos para enfrentar a los populistas y nativistas reaccionarios que se aprovechan de las preocupaciones econ\u00f3micas, la atomizaci\u00f3n de la vida moderna y una creciente desconfianza en las instituciones pol\u00edticas y medi\u00e1ticas, algo que hemos visto en pa\u00edses de toda Europa y, por supuesto, en Estados Unidos\u201d.\n    <\/p>\n","protected":false},"excerpt":{"rendered":"El alcalde de Londres, Sadiq Khan, denunci\u00f3 las t\u00e1cticas \u201cdivisivas\u201d de Donald Trump en un art\u00edculo de opini\u00f3n&hellip;\n","protected":false},"author":2,"featured_media":120556,"comment_status":"","ping_status":"","sticky":false,"template":"","format":"standard","meta":{"footnotes":""},"categories":[42],"tags":[17,18,352,13,14,11,61,62,63,64,19,20,19628,9,10,15,16,39811,39810,2444,22286,18822,12,21,22,39809,65,66,67],"class_list":{"0":"post-120555","1":"post","2":"type-post","3":"status-publish","4":"format-standard","5":"has-post-thumbnail","7":"category-internacional","8":"tag-breaking-news","9":"tag-breakingnews","10":"tag-donald-trump","11":"tag-featured-news","12":"tag-featurednews","13":"tag-headlines","14":"tag-internacional","15":"tag-international","16":"tag-international-news","17":"tag-internationalnews","18":"tag-latest-news","19":"tag-latestnews","20":"tag-melania-trump","21":"tag-news","22":"tag-noticias","23":"tag-noticias-destacadas","24":"tag-noticiasdestacadas","25":"tag-princesa-kate","26":"tag-reina-camila","27":"tag-reino-unido","28":"tag-rey-carlos-iii","29":"tag-starmer","30":"tag-titulares","31":"tag-ultimas-noticias","32":"tag-ultimasnoticias","33":"tag-visita-de-estado","34":"tag-world","35":"tag-world-news","36":"tag-worldnews"},"share_on_mastodon":{"url":"","error":""},"_links":{"self":[{"href":"https:\/\/www.europesays.com\/es\/wp-json\/wp\/v2\/posts\/120555","targetHints":{"allow":["GET"]}}],"collection":[{"href":"https:\/\/www.europesays.com\/es\/wp-json\/wp\/v2\/posts"}],"about":[{"href":"https:\/\/www.europesays.com\/es\/wp-json\/wp\/v2\/types\/post"}],"author":[{"embeddable":true,"href":"https:\/\/www.europesays.com\/es\/wp-json\/wp\/v2\/users\/2"}],"replies":[{"embeddable":true,"href":"https:\/\/www.europesays.com\/es\/wp-json\/wp\/v2\/comments?post=120555"}],"version-history":[{"count":0,"href":"https:\/\/www.europesays.com\/es\/wp-json\/wp\/v2\/posts\/120555\/revisions"}],"wp:featuredmedia":[{"embeddable":true,"href":"https:\/\/www.europesays.com\/es\/wp-json\/wp\/v2\/media\/120556"}],"wp:attachment":[{"href":"https:\/\/www.europesays.com\/es\/wp-json\/wp\/v2\/media?parent=120555"}],"wp:term":[{"taxonomy":"category","embeddable":true,"href":"https:\/\/www.europesays.com\/es\/wp-json\/wp\/v2\/categories?post=120555"},{"taxonomy":"post_tag","embeddable":true,"href":"https:\/\/www.europesays.com\/es\/wp-json\/wp\/v2\/tags?post=120555"}],"curies":[{"name":"wp","href":"https:\/\/api.w.org\/{rel}","templated":true}]}}