{"id":120559,"date":"2025-09-17T10:21:33","date_gmt":"2025-09-17T10:21:33","guid":{"rendered":"https:\/\/www.europesays.com\/es\/120559\/"},"modified":"2025-09-17T10:21:33","modified_gmt":"2025-09-17T10:21:33","slug":"afectados-por-la-dana-tendran-que-devolver-la-ayuda-por-sus-coches-desaparecidos-antes-de-terminar-el-ano","status":"publish","type":"post","link":"https:\/\/www.europesays.com\/es\/120559\/","title":{"rendered":"Afectados por la dana tendr\u00e1n que devolver la ayuda por sus coches desaparecidos antes de terminar el a\u00f1o"},"content":{"rendered":"<p><img decoding=\"async\" class=\"voc-author__img\" src=\"https:\/\/www.europesays.com\/es\/wp-content\/uploads\/2025\/08\/autor-5119-foto-4.jpeg\" alt=\"David Maroto\"\/><\/p>\n<p>16\/09\/2025<br \/>\n<br \/><strong><br \/>\nActualizado 17\/09\/2025 a las 02:39h.<br \/>\n<\/strong><\/p>\n<p class=\"voc-p\" style=\"\">Hasta 800 conductores que perdieron sus <strong>veh\u00edculos<\/strong> en la <a href=\"https:\/\/www.abc.es\/espana\/comunidad-valenciana\/camara-emergencias-grabo-recursos-periodisticos-cecopi-dana-20250915180248-nt.html\" target=\"_blank\" data-voc-vtm-id=\"in-text-traffic\" title=\"dana\" rel=\"nofollow noopener\">dana<\/a> del pasado 29 de octubre y que no pudieron peritar al estar desaparecidos podr\u00edan tener que reembolsar la indemnizaci\u00f3n del Consorcio de Compensaci\u00f3n de Seguros si el Gobierno no lo evita. La Generalitat Valenciana ha solicitado al Ejecutivo central que adopte todas las medidas necesarias para que estos titulares de veh\u00edculos siniestrados en la riada puedan conservar las ayudas recibidas.<\/p>\n<p class=\"voc-p\" style=\"\">Para evitar que las personas afectadas por la barrancada puedan verse en la tesitura de tener que devolver la ayuda recibida antes del 31 de diciembre al no poder acreditar la declaraci\u00f3n de<strong> siniestro total de sus veh\u00edculos<\/strong>, el Gobierno de Maz\u00f3n ha instado a la Direcci\u00f3n General de Tr\u00e1fico (DGT) a habilitar un procedimiento extraordinario para otorgarles la baja definitiva, algo que llevan demandando meses sin obtener respuesta alguna.<\/p>\n<p class=\"voc-p\" style=\"\">La consellera de Hacienda y Econom\u00eda, Ruth Merino, ha explicado que, a pesar de contar con la baja provisional, la DGT no puede dar definitivamente de baja a estos veh\u00edculos a menos que exista un <strong>peritaje<\/strong> que acredite que son inservibles y, por lo tanto, su destino es el achatarramiento.<\/p>\n<p class=\"voc-p\" style=\"\">Ello impedir\u00eda que las personas titulares de estos veh\u00edculos recibieran la indemnizaci\u00f3n del Consorcio de Compensaci\u00f3n de Seguros y las ayudas de la Generalitat para veh\u00edculos siniestrados en la riada, ya que como norma general es requisito que el veh\u00edculo sea <strong>achatarrado<\/strong>. Es decir, est\u00e1n en una suerte de limbo.<\/p>\n<p class=\"voc-p\" style=\"\">\u00abSomos conscientes de la inquietud y la impotencia que esta circunstancia genera a cientos de afectados y en ning\u00fan caso queremos llegar a esa situaci\u00f3n\u00bb, ha manifestado Merino. \u00abPor esa raz\u00f3n, la Agencia Tributaria Valencia (ATV) est\u00e1 realizando todas las gestiones necesarias para garantizar que las personas afectadas podr\u00e1n conservar sus ayudas, pero la competencia para emitir esa declaraci\u00f3n es de la DGT\u00bb, ha a\u00f1adido.<\/p>\n<p class=\"voc-p\" style=\"\">Al respecto, la consellera de Hacienda ha explicado que la ATV ya se ha dirigido a la DGT para encontrar una soluci\u00f3n y ha garantizado que, por parte de la Generalitat se van a realizar todas las gestiones necesarias encaminadas a que los afectados que ya han recibido su compensaci\u00f3n no la pierdan.<\/p>\n<p class=\"voc-p\" style=\"\">Por ello, ha instado a la DGT, como \u00f3rgano competente para tramitar la baja definitiva, a habilitar en el menor plazo posible un<strong> procedimiento extraordinario<\/strong> para que, de oficio, sean dados de baja definitiva los veh\u00edculos que cuenten con la baja provisional pero no hayan podido ser peritados al no haber sido localizados.<\/p>\n<p>Reportar un error<\/p>\n","protected":false},"excerpt":{"rendered":"16\/09\/2025 Actualizado 17\/09\/2025 a las 02:39h. Hasta 800 conductores que perdieron sus veh\u00edculos en la dana del pasado&hellip;\n","protected":false},"author":2,"featured_media":120560,"comment_status":"","ping_status":"","sticky":false,"template":"","format":"standard","meta":{"footnotes":""},"categories":[5],"tags":[4179,1611,3229,17,18,1558,1681,8056,15259,25,24,13,14,11,19,20,9,10,15,16,23,25668,12,21,22],"class_list":{"0":"post-120559","1":"post","2":"type-post","3":"status-publish","4":"format-standard","5":"has-post-thumbnail","7":"category-titulares","8":"tag-afectados","9":"tag-ano","10":"tag-ayuda","11":"tag-breaking-news","12":"tag-breakingnews","13":"tag-coches","14":"tag-dana","15":"tag-desaparecidos","16":"tag-devolver","17":"tag-es","18":"tag-espana","19":"tag-featured-news","20":"tag-featurednews","21":"tag-headlines","22":"tag-latest-news","23":"tag-latestnews","24":"tag-news","25":"tag-noticias","26":"tag-noticias-destacadas","27":"tag-noticiasdestacadas","28":"tag-spain","29":"tag-terminar","30":"tag-titulares","31":"tag-ultimas-noticias","32":"tag-ultimasnoticias"},"share_on_mastodon":{"url":"","error":""},"_links":{"self":[{"href":"https:\/\/www.europesays.com\/es\/wp-json\/wp\/v2\/posts\/120559","targetHints":{"allow":["GET"]}}],"collection":[{"href":"https:\/\/www.europesays.com\/es\/wp-json\/wp\/v2\/posts"}],"about":[{"href":"https:\/\/www.europesays.com\/es\/wp-json\/wp\/v2\/types\/post"}],"author":[{"embeddable":true,"href":"https:\/\/www.europesays.com\/es\/wp-json\/wp\/v2\/users\/2"}],"replies":[{"embeddable":true,"href":"https:\/\/www.europesays.com\/es\/wp-json\/wp\/v2\/comments?post=120559"}],"version-history":[{"count":0,"href":"https:\/\/www.europesays.com\/es\/wp-json\/wp\/v2\/posts\/120559\/revisions"}],"wp:featuredmedia":[{"embeddable":true,"href":"https:\/\/www.europesays.com\/es\/wp-json\/wp\/v2\/media\/120560"}],"wp:attachment":[{"href":"https:\/\/www.europesays.com\/es\/wp-json\/wp\/v2\/media?parent=120559"}],"wp:term":[{"taxonomy":"category","embeddable":true,"href":"https:\/\/www.europesays.com\/es\/wp-json\/wp\/v2\/categories?post=120559"},{"taxonomy":"post_tag","embeddable":true,"href":"https:\/\/www.europesays.com\/es\/wp-json\/wp\/v2\/tags?post=120559"}],"curies":[{"name":"wp","href":"https:\/\/api.w.org\/{rel}","templated":true}]}}