{"id":12057,"date":"2025-07-29T16:47:19","date_gmt":"2025-07-29T16:47:19","guid":{"rendered":"https:\/\/www.europesays.com\/es\/12057\/"},"modified":"2025-07-29T16:47:19","modified_gmt":"2025-07-29T16:47:19","slug":"gran-clasificacion-de-carlos-sainz-sexto-en-miami","status":"publish","type":"post","link":"https:\/\/www.europesays.com\/es\/12057\/","title":{"rendered":"Gran clasificaci\u00f3n de Carlos Sainz, sexto en Miami"},"content":{"rendered":"<p>S\u00e1bado, 4 de mayo de 2025<br \/>&#13;<br \/>\n&#8211; Sprint: Abandono<br \/>&#13;<br \/>\n&#8211; Clasificaci\u00f3n: P6, 1&#8217;26&#8243;569, 20 vueltas<\/p>\n<ul>&#13;<\/p>\n<li>Carlos Sainz ha sufrido un leve accidente y se ha retirado en los \u00faltimos compases del Sprint matinal en Miami, pero se ha resarcido con una excelente actuaci\u00f3n en la clasificaci\u00f3n, donde ha llegado a la Q3 y ha terminado sexto, lo que iguala su mejor clasificaci\u00f3n de 2025.<\/li>\n<p>&#13;<\/p>\n<li>El piloto de Williams ha superado holgadamente el corte en la Q1 (1\u201927\u201d098) y la Q2 (1\u201926\u201d847), y en la Q3 ha encontrado tres d\u00e9cimas (1\u201926\u201d569) que le dejan en una posici\u00f3n muy buena para la carrera.<\/li>\n<p>&#13;<\/p>\n<li>Carlos pelear\u00e1 por los puntos ma\u00f1ana con coches te\u00f3ricamente superiores, si bien el Gran Premio encierra a\u00fan inc\u00f3gnitas, incluidas las condiciones meteorol\u00f3gicas, y que no se descarta la lluvia durante la carrera.<\/li>\n<p>&#13;\n<\/ul>\n<p><strong>DECLARACIONES:<\/strong><br \/>&#13;<br \/>\n\u00abEstoy muy contento con el resultado de la clasificaci\u00f3n. Me he sentido bien en el coche desde los primeros entrenamientos y sab\u00eda que era r\u00e1pido este fin de semana, as\u00ed que sienta bien hacer una sesi\u00f3n limpia y sacar el m\u00e1ximo del coche. El fin de semana a\u00fan no ha terminado y todav\u00eda tenemos que hacer una carrera perfecta si queremos sumar buenos puntos, as\u00ed que toda la atenci\u00f3n puesta en ma\u00f1ana\u201d.<\/p>\n<p><strong>PR\u00d3XIMA ACTIVIDAD:<\/strong><br \/>&#13;<br \/>\nDomingo, 5 de mayo de 2025<br \/>&#13;<br \/>\n&#8211; Carrera: 16:00 hora local (22:00 CEST)<\/p>\n","protected":false},"excerpt":{"rendered":"S\u00e1bado, 4 de mayo de 2025&#13; &#8211; Sprint: Abandono&#13; &#8211; Clasificaci\u00f3n: P6, 1&#8217;26&#8243;569, 20 vueltas &#13; Carlos Sainz&hellip;\n","protected":false},"author":2,"featured_media":12058,"comment_status":"","ping_status":"","sticky":false,"template":"","format":"standard","meta":{"footnotes":""},"categories":[270],"tags":[307,168,25,24,306,271,272,4152,8421,6584,23,167,308],"class_list":{"0":"post-12057","1":"post","2":"type-post","3":"status-publish","4":"format-standard","5":"has-post-thumbnail","7":"category-formula-1","8":"tag-carlos-sainz","9":"tag-deportes","10":"tag-es","11":"tag-espana","12":"tag-f1","13":"tag-formula-1","14":"tag-formula1","15":"tag-fw47","16":"tag-gp-miami","17":"tag-miami","18":"tag-spain","19":"tag-sports","20":"tag-williams"},"share_on_mastodon":{"url":"","error":""},"_links":{"self":[{"href":"https:\/\/www.europesays.com\/es\/wp-json\/wp\/v2\/posts\/12057","targetHints":{"allow":["GET"]}}],"collection":[{"href":"https:\/\/www.europesays.com\/es\/wp-json\/wp\/v2\/posts"}],"about":[{"href":"https:\/\/www.europesays.com\/es\/wp-json\/wp\/v2\/types\/post"}],"author":[{"embeddable":true,"href":"https:\/\/www.europesays.com\/es\/wp-json\/wp\/v2\/users\/2"}],"replies":[{"embeddable":true,"href":"https:\/\/www.europesays.com\/es\/wp-json\/wp\/v2\/comments?post=12057"}],"version-history":[{"count":0,"href":"https:\/\/www.europesays.com\/es\/wp-json\/wp\/v2\/posts\/12057\/revisions"}],"wp:featuredmedia":[{"embeddable":true,"href":"https:\/\/www.europesays.com\/es\/wp-json\/wp\/v2\/media\/12058"}],"wp:attachment":[{"href":"https:\/\/www.europesays.com\/es\/wp-json\/wp\/v2\/media?parent=12057"}],"wp:term":[{"taxonomy":"category","embeddable":true,"href":"https:\/\/www.europesays.com\/es\/wp-json\/wp\/v2\/categories?post=12057"},{"taxonomy":"post_tag","embeddable":true,"href":"https:\/\/www.europesays.com\/es\/wp-json\/wp\/v2\/tags?post=12057"}],"curies":[{"name":"wp","href":"https:\/\/api.w.org\/{rel}","templated":true}]}}