{"id":120575,"date":"2025-09-17T10:32:08","date_gmt":"2025-09-17T10:32:08","guid":{"rendered":"https:\/\/www.europesays.com\/es\/120575\/"},"modified":"2025-09-17T10:32:08","modified_gmt":"2025-09-17T10:32:08","slug":"las-salidas-del-director-de-exposiciones-y-la-gerente-del-guggenheim-ponen-fin-al-equipo-de-vidarte","status":"publish","type":"post","link":"https:\/\/www.europesays.com\/es\/120575\/","title":{"rendered":"Las salidas del director de exposiciones y la gerente del Guggenheim ponen fin al equipo de Vidarte"},"content":{"rendered":"<p>El Museo Guggenheim Bilbao afronta la salida de dos pilares fundamentales de la instituci\u00f3n durante la etapa de Juan Ignacio Vidarte. Daniel Vega, director de  &#8230; Exposiciones y Conservaci\u00f3n desde 2018 y que son\u00f3 para sustituir a Vidarte, abandona la pinacoteca bilba\u00edna para hacerse cargo de Faro Santander, el nuevo proyecto cultural y tecnol\u00f3gico que impulsa en la capital c\u00e1ntabra el banco que preside Ana Bot\u00edn; mientras que la hasta ahora directora de Secretar\u00eda General, Arantza Odiaga, se va por jubilaci\u00f3n.<\/p>\n<p class=\"v-p\">En la pr\u00e1ctica, esto supone el fin del equipo m\u00e1s cercano a Vidarte, y ahora a la actual directora, Miren Arzalluz, le tocar\u00e1 gestionar los procesos para cubrir estos dos puestos clave en el funcionamiento y el d\u00eda a d\u00eda del museo. Por \u00faltimo, se marcha, tambi\u00e9n por jubilaci\u00f3n, la secretaria de Vidarte, Carola Emparanza.<\/p>\n<p class=\"v-p\">Respecto a Odiaga, ya trabajaba con Vidarte en el departamento de Hacienda de la Diputaci\u00f3n vizca\u00edna, entre 1989 y 1992, cuando se empez\u00f3 a perfilar el proyecto del Guggenheim. En esta etapa, se encarg\u00f3 de estudiar c\u00f3mo se pod\u00eda financiar el museo y gestion\u00f3 los contratos con la Fundaci\u00f3n, en Nueva York. Una vez se materializ\u00f3 la instituci\u00f3n, ha sido tambi\u00e9n la Secretaria del Patronato y del Comit\u00e9 Ejecutivo de la Fundaci\u00f3n y responsable de la asesor\u00eda jur\u00eddica y de las relaciones institucionales.<\/p>\n<p class=\"v-p\">Por su parte, Vega (Bilbao, 1971) ha formado parte del equipo del museo Guggenheim Bilbao desde finales de los 90, en cuyo organigrama, tras varias responsabilidades y proyectos bajo su directriz, asumi\u00f3 el cargo de director de Exposiciones y Conservaci\u00f3n hace siete a\u00f1os. Durante este periodo, el museo ha mejorado la eficiencia en los procesos de trabajo y la optimizaci\u00f3n de recursos, ha aumentado significativamente el n\u00famero de exposiciones propias y ha desarrollado una s\u00f3lida red internacional de contactos y colaboradores.<\/p>\n<p class=\"v-p\">Es m\u00e1s, son\u00f3 entre los posibles candidatos para sustituir a Juan Ignacio Vidarte al frente del centro, puesto para el que finalmente fue contratada Miren Arzalluz. Seg\u00fan public\u00f3 este diario el pasado noviembre, cuando se resolvi\u00f3 el proceso de selecci\u00f3n, la decisi\u00f3n se movi\u00f3 entre tres candidatos. Las instituciones vascas apostaban por la ganadora, Arzalluz, mientras que Vidarte hubiera visto con buenos ojos a Vega, su segundo a bordo. Desde Nueva York defend\u00edan la conveniencia de una experta en arte mexicana.<\/p>\n<p class=\"v-p\">Ahora, Vega se pondr\u00e1 al frente de Faro Santander, el espacio cultural, tecnol\u00f3gico y de ocio promovido por el Banco Santander y su Fundaci\u00f3n con sede en el hist\u00f3rico inmueble del Paseo de Pereda, donde se ultiman los trabajos de reforma integral. En su haber, figura haber organizado m\u00e1s de 300 exposiciones de arte moderno y contempor\u00e1neo.<\/p>\n<p class=\"v-p\">Licenciado en Bellas Artes por la Universidad del Pa\u00eds Vasco, Vega realiz\u00f3 estudios de posgrado en conservaci\u00f3n y restauraci\u00f3n de arte contempor\u00e1neo en la Universidad Complutense de Madrid y en Museum Studies de la Universidad de Leicester. En 2016 fue seleccionado para participar en el Executive Education Program for Museum Leaders, en el Getty Leadership Institute. Adem\u00e1s, ha sido profesor invitado en el International Leadership Program in Visual Arts Management de New York University y Deusto Business School, en el m\u00e1ster de Estudios Curatoriales de la Universidad de Navarra y en el m\u00e1ster Cyxac de la Universidad del Pa\u00eds Vasco. Entre 2008 y 2022 fue miembro del Comit\u00e9 Directivo del Grupo Internacional de Organizadores de Exposiciones (IEO).<\/p>\n<p>Nuevo proyecto c\u00e1ntabro<\/p>\n<p class=\"v-p\">Desde finales del pasado a\u00f1o, el Banco Santander, con Ana Bot\u00edn al frente, trabaja en el dise\u00f1o de la gesti\u00f3n de Faro Santander, el centro que liderar\u00e1 Vega. Un proyecto diversificado dedicado al arte y la tecnolog\u00eda, con un fuerte enfoque educativo, medioambiental y social, pero cuyo epicentro reside en su vocaci\u00f3n de museo. El n\u00facleo principal estar\u00e1 configurado por los fondos de arte del Santander, una Colecci\u00f3n formada a lo largo de m\u00e1s de 160 a\u00f1os por las diversas entidades financieras que se han ido integrando en lo que hoy constituye el grupo. Sus fondos abarcan un amplio periodo hist\u00f3rico que se extiende desde el siglo II a.C. hasta nuestros d\u00edas. El fondo principal de la Colecci\u00f3n est\u00e1 compuesto por pintura, aunque tambi\u00e9n cuenta con piezas escult\u00f3ricas, artes decorativas y una completa colecci\u00f3n numism\u00e1tica.<\/p>\n","protected":false},"excerpt":{"rendered":"El Museo Guggenheim Bilbao afronta la salida de dos pilares fundamentales de la instituci\u00f3n durante la etapa de&hellip;\n","protected":false},"author":2,"featured_media":120576,"comment_status":"","ping_status":"","sticky":false,"template":"","format":"standard","meta":{"footnotes":""},"categories":[173],"tags":[229,233,231,230,3000,51,232,20808,234,146,147,25,24,17184,39812,983,470,5568,964,23],"class_list":{"0":"post-120575","1":"post","2":"type-post","3":"status-publish","4":"format-standard","5":"has-post-thumbnail","7":"category-arte-y-diseno","8":"tag-arte","9":"tag-arte-y-diseno","10":"tag-arts","11":"tag-arts-and-design","12":"tag-coleccion","13":"tag-deja","14":"tag-design","15":"tag-dirigir","16":"tag-diseno","17":"tag-entertainment","18":"tag-entretenimiento","19":"tag-es","20":"tag-espana","21":"tag-faro","22":"tag-gestor","23":"tag-guggenheim","24":"tag-museo","25":"tag-proyecto","26":"tag-santander","27":"tag-spain"},"share_on_mastodon":{"url":"","error":""},"_links":{"self":[{"href":"https:\/\/www.europesays.com\/es\/wp-json\/wp\/v2\/posts\/120575","targetHints":{"allow":["GET"]}}],"collection":[{"href":"https:\/\/www.europesays.com\/es\/wp-json\/wp\/v2\/posts"}],"about":[{"href":"https:\/\/www.europesays.com\/es\/wp-json\/wp\/v2\/types\/post"}],"author":[{"embeddable":true,"href":"https:\/\/www.europesays.com\/es\/wp-json\/wp\/v2\/users\/2"}],"replies":[{"embeddable":true,"href":"https:\/\/www.europesays.com\/es\/wp-json\/wp\/v2\/comments?post=120575"}],"version-history":[{"count":0,"href":"https:\/\/www.europesays.com\/es\/wp-json\/wp\/v2\/posts\/120575\/revisions"}],"wp:featuredmedia":[{"embeddable":true,"href":"https:\/\/www.europesays.com\/es\/wp-json\/wp\/v2\/media\/120576"}],"wp:attachment":[{"href":"https:\/\/www.europesays.com\/es\/wp-json\/wp\/v2\/media?parent=120575"}],"wp:term":[{"taxonomy":"category","embeddable":true,"href":"https:\/\/www.europesays.com\/es\/wp-json\/wp\/v2\/categories?post=120575"},{"taxonomy":"post_tag","embeddable":true,"href":"https:\/\/www.europesays.com\/es\/wp-json\/wp\/v2\/tags?post=120575"}],"curies":[{"name":"wp","href":"https:\/\/api.w.org\/{rel}","templated":true}]}}