{"id":120593,"date":"2025-09-17T10:44:09","date_gmt":"2025-09-17T10:44:09","guid":{"rendered":"https:\/\/www.europesays.com\/es\/120593\/"},"modified":"2025-09-17T10:44:09","modified_gmt":"2025-09-17T10:44:09","slug":"carnero-explica-al-colectivo-de-empresarios-de-ahmedabad-las-oportunidades-de-negocio-de-inversion-e-innovacion-urbana-en-valladolid","status":"publish","type":"post","link":"https:\/\/www.europesays.com\/es\/120593\/","title":{"rendered":"Carnero explica al colectivo de empresarios de Ahmedabad las oportunidades de negocio, de inversi\u00f3n e innovaci\u00f3n urbana en Valladolid"},"content":{"rendered":"<p>Descripci\u00f3n<\/p>\n<ul>\n<li>\nJes\u00fas Julio Carnero: \u00abla colaboraci\u00f3n con ciudades tan importantes como Ahmedabad, una de las principales ciudades de la India, nos permitir\u00e1 aprender de su experiencia en gesti\u00f3n inteligente, al tiempo que compartimos nuestras capacidades tecnol\u00f3gicas y de desarrollo econ\u00f3mico\u00bb.\n<\/li>\n<\/ul>\n<p class=\"cmParagraph cmAlignjustify\">El alcalde de Valladolid, Jes\u00fas Julio Carnero, junto al gerente de la Sociedad de Promoci\u00f3n del Turismo de Valladolid y presidente de Spain Film Commission, Juan Manuel Guimerans, ha presentado hoy en Ahmedabad, al colectivo de empresarios de la ciudad india, las grandes oportunidades de negocio que dispone Valladolid en cuanto a la gesti\u00f3n e inversiones de Ciudades Inteligentes se refiere, y todo ello dentro del gran proyecto \u2018Valladolid Now\u2019 como plataforma que posibilita proyectos e inversiones.<\/p>\n<p class=\"cmParagraph cmAlignjustify\">Un encuentro en el que han participado destacados representantes de la Federaci\u00f3n India de C\u00e1maras de Comercio (FICCI), el Colegio de Arquitectos e Ingenieros de Gujarat, y varias empresas del sector tecnol\u00f3gico, de la gesti\u00f3n del patrimonio, de la industria agroalimentaria y del sistema de gesti\u00f3n de Smarts Cities de este estado indio.<\/p>\n<p class=\"cmParagraph cmAlignjustify\">Como ha manifestado Carnero, se trata de \u00abuna primera toma de contacto para conocer el \u00e1mbito empresarial de Ahmedabad y su entorno y explicar a dichos empresarios en qu\u00e9 consiste el \u2018Valladolid Now\u2019 como contenedor de proyectos y de atracci\u00f3n de inversiones con el objetivo de crecer en n\u00famero de empresas y en calidad de vida\u00bb.<\/p>\n<p class=\"cmParagraph cmAlignjustify\">En el marco del acuerdo de hermanamiento con la ciudad india de Ahmedabad, ambas urbes avanzan en la creaci\u00f3n de un eje de colaboraci\u00f3n internacional destinado a impulsar proyectos de ciudades inteligentes, sostenibles y con visi\u00f3n de futuro.<\/p>\n<p class=\"cmParagraph cmAlignjustify\">Como les ha explicado tambi\u00e9n el alcalde, \u00abel hermanamiento busca aprovechar el potencial complementario de las dos ciudades: la experiencia de Valladolid en movilidad sostenible, energ\u00edas renovables, log\u00edstica avanzada y patrimonio cultural junto con la din\u00e1mica empresarial y tecnol\u00f3gica de Ahmedabad\u00bb, una de las ciudades m\u00e1s pujantes de India en innovaci\u00f3n urbana y crecimiento econ\u00f3mico.<\/p>\n<p class=\"cmParagraph cmAlignjustify\"><strong>Valladolid y Ahmedabad, ciudades con visi\u00f3n de futuro<\/strong><\/p>\n<p class=\"cmParagraph cmAlignjustify\">Con m\u00e1s de 300.000 habitantes y un \u00e1rea metropolitana de m\u00e1s de 110.000 personas, Valladolid se sit\u00faa como nodo estrat\u00e9gico en el coraz\u00f3n de la Pen\u00ednsula Ib\u00e9rica. Su conexi\u00f3n ferroviaria de alta velocidad con Madrid (55 minutos), su proximidad a los principales puertos atl\u00e1nticos y su papel como plataforma log\u00edstica del Eje Atl\u00e1ntico la convierten en un enclave privilegiado para la atracci\u00f3n de inversiones internacionales.<\/p>\n<p class=\"cmParagraph cmAlignjustify\">En cuanto a Ahmedabad, estamos hablando de la s\u00e9ptima ciudad en poblaci\u00f3n de la India con un \u00e1rea metropolitana de casi 9 millones de habitantes, la mayor del estado de <a href=\"https:\/\/es.wikipedia.org\/wiki\/Guyarat\" title=\"Guyarat\" target=\"_blank\" rel=\"nofollow noopener\">Gujarat<\/a> (y antigua capital de dicho estado).<\/p>\n<p class=\"cmParagraph cmAlignjustify\">Siendo un centro en auge de la educaci\u00f3n, la tecnolog\u00eda de la informaci\u00f3n y las industrias cient\u00edficas, Ahmedabad sigue siendo el coraz\u00f3n cultural y comercial de Gujarat y de gran parte del oeste de la India. Desde el a\u00f1o 2000, la ciudad se ha transformado mediante la construcci\u00f3n de rascacielos, centros comerciales y multicines.<\/p>\n<p class=\"cmParagraph cmAlignjustify\">Ahmedabad es el segundo centro textil de algod\u00f3n m\u00e1s grande de la India despu\u00e9s de Bombay y el m\u00e1s grande de Gujarat. Muchas unidades de fabricaci\u00f3n de algod\u00f3n operan aqu\u00ed y sus alrededores, siendo los textiles una de las principales industrias de la ciudad.<\/p>\n<p class=\"cmParagraph cmAlignjustify\">En este sentido, Carnero ha destacado que \u00abeste hermanamiento con Ahmedabad refuerza nuestra posici\u00f3n como ciudad europea abierta al mundo. Queremos ser un laboratorio vivo de innovaci\u00f3n urbana, atrayendo inversi\u00f3n y generando oportunidades para nuestros ciudadanos y empresas\u00bb. \u00abLa colaboraci\u00f3n con ciudades tan importantes como esta\u00bb, ha a\u00f1adido \u00abnos permitir\u00e1 aprender de su experiencia en sostenibilidad y gesti\u00f3n inteligente, al tiempo que compartimos nuestras capacidades tecnol\u00f3gicas y de desarrollo econ\u00f3mico\u00bb.<\/p>\n<p class=\"cmParagraph cmAlignjustify\"><strong>Una plataforma de cooperaci\u00f3n con impacto econ\u00f3mico y social<\/strong><\/p>\n<p class=\"cmParagraph cmAlignjustify\">El hermanamiento Valladolid\u2013Ahmedabad es m\u00e1s que un acuerdo institucional.<\/p>\n<p class=\"cmParagraph cmAlignjustify\">Como ha explicado el alcalde, \u00abtodo esto constituye una plataforma de cooperaci\u00f3n global que permitir\u00e1 a empresas, universidades y administraciones acceder a nuevas oportunidades de negocio en los sectores estrat\u00e9gicos de las Smart Cities. Y en un contexto global marcado por los retos clim\u00e1ticos, la digitalizaci\u00f3n y la necesidad de modelos urbanos m\u00e1s resilientes, Valladolid se presenta como el lugar id\u00f3neo para invertir y desarrollar proyectos de futuro\u00bb.<\/p>\n<p class=\"cmParagraph cmAlignjustify\"><strong>Un ecosistema para la inversi\u00f3n en Smart Cities<\/strong><\/p>\n<p class=\"cmParagraph cmAlignjustify\">El modelo de Valladolid como Smart, Green &amp; Sustainable City ofrece m\u00faltiples oportunidades de negocio en:<\/p>\n<ul class=\" cmAlignjustify\">\n<li>Movilidad sostenible y conectada: Valladolid lidera proyectos pioneros en transporte el\u00e9ctrico, intermodalidad y reducci\u00f3n de emisiones.<\/li>\n<li>Energ\u00edas renovables y eficiencia energ\u00e9tica: la ciudad apuesta por tecnolog\u00edas limpias y soluciones urbanas de bajo impacto.<\/li>\n<li>Transformaci\u00f3n digital y gobernanza inteligente: sistemas de gesti\u00f3n urbana basados en datos, transparencia y participaci\u00f3n ciudadana.<\/li>\n<li>Industria 4.0 y talento tecnol\u00f3gico: universidades de prestigio internacional y una comunidad acad\u00e9mica que lidera los rankings europeos en educaci\u00f3n.<\/li>\n<li>Turismo inteligente y cultural: con m\u00e1s de un mill\u00f3n de visitantes al a\u00f1o, Valladolid ofrece una plataforma \u00fanica para proyectos que integren patrimonio, tecnolog\u00eda y sostenibilidad.<\/li>\n<\/ul>\n<p class=\"cmParagraph cmAlignjustify\"><strong>Ahmedabad y Valladolid: sinergias para la innovaci\u00f3n global<\/strong><\/p>\n<p class=\"cmParagraph cmAlignjustify\">El hermanamiento con Ahmedabad no solo impulsa la cooperaci\u00f3n cultural y social, sino que abre un campo de alianzas empresariales y tecnol\u00f3gicas. Las dos ciudades trabajar\u00e1n en proyectos conjuntos de:<\/p>\n<ul class=\" cmAlignjustify\">\n<li>Gesti\u00f3n urbana inteligente, aplicando tecnolog\u00edas de big data, inteligencia artificial y sensorizaci\u00f3n para mejorar los servicios p\u00fablicos.<\/li>\n<li>Inversiones sostenibles, con un enfoque en energ\u00edas limpias, reciclaje y gesti\u00f3n del agua.<\/li>\n<li>Intercambio de talento y conocimiento, potenciando programas universitarios y de formaci\u00f3n profesional compartidos.<\/li>\n<li>Promoci\u00f3n internacional conjunta, para atraer capital, proyectos de innovaci\u00f3n y turismo de calidad.<\/li>\n<\/ul>\n<p><\/p>\n","protected":false},"excerpt":{"rendered":"Descripci\u00f3n Jes\u00fas Julio Carnero: \u00abla colaboraci\u00f3n con ciudades tan importantes como Ahmedabad, una de las principales ciudades de&hellip;\n","protected":false},"author":2,"featured_media":120594,"comment_status":"","ping_status":"","sticky":false,"template":"","format":"standard","meta":{"footnotes":""},"categories":[5],"tags":[4115,4109,249,1250,17,18,4107,4114,777,4110,25,24,13,14,260,11,19,20,4108,9,4112,10,15,16,4111,4116,4113,23,12,21,22,1607],"class_list":{"0":"post-120593","1":"post","2":"type-post","3":"status-publish","4":"format-standard","5":"has-post-thumbnail","7":"category-titulares","8":"tag-agendas","9":"tag-alcaldia","10":"tag-ayudas","11":"tag-ayuntamiento","12":"tag-breaking-news","13":"tag-breakingnews","14":"tag-castilla","15":"tag-centros","16":"tag-ciudad","17":"tag-corporacion","18":"tag-es","19":"tag-espana","20":"tag-featured-news","21":"tag-featurednews","22":"tag-gente","23":"tag-headlines","24":"tag-latest-news","25":"tag-latestnews","26":"tag-leon","27":"tag-news","28":"tag-normativas","29":"tag-noticias","30":"tag-noticias-destacadas","31":"tag-noticiasdestacadas","32":"tag-presupuestos","33":"tag-publicaciones","34":"tag-servicios","35":"tag-spain","36":"tag-titulares","37":"tag-ultimas-noticias","38":"tag-ultimasnoticias","39":"tag-valladolid"},"share_on_mastodon":{"url":"","error":""},"_links":{"self":[{"href":"https:\/\/www.europesays.com\/es\/wp-json\/wp\/v2\/posts\/120593","targetHints":{"allow":["GET"]}}],"collection":[{"href":"https:\/\/www.europesays.com\/es\/wp-json\/wp\/v2\/posts"}],"about":[{"href":"https:\/\/www.europesays.com\/es\/wp-json\/wp\/v2\/types\/post"}],"author":[{"embeddable":true,"href":"https:\/\/www.europesays.com\/es\/wp-json\/wp\/v2\/users\/2"}],"replies":[{"embeddable":true,"href":"https:\/\/www.europesays.com\/es\/wp-json\/wp\/v2\/comments?post=120593"}],"version-history":[{"count":0,"href":"https:\/\/www.europesays.com\/es\/wp-json\/wp\/v2\/posts\/120593\/revisions"}],"wp:featuredmedia":[{"embeddable":true,"href":"https:\/\/www.europesays.com\/es\/wp-json\/wp\/v2\/media\/120594"}],"wp:attachment":[{"href":"https:\/\/www.europesays.com\/es\/wp-json\/wp\/v2\/media?parent=120593"}],"wp:term":[{"taxonomy":"category","embeddable":true,"href":"https:\/\/www.europesays.com\/es\/wp-json\/wp\/v2\/categories?post=120593"},{"taxonomy":"post_tag","embeddable":true,"href":"https:\/\/www.europesays.com\/es\/wp-json\/wp\/v2\/tags?post=120593"}],"curies":[{"name":"wp","href":"https:\/\/api.w.org\/{rel}","templated":true}]}}