{"id":120607,"date":"2025-09-17T10:55:10","date_gmt":"2025-09-17T10:55:10","guid":{"rendered":"https:\/\/www.europesays.com\/es\/120607\/"},"modified":"2025-09-17T10:55:10","modified_gmt":"2025-09-17T10:55:10","slug":"y-el-ganador-es-leonardo-y-miguel-angel-reviven-su-legendario-duelo-500-anos-despues","status":"publish","type":"post","link":"https:\/\/www.europesays.com\/es\/120607\/","title":{"rendered":"Y el ganador es&#8230; Leonardo y Miguel \u00c1ngel reviven su legendario duelo 500 a\u00f1os despu\u00e9s"},"content":{"rendered":"<p data-gtm-element-container=\"modulo-texto-link\" class=\"paragraph\">Leonardo ten\u00eda poco m\u00e1s de cincuenta a\u00f1os, acababa de pintar la Mona Lisa y era una estrella reconocida en toda Europa por sus innumerables talentos (pintor, ingeniero, explorador en los \u00e1mbitos de la ciencia y la filosof\u00eda). Miguel \u00c1ngel, mucho m\u00e1s joven e impetuoso, hab\u00eda cumplido 29 y era un prodigio que ya hab\u00eda tallado su David -la estatua monumental del rey guerrero que atrae multitudes a la Galer\u00eda de la Accademia- y luc\u00eda nariz de boxeador, cincelada por un escultor rival durante una pelea. Estamos en Florencia, a\u00f1o 1503, y los autores de las que a\u00fan hoy siguen siendo las obras m\u00e1s famosas del mundo -creadas en el mismo tiempo, la misma ciudad\u2013se observan con recelo desde la distancia, ajenos todav\u00eda al amargo enfrentamiento  que est\u00e1n a punto de protagonizar por culpa de un encargo endemoniado del mism\u00edsimo Maquiavelo: pintar sendas escenas de batallas, uno  frente al otro o uno al lado del otro, depende de los\u00a0 historiadores, en el Salone dei Cinquecento del Palazzo Vecchio florentino.<\/p>\n<p>                <img loading=\"lazy\" decoding=\"async\" data-full-src=\"https:\/\/www.lavanguardia.com\/uploads\/2025\/09\/16\/68c96d3cca2f0.jpeg\" alt=\"El visitante es el encargado de cerrar una competici\u00f3n que qued\u00f3 inconclusa cinco siglos atr\u00e1s\" width=\"449\" height=\"673\" src=\"https:\/\/www.europesays.com\/es\/wp-content\/uploads\/2025\/09\/68c96d3cca2f0.jpeg\" class=\"lazy\"\/><\/p>\n<p class=\"caption-title \">Dos studiolos recogen la influencia que a lo largo de los siglos han tenido las obras maestras de estos dos genios, de Botero o Dal\u00ed a los Simpsons\u00a0<\/p>\n<p>                    Llibert Teixid\u00f3<\/p>\n<p data-gtm-element-container=\"modulo-texto-link\" class=\"paragraph\">Por distintas razones, ni uno ni otro llegaron a finalizar el  trabajo, pero aquellas batallas  perdidas de Leonardo y Miguel \u00c1ngel han obsesionado al mundo del arte desde hace quinientos a\u00f1os. \u201cEl duelo sigue abierto y ahora ser\u00e1 el visitante el  responsable de  concluirlo\u201d, se\u00f1ala  Jordi Sellas, director del Ideal, el Centro de Artes Digitales de Barcelona que ma\u00f1ana mi\u00e9rcoles estrena Leonardo versus Michelangelo, una propuesta inmersiva que por primera vez convierte al p\u00fablico en coprotagonista de uno de los episodios m\u00e1s extraordinarios del Renacimiento. Ser\u00e1 \u00e9l quien, a lo largo del recorrido, se tendr\u00e1 que ir posicionando a favor de uno u otro, y al final dar la respuesta definitiva: \u201cY el ganador es&#8230;\u201d.<\/p>\n<p>Estamos en Florencia, a\u00f1o 1503, y los autores de las que a\u00fan hoy siguen siendo las obras m\u00e1s famosas del mundo se observan con recelo desde la distancia<\/p>\n<p data-gtm-element-container=\"modulo-texto-link\" class=\"paragraph\">\u00a0\u201cNadie puede decidir cu\u00e1l de los dos es el mejor porque esa es un decisi\u00f3n \u00fanica, personal y subjetiva. Cuando t\u00fa llegas ya eres de Leonardo o de Miguel \u00c1ngel, pero no lo sabes. Lo ir\u00e1s descubriendo a trav\u00e9s de los diferentes espacios que hemos creado y al final podr\u00e1s tomar la decisi\u00f3n\u201d, anuncia a la entrada Sellas, para quien estamos ante la obra m\u00e1s \u201cgrande, innovadora y revolucionaria\u201d de todas las creadas por el estudio catal\u00e1n Layers of Reality, cuyas producciones anteriores se encuentran girando ahora mismo en una veintena de ciudades del mundo, desde S\u00e3o Paulo a Londres, pasando por Viena o Singapur.<\/p>\n<p>                <img loading=\"lazy\" decoding=\"async\" data-full-src=\"https:\/\/www.lavanguardia.com\/uploads\/2025\/09\/16\/68c96f21a711f.jpeg\" alt=\"La 'Mona Lisa' de Leonardo es junto al David de Miguel \u00c1ngel una de las obras m\u00e1s famosas del mundo\" width=\"449\" height=\"658\" src=\"https:\/\/www.europesays.com\/es\/wp-content\/uploads\/2025\/09\/68c96f21a711f.jpeg\" class=\"lazy\"\/><\/p>\n<p class=\"caption-title \">La &#8216;Mona Lisa&#8217; de Leonardo es junto al David de Miguel \u00c1ngel una de las obras m\u00e1s famosas del mundo\u00a0<\/p>\n<p>                    Llibert Teixid\u00f3<\/p>\n<p data-gtm-element-container=\"modulo-texto-link\" class=\"paragraph\">Leonardo versus Michelangelo utiliza  proyecciones 3D, gafas de realidad virtual y un espacio de metaverso donde se siente la emoci\u00f3n y el asombro silencioso  de estar a solas en la Capilla Sixtina o contemplar la Mona Lisa\u00a0 como si estuvi\u00e9ramos en el Louvre y la sala se hubiera vaciado inesperadamente de turistas. Sola para nosotros, al alcance de una mano. El punto de partida es un episodio real:\u00a0 el concurso organizado por el gobierno florentino para ver cu\u00e1l de los dos era el m\u00e1s grande.\u00a0A partir de ah\u00ed, la ficci\u00f3n, con los  artistas esforz\u00e1ndose por seducirnos a trav\u00e9s de la pantalla. Explic\u00e1ndonos las razones de su arte y las maneras de vivirlo.\u00a0 \u201cHablamos de historia del arte, y lo hacemos con rigor, pero tambi\u00e9n hemos venido a jugar\u201d, anima el director del espacio. Nada m\u00e1s entrar, una reproducci\u00f3n de La Bocca della Verit\u00e0, escultura en m\u00e1rmol que se encuentra en Santa Maria in Cosmedin, en Roma, nos invita a poner la mano como compromiso con la verdad (si alguien miente, esta le morder\u00e1, seg\u00fan la leyenda).<\/p>\n<p>Gracias al metaverso podemos contemplar la Capilla Sixtina o el &#8216;David&#8217; como nunca los hab\u00edamos visto, a solas y en la distancia corta<\/p>\n<p data-gtm-element-container=\"modulo-texto-link\" class=\"paragraph\">El  viaje comienza en las calles de la Florencia del 1500, la  ciudad que tras la expulsi\u00f3n de los Medicci en 1494,  viv\u00eda un momento de intensa autoafirmaci\u00f3n como  Rep\u00fablica Florentina. M\u00e1s all\u00e1 de buscar ese enfrentamiento entre rivales que pod\u00eda buenos r\u00e9ditos creativos, el encargo quer\u00eda asegurarse la creaci\u00f3n de obras maestras  de car\u00e1cter patri\u00f3tico, con la plasmaci\u00f3n de sendas victorias florentinas. Leonardo deb\u00eda pintar la Batalla de Anghiari y Miguel \u00c1ngel la Batalla de Cascina.  Seg\u00fan Giorgio Vasari,  el pintor y bi\u00f3grafo de los artistas del Renacimiento -cuyas afirmaciones hay que tomarse con cautela por su tendencia a la fabulaci\u00f3n-,   la competencia desat\u00f3 la paranoia y el odio entre los artistas.\u00a0<\/p>\n<p>                <img loading=\"lazy\" decoding=\"async\" data-full-src=\"https:\/\/www.lavanguardia.com\/uploads\/2025\/09\/16\/68c971f1b3332.jpeg\" alt=\"Los dos genios del Renacimiento defienden sus respectivas maneras de entender el arte ante el visitante\" width=\"449\" height=\"310\" src=\"https:\/\/www.europesays.com\/es\/wp-content\/uploads\/2025\/09\/68c971f1b3332.jpeg\" class=\"lazy\"\/><\/p>\n<p class=\"caption-title \">Los dos genios del Renacimiento defienden sus respectivas maneras de entender el arte ante el visitante\u00a0<\/p>\n<p>                    Llibert Teixid\u00f3<\/p>\n<p data-gtm-element-container=\"modulo-texto-link\" class=\"paragraph\">Ambos  prepararon bocetos preliminares para sus murales, pero solo Leonardo entr\u00f3 en la sala para pintar sobre el muro. Era la pintura m\u00e1s grande que habr\u00eda hecho nunca  (tres veces el ancho de La \u00daltima Cena), tanto que invent\u00f3 una m\u00e1quina, un ascensor para subir y bajar c\u00f3modamente por la pared. Pero a los dos a\u00f1os la abandon\u00f3. Dej\u00f3 la escena central, soldados que parecen bestias y caballos humanos enfrent\u00e1ndose, aclamada como un estudio sin precedentes de la anatom\u00eda y el movimiento. Pero para poder  pintar al \u00f3leo sobre la pared parece ser que utiliz\u00f3 una receta del escritor romano Plinio el Viejo que no funcion\u00f3. Algunas zonas se oscurecieron y otras se desintegraron , as\u00ed que en 1563, el propio Vasari cubri\u00f3 las paredes con frescos de las victorias militares de los M\u00e9dici, quienes hab\u00edan regresado al poder. Existe una copia, atribuida a Rubens.<\/p>\n<p data-gtm-element-container=\"modulo-texto-link\" class=\"paragraph\">Miguel \u00c1ngel nunca pas\u00f3 de la etapa del dibujo, recreando la\u00a0 batalla desde los m\u00e1rgenes, el momento en el que los soldados florentinos  que se est\u00e1n ba\u00f1ando en el Arno corren a ponerse la armadura al  o\u00edr c\u00f3mo se acerca el enemigo.\u00a0 Seg\u00fan algunos historiadores que sostienen que no se les asign\u00f3 dos paredes enfrentadas, sino un mismo muro,\u00a0 la negativa a pintar se debe a que le habr\u00edan asignado la zona con mayor sombra.<\/p>\n<p>                <img loading=\"lazy\" decoding=\"async\" data-full-src=\"https:\/\/www.lavanguardia.com\/uploads\/2025\/09\/16\/68c972c4b73fa.jpeg\" alt=\"'La \u00faltima cena', de Leonardo da Vinci\" width=\"449\" height=\"299\" src=\"https:\/\/www.europesays.com\/es\/wp-content\/uploads\/2025\/09\/68c972c4b73fa.jpeg\" class=\"lazy\"\/><\/p>\n<p class=\"caption-title \">&#8216;La \u00faltima cena&#8217;, de Leonardo da Vinci, pintada en el refectorio del convento de Santa Maria delle Grazie en Mil\u00e1n\u00a0<\/p>\n<p>                    Llibert Teixid\u00f3<\/p>\n<p data-gtm-element-container=\"modulo-texto-link\" class=\"paragraph\">La exposici\u00f3n inmersiva del Ideal, apenas se detiene en las batallas invisibles,\u00a0 pero  nos permite entrar en sus estudios, polvoriento el de Miguel \u00c1ngel  (tall\u00f3 con martillos, cinceles, limas y raspadores el enorme bloque de m\u00e1rmol del que milagrosamente surgi\u00f3 su majestuoso David); m\u00e1s sereno y colorista el de Leonardo,  con La Gioconda descansando a\u00fan sobre el caballete. Los volveremos a ver luego en sendos studiolos, donde se muestra la influencia que a lo largo de los siglos han tenido ambas obras en todas las esferas de la cultura, de  Dal\u00ed a los Simpsons. A estas alturas ya hemos tenido que tomar partido en varias ocasiones, pero falta  la decisi\u00f3n final  tras visitar la  Capilla Sixtina -una experiencia que  en las estancias vaticanas puede ser tan estresante como viajar en el metro de Tokio a hora punta-, en soledad, sin tener que dislocar el cuello para contemplar a placer La creaci\u00f3n de Ad\u00e1n o El Juicio Final.<\/p>\n<p>Al final del recorrido, y a modo de recompensa, el regalo de permanecer por un rato en el museo so\u00f1ado\u00a0<\/p>\n<p data-gtm-element-container=\"modulo-texto-link\" class=\"paragraph\">El sue\u00f1o de estar a solas con Miguel \u00c1ngel se repite con la\u00a0\u00a0Piet\u00e0 del Vaticano, que por primera vez tambi\u00e9n se puede ver (y casi tocar) por la parte posterior y un ascensor invisible nos eleva hasta  la parte superior de la C\u00fapula de  San Pedro. Tambi\u00e9n podemos mirar  como nunca la antes la hab\u00edamos visto  -ni la volveremos a ver, de cerca y a los ojos- a Mona Lisa,  sobrevolar\u00e1 nuestras cabezas una m\u00e1quina voladora de Leonardo o unirnos a La \u00faltima cena.  En el frenes\u00ed final, casi no hay tiempo para pensar &#8211; aqu\u00ed hay que elegir aunque duela- aunque al final las decisi\u00f3n tiene recompensa: el regalo de un museo imaginario  con tus obras favoritas.<\/p>\n","protected":false},"excerpt":{"rendered":"Leonardo ten\u00eda poco m\u00e1s de cincuenta a\u00f1os, acababa de pintar la Mona Lisa y era una estrella reconocida&hellip;\n","protected":false},"author":2,"featured_media":120608,"comment_status":"","ping_status":"","sticky":false,"template":"","format":"standard","meta":{"footnotes":""},"categories":[173],"tags":[229,233,231,230,232,234,146,147,25,24,23],"class_list":{"0":"post-120607","1":"post","2":"type-post","3":"status-publish","4":"format-standard","5":"has-post-thumbnail","7":"category-arte-y-diseno","8":"tag-arte","9":"tag-arte-y-diseno","10":"tag-arts","11":"tag-arts-and-design","12":"tag-design","13":"tag-diseno","14":"tag-entertainment","15":"tag-entretenimiento","16":"tag-es","17":"tag-espana","18":"tag-spain"},"share_on_mastodon":{"url":"","error":""},"_links":{"self":[{"href":"https:\/\/www.europesays.com\/es\/wp-json\/wp\/v2\/posts\/120607","targetHints":{"allow":["GET"]}}],"collection":[{"href":"https:\/\/www.europesays.com\/es\/wp-json\/wp\/v2\/posts"}],"about":[{"href":"https:\/\/www.europesays.com\/es\/wp-json\/wp\/v2\/types\/post"}],"author":[{"embeddable":true,"href":"https:\/\/www.europesays.com\/es\/wp-json\/wp\/v2\/users\/2"}],"replies":[{"embeddable":true,"href":"https:\/\/www.europesays.com\/es\/wp-json\/wp\/v2\/comments?post=120607"}],"version-history":[{"count":0,"href":"https:\/\/www.europesays.com\/es\/wp-json\/wp\/v2\/posts\/120607\/revisions"}],"wp:featuredmedia":[{"embeddable":true,"href":"https:\/\/www.europesays.com\/es\/wp-json\/wp\/v2\/media\/120608"}],"wp:attachment":[{"href":"https:\/\/www.europesays.com\/es\/wp-json\/wp\/v2\/media?parent=120607"}],"wp:term":[{"taxonomy":"category","embeddable":true,"href":"https:\/\/www.europesays.com\/es\/wp-json\/wp\/v2\/categories?post=120607"},{"taxonomy":"post_tag","embeddable":true,"href":"https:\/\/www.europesays.com\/es\/wp-json\/wp\/v2\/tags?post=120607"}],"curies":[{"name":"wp","href":"https:\/\/api.w.org\/{rel}","templated":true}]}}