{"id":120647,"date":"2025-09-17T11:20:09","date_gmt":"2025-09-17T11:20:09","guid":{"rendered":"https:\/\/www.europesays.com\/es\/120647\/"},"modified":"2025-09-17T11:20:09","modified_gmt":"2025-09-17T11:20:09","slug":"juan-jose-millas-presenta-un-libro-que-nace-de-imaginar-su-ultimo-reportaje-periodistico","status":"publish","type":"post","link":"https:\/\/www.europesays.com\/es\/120647\/","title":{"rendered":"Juan Jos\u00e9 Mill\u00e1s presenta un libro que nace de imaginar su \u00faltimo reportaje period\u00edstico"},"content":{"rendered":"<p>El escritor y periodista Juan Jos\u00e9 Mill\u00e1s ha sido el invitado especial <a href=\"https:\/\/www.canalsur.es\/noticias\/juan-jose-millas-presenta-un-libro-que-nace-de-imaginar-su-ultimo-reportaje-periodistico\/radio\/programas\/la-manana-de-andalucia-con-juan-carlos-velez-y-jesus-vigorra\/detalle\/2406152.html?video=2197911\" target=\"_blank\" rel=\"nofollow noopener\">La ma\u00f1ana de Andaluc\u00eda<\/a>, emitido desde el centro de interpretaci\u00f3n de C\u00f3rdoba, para presentar su nueva novela &#8216;Ese imb\u00e9cil va a escribir una novela&#8217;. Con una prosa tan ir\u00f3nica como reflexiva, Mill\u00e1s entrega un libro que explora el misterio de la identidad y los mecanismos de la escritura como herramienta para reconstruir la vida.<\/p>\n<p>Con <strong>m\u00e1s de cuatro d\u00e9cadas de trayectoria<\/strong>, Juan Jos\u00e9 Mill\u00e1s es una figura esencial de la literatura espa\u00f1ola contempor\u00e1nea. Su obra ha sido traducida a m\u00e1s de veinte idiomas y reconocida con numerosos galardones, como el Premio Nadal, el Premio Planeta, el Nacional de Narrativa y el Francisco Cerecedo de Periodismo, entre otros.<\/p>\n<p>La premisa de su nueva novela es aparentemente sencilla: <strong>Un periodista veterano, llamado tambi\u00e9n Juan Jos\u00e9 Mill\u00e1s, recibe el encargo de escribir lo que podr\u00eda ser su \u00faltimo reportaje<\/strong>. La b\u00fasqueda de ese tema perfecto para cerrar una carrera le lleva a un episodio confuso de su infancia que, como un hilo suelto, comienza a tirar de toda su vida pasada.<\/p>\n<p>\u00abEl personaje es Juan Jos\u00e9 Mill\u00e1s y le dicen que escriba de lo que quiera, que es lo peor que te pueden decir, y el libro es el resultado de un fracaso porque va desechando temas que son, en cierto modo, la trama de la novela\u00bb. Y es que, ha explicado, <strong>\u00abcuando ponen sobre ti la responsabilidad de escribir lo que quieras, te quedas paralizado porque tienes que elegir lo mejor y hacerlo bien\u00bb<\/strong>.<\/p>\n<p>Todo <strong>nace del \u00abfracaso de no haberme despedido del g\u00e9nero<\/strong> porque yo publicaba 7-8 reportajes, pero lleg\u00f3 la crisis al periodismo y te dejan de llamar\u00bb.<\/p>\n<p>No obstante, est\u00e1 sobre la mesa ese \u00faltimo trabajo ya que <strong>\u00abme gustar\u00eda escribir un reportaje con la conciencia de que es el \u00faltimo<\/strong>. Estamos en ello, pero quiero que sea sobre un asunto peque\u00f1o y no acabamos de dar con ello\u00bb.<\/p>\n","protected":false},"excerpt":{"rendered":"El escritor y periodista Juan Jos\u00e9 Mill\u00e1s ha sido el invitado especial La ma\u00f1ana de Andaluc\u00eda, emitido desde&hellip;\n","protected":false},"author":2,"featured_media":120648,"comment_status":"","ping_status":"","sticky":false,"template":"","format":"standard","meta":{"footnotes":""},"categories":[172],"tags":[224,146,147,25,24,39825,225,23],"class_list":{"0":"post-120647","1":"post","2":"type-post","3":"status-publish","4":"format-standard","5":"has-post-thumbnail","7":"category-libros","8":"tag-books","9":"tag-entertainment","10":"tag-entretenimiento","11":"tag-es","12":"tag-espana","13":"tag-juan-jose-millas-presenta-un-libro-que-nace-de-imaginar-su-ultimo-reportaje-periodistico","14":"tag-libros","15":"tag-spain"},"share_on_mastodon":{"url":"","error":""},"_links":{"self":[{"href":"https:\/\/www.europesays.com\/es\/wp-json\/wp\/v2\/posts\/120647","targetHints":{"allow":["GET"]}}],"collection":[{"href":"https:\/\/www.europesays.com\/es\/wp-json\/wp\/v2\/posts"}],"about":[{"href":"https:\/\/www.europesays.com\/es\/wp-json\/wp\/v2\/types\/post"}],"author":[{"embeddable":true,"href":"https:\/\/www.europesays.com\/es\/wp-json\/wp\/v2\/users\/2"}],"replies":[{"embeddable":true,"href":"https:\/\/www.europesays.com\/es\/wp-json\/wp\/v2\/comments?post=120647"}],"version-history":[{"count":0,"href":"https:\/\/www.europesays.com\/es\/wp-json\/wp\/v2\/posts\/120647\/revisions"}],"wp:featuredmedia":[{"embeddable":true,"href":"https:\/\/www.europesays.com\/es\/wp-json\/wp\/v2\/media\/120648"}],"wp:attachment":[{"href":"https:\/\/www.europesays.com\/es\/wp-json\/wp\/v2\/media?parent=120647"}],"wp:term":[{"taxonomy":"category","embeddable":true,"href":"https:\/\/www.europesays.com\/es\/wp-json\/wp\/v2\/categories?post=120647"},{"taxonomy":"post_tag","embeddable":true,"href":"https:\/\/www.europesays.com\/es\/wp-json\/wp\/v2\/tags?post=120647"}],"curies":[{"name":"wp","href":"https:\/\/api.w.org\/{rel}","templated":true}]}}