{"id":120657,"date":"2025-09-17T11:25:06","date_gmt":"2025-09-17T11:25:06","guid":{"rendered":"https:\/\/www.europesays.com\/es\/120657\/"},"modified":"2025-09-17T11:25:06","modified_gmt":"2025-09-17T11:25:06","slug":"vaccines-europe-demanda-la-incorporacion-de-la-inmunizacion-al-plan-cardiovascular-de-la-ce","status":"publish","type":"post","link":"https:\/\/www.europesays.com\/es\/120657\/","title":{"rendered":"Vaccines Europe demanda la incorporaci\u00f3n de la inmunizaci\u00f3n al Plan Cardiovascular de la CE"},"content":{"rendered":"<p>Las personas con enfermedades cardiovasculares (EVC) \u201cson especialmente vulnerables a complicaciones graves derivadas de infecciones respiratorias como la <a href=\"https:\/\/diariofarma.com\/tag\/gripe?utm_source=diariofarma&amp;utm_medium=web&amp;utm_campaign=smartlink\" rel=\"nofollow noopener\" target=\"_blank\">gripe<\/a>, la <a href=\"https:\/\/diariofarma.com\/tag\/covid-19?utm_source=diariofarma&amp;utm_medium=web&amp;utm_campaign=smartlink\" rel=\"nofollow noopener\" target=\"_blank\">Covid-19<\/a>, el VRS y el <a href=\"https:\/\/diariofarma.com\/tag\/neumococo?utm_source=diariofarma&amp;utm_medium=web&amp;utm_campaign=smartlink\" rel=\"nofollow noopener\" target=\"_blank\">neumococo<\/a>\u201d, as\u00ed lo se\u00f1ala la entidad europea de fabricantes de <a href=\"https:\/\/diariofarma.com\/tag\/vacunas?utm_source=diariofarma&amp;utm_medium=web&amp;utm_campaign=smartlink\" rel=\"nofollow noopener\" target=\"_blank\">vacunas<\/a>, Vaccines Europe, que recientemente en un <a href=\"https:\/\/www.vaccineseurope.eu\/media-hub\/consultations\/vaccines-europes-response-to-the-call-for-evidence-on-the-eu-cardiovascular-health-plan\/\" rel=\"nofollow noopener\" target=\"_blank\">documento de posicionamiento <\/a>ha demandado a la <a href=\"http:\/\/ec.europa.eu\/index_es.htm?utm_source=diariofarma&amp;utm_medium=web&amp;utm_campaign=smartlink\" rel=\"nofollow noopener\" target=\"_blank\">Comisi\u00f3n Europea<\/a> incluya la inmunizaci\u00f3n en el Plan de Salud Cardiovascular recientemente presentado.<\/p>\n<p>Desde Vaccines for Europe se se\u00f1ala, a modelo de ejemplo, que la gripe sextuplica el riesgo de infarto en personas con ECV. Se ha demostrado que la vacunaci\u00f3n reduce eficazmente la gravedad de las complicaciones y las muertes relacionadas con estas patolog\u00edas.<\/p>\n<p>Sin embargo, aseguran, que \u201ca pesar de la s\u00f3lida evidencia, la inmunizaci\u00f3n sigue estando muy infrautilizada como estrategia de <a href=\"https:\/\/diariofarma.com\/tag\/prevencion?utm_source=diariofarma&amp;utm_medium=web&amp;utm_campaign=smartlink\" rel=\"nofollow noopener\" target=\"_blank\">prevenci\u00f3n<\/a> para las personas con ECV\u201d. Adem\u00e1s, se\u00f1alan, \u201csigue estando infrafinanciada, ya que el 77% de los pa\u00edses de la <a href=\"http:\/\/europa.eu\/index_es.htm?utm_source=diariofarma&amp;utm_medium=web&amp;utm_campaign=smartlink\" rel=\"nofollow noopener\" target=\"_blank\">UE<\/a> destina menos del 0,5 % de su presupuesto sanitario a programas de inmunizaci\u00f3n\u201d.\u00a0<\/p>\n<p>Desde Vaccines Europe se plantean cuatro medidas clave al Plan europeo en relaci\u00f3n a las vacunas.<\/p>\n<p>En primer lugar reclaman incorporar la inmunizaci\u00f3n como medida de prevenci\u00f3n fundamental, como se destaca en la Declaraci\u00f3n de <a href=\"https:\/\/diariofarma.com\/tag\/consenso?utm_source=diariofarma&amp;utm_medium=web&amp;utm_campaign=smartlink\" rel=\"nofollow noopener\" target=\"_blank\">Consenso<\/a> Cl\u00ednico de la ESC, publicada recientemente;<\/p>\n<p>Adem\u00e1s plantean reforzar la inversi\u00f3n en inmunizaci\u00f3n, para reducir las consecuencias m\u00e1s perjudiciales de las ECV en Europa.<\/p>\n<p>Por otro lado demandan Incluir una \u201ciniciativa emblem\u00e1tica\u201d de la UE sobre la prevenci\u00f3n de las infecciones respiratorias para reducir la carga sanitaria y econ\u00f3mica de las ECV, contribuir a abordar las desigualdades y apoyar a los pa\u00edses de la UE en la consecuci\u00f3n de sus Objetivos de Desarrollo Sostenible;<\/p>\n<p>Finalmente reclaman actualizar los objetivos de cobertura de vacunaci\u00f3n contra las infecciones respiratorias para los Estados miembros y reforzar los registros electr\u00f3nicos de vacunaci\u00f3n para supervisar y mejorar su aplicaci\u00f3n.<\/p>\n","protected":false},"excerpt":{"rendered":"Las personas con enfermedades cardiovasculares (EVC) \u201cson especialmente vulnerables a complicaciones graves derivadas de infecciones respiratorias como la&hellip;\n","protected":false},"author":2,"featured_media":120658,"comment_status":"","ping_status":"","sticky":false,"template":"","format":"standard","meta":{"footnotes":""},"categories":[92],"tags":[19531,1708,23861,2272,25,24,7749,165,1373,33127,39830,597,166,23,2387,1454],"class_list":{"0":"post-120657","1":"post","2":"type-post","3":"status-publish","4":"format-standard","5":"has-post-thumbnail","7":"category-salud","8":"tag-cardiovascular","9":"tag-comision-europea","10":"tag-consenso","11":"tag-covid-19","12":"tag-es","13":"tag-espana","14":"tag-gripe","15":"tag-health","16":"tag-infeccion","17":"tag-neumologia","18":"tag-presupuesto-sanitario","19":"tag-prevencion","20":"tag-salud","21":"tag-spain","22":"tag-union-europea-ue","23":"tag-vacunas"},"share_on_mastodon":{"url":"","error":""},"_links":{"self":[{"href":"https:\/\/www.europesays.com\/es\/wp-json\/wp\/v2\/posts\/120657","targetHints":{"allow":["GET"]}}],"collection":[{"href":"https:\/\/www.europesays.com\/es\/wp-json\/wp\/v2\/posts"}],"about":[{"href":"https:\/\/www.europesays.com\/es\/wp-json\/wp\/v2\/types\/post"}],"author":[{"embeddable":true,"href":"https:\/\/www.europesays.com\/es\/wp-json\/wp\/v2\/users\/2"}],"replies":[{"embeddable":true,"href":"https:\/\/www.europesays.com\/es\/wp-json\/wp\/v2\/comments?post=120657"}],"version-history":[{"count":0,"href":"https:\/\/www.europesays.com\/es\/wp-json\/wp\/v2\/posts\/120657\/revisions"}],"wp:featuredmedia":[{"embeddable":true,"href":"https:\/\/www.europesays.com\/es\/wp-json\/wp\/v2\/media\/120658"}],"wp:attachment":[{"href":"https:\/\/www.europesays.com\/es\/wp-json\/wp\/v2\/media?parent=120657"}],"wp:term":[{"taxonomy":"category","embeddable":true,"href":"https:\/\/www.europesays.com\/es\/wp-json\/wp\/v2\/categories?post=120657"},{"taxonomy":"post_tag","embeddable":true,"href":"https:\/\/www.europesays.com\/es\/wp-json\/wp\/v2\/tags?post=120657"}],"curies":[{"name":"wp","href":"https:\/\/api.w.org\/{rel}","templated":true}]}}