{"id":12067,"date":"2025-07-29T16:52:11","date_gmt":"2025-07-29T16:52:11","guid":{"rendered":"https:\/\/www.europesays.com\/es\/12067\/"},"modified":"2025-07-29T16:52:11","modified_gmt":"2025-07-29T16:52:11","slug":"joe-biden-firma-un-millonario-contrato-para-publicar-sus-memorias-y-promete-revelaciones-sobre-su-gobierno","status":"publish","type":"post","link":"https:\/\/www.europesays.com\/es\/12067\/","title":{"rendered":"Joe Biden firma un millonario contrato para publicar sus memorias y promete revelaciones sobre su gobierno"},"content":{"rendered":"<p><img alt=\"El expresidente de Estados Unidos,\" class=\"global-image\" decoding=\"async\" fetchpriority=\"high\" height=\"533\" loading=\"eager\" src=\"https:\/\/www.europesays.com\/es\/wp-content\/uploads\/2025\/07\/HKNC5SE5MJF23AI2GTV35Q54KI.jpg\" width=\"800\"\/>El expresidente de Estados Unidos, Joe Biden, publicar\u00e1 sus memorias en 2026 (Foto: archivo Reuters\/Evelyn Hockstein)<\/p>\n<p class=\"paragraph\">\u201cMe he pasado la vida escribiendo discursos para otros. Ahora, por fin, estas palabras ser\u00e1n solo m\u00edas\u201d. Con esa frase, <b>Joe Biden<\/b> anunci\u00f3 su pr\u00f3ximo proyecto editorial, un libro de memorias que, seg\u00fan fuentes cercanas, podr\u00eda convertirse en uno de los lanzamientos m\u00e1s esperados del a\u00f1o. El acuerdo, que involucra a Flatiron Books, filial de la editorial brit\u00e1nica Macmillan, ha generado expectativas tanto en el mundo pol\u00edtico como en el literario. El propio Biden subray\u00f3: \u201cQuiero contar mi historia <b>con honestidad<\/b>, sin filtros ni intermediarios\u201d.<\/p>\n<p class=\"paragraph\">El libro, a\u00fan sin t\u00edtulo, abordar\u00e1 su paso por la Casa Blanca, los desaf\u00edos personales y pol\u00edticos que enfrent\u00f3 y su visi\u00f3n sobre el futuro del pa\u00eds. El acuerdo con Flatiron Books representa el regreso de Biden al mundo editorial tras su anterior libro, publicado antes de su presidencia.<\/p>\n<p class=\"paragraph\">El inter\u00e9s de las editoriales por las memorias de figuras pol\u00edticas no es nuevo, pero el caso de Biden destaca por el contexto en el que se produce. Tras dejar la presidencia, su figura ha seguido ocupando un lugar central en el debate p\u00fablico. Seg\u00fan The New York Times, el contrato con Flatiron Books se cerr\u00f3 tras una puja entre varias editoriales, lo que refleja la alta demanda por el testimonio del exmandatario. La noticia de la adquisici\u00f3n del libro por un anticipo de aproximadamente 10 millones de d\u00f3lares se public\u00f3 por primera vez en The Wall Street Journal. <\/p>\n<p><img alt=\"Joe Biden en la iglesia\" class=\"global-image\" decoding=\"async\" fetchpriority=\"low\" height=\"4000\" loading=\"lazy\" src=\"https:\/\/www.europesays.com\/es\/wp-content\/uploads\/2025\/07\/BOZQRC7TDJGAHNWJHHYC6HLOTQ.jpg\" width=\"6000\"\/>Joe Biden en la iglesia cat\u00f3lica St. Joseph on the Brandywine para asistir a los servicios conmemorativos del aniversario de la muerte de su difunto hijo, Beau Biden, en Wilmington, Delaware, Estados Unidos, el 30 de mayo de 2025 (Foto: REUTERS\/Ken Cedeno)<\/p>\n<p class=\"paragraph\">El libro promete ofrecer una mirada personal a los momentos clave de la administraci\u00f3n Biden, as\u00ed como a episodios menos conocidos de su vida. En palabras del propio Biden, <b>\u201cno quiero escribir solo sobre pol\u00edtica<\/b>, sino sobre las personas, las p\u00e9rdidas y las esperanzas que me han marcado\u201d. El expresidente ha se\u00f1alado que dedicar\u00e1 especial atenci\u00f3n a los desaf\u00edos familiares, incluyendo la muerte de su hijo Beau, y a las decisiones dif\u00edciles que debi\u00f3 tomar durante su mandato.<\/p>\n<p class=\"paragraph\">La editorial prev\u00e9 lanzar el libro en la primera mitad de 2026, con una tirada inicial que podr\u00eda superar <b>un mill\u00f3n de ejemplares<\/b>. El equipo de promoci\u00f3n prepara una gira nacional de presentaciones y entrevistas, en la que Biden buscar\u00e1 conectar con lectores de distintos perfiles. El inter\u00e9s medi\u00e1tico se ha visto reforzado por la promesa de abordar temas controvertidos, como la retirada de Afganist\u00e1n y la gesti\u00f3n de la pandemia de COVID-19.<\/p>\n<p class=\"paragraph\">El acuerdo con <b>Flatiron Books<\/b> incluye tambi\u00e9n los derechos para una posible adaptaci\u00f3n audiovisual, aunque por el momento no se han concretado detalles sobre este aspecto. <\/p>\n<p class=\"paragraph\">El libro de <b>Joe Biden<\/b> se suma a la tradici\u00f3n de expresidentes que han recurrido a las memorias para reflexionar sobre su paso por la Casa Blanca. La expectativa en torno a este lanzamiento refleja tanto el inter\u00e9s por la figura de Biden como la relevancia de su testimonio en un momento de cambios para el pa\u00eds.<\/p>\n","protected":false},"excerpt":{"rendered":"El expresidente de Estados Unidos, Joe Biden, publicar\u00e1 sus memorias en 2026 (Foto: archivo Reuters\/Evelyn Hockstein) \u201cMe he&hellip;\n","protected":false},"author":2,"featured_media":12068,"comment_status":"","ping_status":"","sticky":false,"template":"","format":"standard","meta":{"footnotes":""},"categories":[172],"tags":[224,146,147,25,24,8429,5638,225,3119,23],"class_list":{"0":"post-12067","1":"post","2":"type-post","3":"status-publish","4":"format-standard","5":"has-post-thumbnail","7":"category-libros","8":"tag-books","9":"tag-entertainment","10":"tag-entretenimiento","11":"tag-es","12":"tag-espana","13":"tag-fort-myer","14":"tag-government-politics","15":"tag-libros","16":"tag-north-america","17":"tag-spain"},"share_on_mastodon":{"url":"","error":""},"_links":{"self":[{"href":"https:\/\/www.europesays.com\/es\/wp-json\/wp\/v2\/posts\/12067","targetHints":{"allow":["GET"]}}],"collection":[{"href":"https:\/\/www.europesays.com\/es\/wp-json\/wp\/v2\/posts"}],"about":[{"href":"https:\/\/www.europesays.com\/es\/wp-json\/wp\/v2\/types\/post"}],"author":[{"embeddable":true,"href":"https:\/\/www.europesays.com\/es\/wp-json\/wp\/v2\/users\/2"}],"replies":[{"embeddable":true,"href":"https:\/\/www.europesays.com\/es\/wp-json\/wp\/v2\/comments?post=12067"}],"version-history":[{"count":0,"href":"https:\/\/www.europesays.com\/es\/wp-json\/wp\/v2\/posts\/12067\/revisions"}],"wp:featuredmedia":[{"embeddable":true,"href":"https:\/\/www.europesays.com\/es\/wp-json\/wp\/v2\/media\/12068"}],"wp:attachment":[{"href":"https:\/\/www.europesays.com\/es\/wp-json\/wp\/v2\/media?parent=12067"}],"wp:term":[{"taxonomy":"category","embeddable":true,"href":"https:\/\/www.europesays.com\/es\/wp-json\/wp\/v2\/categories?post=12067"},{"taxonomy":"post_tag","embeddable":true,"href":"https:\/\/www.europesays.com\/es\/wp-json\/wp\/v2\/tags?post=12067"}],"curies":[{"name":"wp","href":"https:\/\/api.w.org\/{rel}","templated":true}]}}