{"id":120672,"date":"2025-09-17T11:37:07","date_gmt":"2025-09-17T11:37:07","guid":{"rendered":"https:\/\/www.europesays.com\/es\/120672\/"},"modified":"2025-09-17T11:37:07","modified_gmt":"2025-09-17T11:37:07","slug":"rusia-arresta-a-un-ciclista-frances-que-trataba-de-batir-un-record-mundial","status":"publish","type":"post","link":"https:\/\/www.europesays.com\/es\/120672\/","title":{"rendered":"Rusia arresta a un ciclista franc\u00e9s que trataba de batir un r\u00e9cord mundial"},"content":{"rendered":"<p data-mrf-recirculation=\"Links P\u00e1rrafos\" class=\"ue-c-article__paragraph paragraph ue-c-article--first-letter-highlighted\">Un ciclista franc\u00e9s, que trataba de batir un r\u00e9cord mundial al cruzar Eurasia en el menor tiempo posible, fue arrestado en el <strong>Lejano Oriente ruso sospechoso de cruzar ilegalmente la frontera.<\/strong><\/p>\n<p data-mrf-recirculation=\"Links P\u00e1rrafos\" class=\"ue-c-article__paragraph paragraph\">\u00abEl Tribunal de Distrito de Uzzuriysk de la regi\u00f3n de Primorie le impuso una medida de prisi\u00f3n preventiva hasta el 4 de octubre\u00bb, informaron este mi\u00e9rcoles fuentes judiciales a la agencia Interfax.<\/p>\n<p data-mrf-recirculation=\"Links P\u00e1rrafos\" class=\"ue-c-article__paragraph paragraph\">Previamente, las autoridades locales informaron de que el ciclista, <strong>Sofiane Sehili, fue detenido por supuestamente cruzar ilegalmente la frontera en la regi\u00f3n de Primorie, <\/strong>a orillas con el mar de Jap\u00f3n y que comparte frontera terrestre con Corea del Norte y China.<\/p>\n<p data-mrf-recirculation=\"Links P\u00e1rrafos\" class=\"ue-c-article__paragraph paragraph\">La noticia fue dada primero por el diario franc\u00e9s &#8216;Le Monde&#8217;, debido a la <strong>desaparici\u00f3n del ciclista, que se mostraba activo en sus redes sociales y publicaba a diario noticias sobre su traves\u00eda, <\/strong>habiendo cruzado ya pa\u00edses como China, Mongolia y Kazajist\u00e1n.\u00a0Esto llev\u00f3 a que las autoridades rusas se interesasen por el ciudadano franc\u00e9s y comprobasen su estado y las condiciones en reclusi\u00f3n.<\/p>\n<blockquote class=\"ue-c-article__blockquote\">\n<p>El Tribunal de Distrito de Uzzuriysk de la regi\u00f3n de Primorie le impuso una medida de prisi\u00f3n preventiva hasta el 4 de octubre<\/p>\n<p>Fuentes judiciales<\/p><\/blockquote>\n<p data-mrf-recirculation=\"Links P\u00e1rrafos\" class=\"ue-c-article__paragraph paragraph\">\u00abEs una celda luminosa para dos personas. No est\u00e1 solo. La celda est\u00e1 equipada con todo lo necesario, incluso hay un televisor\u00bb, explic\u00f3 Vlad\u00edmir Naidin, presidente de la comisi\u00f3n que vela por el bienestar de los detenidos y presos en la regi\u00f3n.<\/p>\n<p data-mrf-recirculation=\"Links P\u00e1rrafos\" class=\"ue-c-article__paragraph paragraph\"><strong>Seg\u00fan explica Naidin, tambi\u00e9n contactaron con la esposa del detenido para explicarle que \u00abSehili se sent\u00eda bien y no ten\u00eda problemas de salud\u00bb.<\/strong> \u00abQuiz\u00e1s el ciclista entr\u00f3 en el puesto de control (fronterizo) equivocado donde el visado electr\u00f3nico que ten\u00eda no era v\u00e1lido. Es probable que nuestros guardias le indicaran que deb\u00eda ir a otro puesto de control, pero es posible que decidiese cruzar el bosque ilegalmente\u00bb, explic\u00f3.<\/p>\n<p data-mrf-recirculation=\"Links P\u00e1rrafos\" class=\"ue-c-article__paragraph paragraph\"><strong>La ruta de Sehili comenz\u00f3 en Lisboa y deb\u00eda terminar en la ciudad rusa de Vladivostok, a unos 150 kil\u00f3metros <\/strong>por carretera de la frontera china por donde deb\u00eda haber cruzado el ciclista franc\u00e9s.<\/p>\n<p data-mrf-recirculation=\"Links P\u00e1rrafos\" class=\"ue-c-article__paragraph paragraph\">En poco m\u00e1s de 60 d\u00edas, el deportista cruz\u00f3 17 pa\u00edses y recorri\u00f3 cerca de 17.000 kil\u00f3metros. Sehili ya hab\u00eda cruzado la frontera rusa desde Georgia para posteriormente entrar en Kazajist\u00e1n.<\/p>\n","protected":false},"excerpt":{"rendered":"Un ciclista franc\u00e9s, que trataba de batir un r\u00e9cord mundial al cruzar Eurasia en el menor tiempo posible,&hellip;\n","protected":false},"author":2,"featured_media":120673,"comment_status":"","ping_status":"","sticky":false,"template":"","format":"standard","meta":{"footnotes":""},"categories":[273],"tags":[313,312,168,25,24,23,167],"class_list":{"0":"post-120672","1":"post","2":"type-post","3":"status-publish","4":"format-standard","5":"has-post-thumbnail","7":"category-ciclismo","8":"tag-ciclismo","9":"tag-cycling","10":"tag-deportes","11":"tag-es","12":"tag-espana","13":"tag-spain","14":"tag-sports"},"share_on_mastodon":{"url":"","error":""},"_links":{"self":[{"href":"https:\/\/www.europesays.com\/es\/wp-json\/wp\/v2\/posts\/120672","targetHints":{"allow":["GET"]}}],"collection":[{"href":"https:\/\/www.europesays.com\/es\/wp-json\/wp\/v2\/posts"}],"about":[{"href":"https:\/\/www.europesays.com\/es\/wp-json\/wp\/v2\/types\/post"}],"author":[{"embeddable":true,"href":"https:\/\/www.europesays.com\/es\/wp-json\/wp\/v2\/users\/2"}],"replies":[{"embeddable":true,"href":"https:\/\/www.europesays.com\/es\/wp-json\/wp\/v2\/comments?post=120672"}],"version-history":[{"count":0,"href":"https:\/\/www.europesays.com\/es\/wp-json\/wp\/v2\/posts\/120672\/revisions"}],"wp:featuredmedia":[{"embeddable":true,"href":"https:\/\/www.europesays.com\/es\/wp-json\/wp\/v2\/media\/120673"}],"wp:attachment":[{"href":"https:\/\/www.europesays.com\/es\/wp-json\/wp\/v2\/media?parent=120672"}],"wp:term":[{"taxonomy":"category","embeddable":true,"href":"https:\/\/www.europesays.com\/es\/wp-json\/wp\/v2\/categories?post=120672"},{"taxonomy":"post_tag","embeddable":true,"href":"https:\/\/www.europesays.com\/es\/wp-json\/wp\/v2\/tags?post=120672"}],"curies":[{"name":"wp","href":"https:\/\/api.w.org\/{rel}","templated":true}]}}