{"id":120674,"date":"2025-09-17T11:38:07","date_gmt":"2025-09-17T11:38:07","guid":{"rendered":"https:\/\/www.europesays.com\/es\/120674\/"},"modified":"2025-09-17T11:38:07","modified_gmt":"2025-09-17T11:38:07","slug":"formula-1-la-increible-hazana-de-fernando-alonso-en-baku-2018","status":"publish","type":"post","link":"https:\/\/www.europesays.com\/es\/120674\/","title":{"rendered":"F\u00f3rmula 1 | La incre\u00edble haza\u00f1a de Fernando Alonso en Bak\u00fa 2018"},"content":{"rendered":"<p class=\"ft-text\"><strong>Fernando Alonso<\/strong> tuvo que enfrentarse a <a class=\"ft-link ft-link--decoration\" href=\"https:\/\/www.sport.es\/es\/noticias\/motor\/formula1\/frustracion-alonso-hay-hay-docenas-121328512\" rel=\"nofollow noopener\" target=\"_blank\">una carrera complicada el pasado fin de semana en Monza.<\/a> El rendimiento del <strong>AMR25 <\/strong>ha complicado la temporada para el piloto asturiano, pero <strong>Aston Martin ha volcado todas sus esperanzas en la pr\u00f3xima temporada. <\/strong>Tras el calvario en el Gran Premio de Italia, Fernando este fin de semana se enfrenta al <strong>Gran Premio de Azerbaiy\u00e1n. <\/strong><\/p>\n<p>GP de Azerbaiy\u00e1n 2018<\/p>\n<p class=\"ft-text\"><a class=\"ft-link ft-link--decoration\" href=\"https:\/\/www.sport.es\/es\/noticias\/motor\/formula1\/gp-azerbaiyan-f1-2025-horarios-121587244\" rel=\"nofollow noopener\" target=\"_blank\">El circuito de Bak\u00fa<\/a> se encuentra entre las m\u00faltiples haza\u00f1as de Alonso en el &#8216;Gran Circo&#8217;. <strong>El fin de semana de 2018 en el trazado urbano de Bak\u00fa <\/strong>sac\u00f3 a relucir la magia de Fernando a mandos del monoplaza de <strong>McLaren.<\/strong> En su \u00faltima temporada pilotando el monoplaza de la f\u00e1brica brit\u00e1nica, <strong>el asturiano protagoniz\u00f3 una remontada a tras conducir a dos ruedas. <\/strong><\/p>\n<p>Caos en la primera vuelta<\/p>\n<p class=\"ft-text\">Tras quedarse en la clasificaci\u00f3n fuera de la Q3, Alonso empez\u00f3 la carrera dominical decidido a recuperar posiciones. <strong>El piloto espa\u00f1ol se encontr\u00f3 en la primera vuelta con Sergey Sirotkin<\/strong> (Williams), qui\u00e9n le golpe\u00f3 la parte derecha del monoplaza <strong>intentando evitar el choque con Nico Hulkenberg <\/strong>(Renault). Aquel incidente dej\u00f3 da\u00f1adas <strong>las dos ruedas derechas y provoc\u00f3 que el aler\u00f3n delantero quedara pr\u00e1cticamente destrozado.<\/strong> Alonso tuvo que cerrar el primer giro con <strong>el suelo de su coche rozando por el trazado. <\/strong><\/p>\n<p>El cambio en el box<\/p>\n<p class=\"ft-text\">Mientras el coche de seguridad frenaba la acci\u00f3n en la pista, <strong>Fernando lleg\u00f3 al box de McLaren para recuperar los da\u00f1os que hab\u00eda sufrido el monoplaza. <\/strong>Tras volver al trazado, el equipo inform\u00f3 que el coche hab\u00eda sufrido da\u00f1os en la carga aerodin\u00e1mica, pero <strong>Alonso se mantuvo en la competici\u00f3n.<\/strong> A partir de ese momento empez\u00f3 la remontada para el &#8217;14&#8217;.<\/p>\n<p>La magia de Alonso<\/p>\n<p class=\"ft-text\"><a class=\"ft-link ft-link--decoration\" href=\"https:\/\/www.sport.es\/es\/noticias\/motor\/formula1\/efecto-domino-explica-resurgir-aston-120491426\" rel=\"nofollow noopener\" target=\"_blank\">Entrar en la zona de puntos empez\u00f3 a ser pr\u00e1cticamente imposible para Fernando<\/a>, pero<strong> el accidente entre los dos pilotos de Red Bull le devolvi\u00f3 las esperanzas.<\/strong> Alonso adelant\u00f3 a <strong>Lance Stroll<\/strong> y consigui\u00f3 otra posici\u00f3n tras el abandono de <strong>Valtteri Bottas<\/strong>. Tras el calvario, Alonso acab\u00f3 en la<strong> 7\u00aa posici\u00f3n en el trazado de Azerbaiy\u00e1n. <\/strong><\/p>\n","protected":false},"excerpt":{"rendered":"Fernando Alonso tuvo que enfrentarse a una carrera complicada el pasado fin de semana en Monza. El rendimiento&hellip;\n","protected":false},"author":2,"featured_media":120675,"comment_status":"","ping_status":"","sticky":false,"template":"","format":"standard","meta":{"footnotes":""},"categories":[270],"tags":[3077,36481,168,25,24,306,2096,271,272,35585,2704,23,167],"class_list":{"0":"post-120674","1":"post","2":"type-post","3":"status-publish","4":"format-standard","5":"has-post-thumbnail","7":"category-formula-1","8":"tag-aston-martin","9":"tag-baku","10":"tag-deportes","11":"tag-es","12":"tag-espana","13":"tag-f1","14":"tag-fernando-alonso","15":"tag-formula-1","16":"tag-formula1","17":"tag-gp-de-azerbaiyan","18":"tag-mclaren","19":"tag-spain","20":"tag-sports"},"share_on_mastodon":{"url":"","error":""},"_links":{"self":[{"href":"https:\/\/www.europesays.com\/es\/wp-json\/wp\/v2\/posts\/120674","targetHints":{"allow":["GET"]}}],"collection":[{"href":"https:\/\/www.europesays.com\/es\/wp-json\/wp\/v2\/posts"}],"about":[{"href":"https:\/\/www.europesays.com\/es\/wp-json\/wp\/v2\/types\/post"}],"author":[{"embeddable":true,"href":"https:\/\/www.europesays.com\/es\/wp-json\/wp\/v2\/users\/2"}],"replies":[{"embeddable":true,"href":"https:\/\/www.europesays.com\/es\/wp-json\/wp\/v2\/comments?post=120674"}],"version-history":[{"count":0,"href":"https:\/\/www.europesays.com\/es\/wp-json\/wp\/v2\/posts\/120674\/revisions"}],"wp:featuredmedia":[{"embeddable":true,"href":"https:\/\/www.europesays.com\/es\/wp-json\/wp\/v2\/media\/120675"}],"wp:attachment":[{"href":"https:\/\/www.europesays.com\/es\/wp-json\/wp\/v2\/media?parent=120674"}],"wp:term":[{"taxonomy":"category","embeddable":true,"href":"https:\/\/www.europesays.com\/es\/wp-json\/wp\/v2\/categories?post=120674"},{"taxonomy":"post_tag","embeddable":true,"href":"https:\/\/www.europesays.com\/es\/wp-json\/wp\/v2\/tags?post=120674"}],"curies":[{"name":"wp","href":"https:\/\/api.w.org\/{rel}","templated":true}]}}