{"id":120676,"date":"2025-09-17T11:39:09","date_gmt":"2025-09-17T11:39:09","guid":{"rendered":"https:\/\/www.europesays.com\/es\/120676\/"},"modified":"2025-09-17T11:39:09","modified_gmt":"2025-09-17T11:39:09","slug":"el-lointek-gernika-busca-su-plaza-en-la-eurocup","status":"publish","type":"post","link":"https:\/\/www.europesays.com\/es\/120676\/","title":{"rendered":"El Lointek Gernika busca su plaza en la Eurocup"},"content":{"rendered":"<p>\n        El <a href=\"https:\/\/www.deia.eus\/tags\/lointek-gernika\/\" title=\"Lointek Gernika\" class=\"link copy\" rel=\"nofollow noopener\" target=\"_blank\">Lointek Gernik<strong>a<\/strong><\/a><strong> afrontar\u00e1 ma\u00f1ana ante el Pas Giannina el partido de ida de la previa de la <\/strong><a href=\"https:\/\/www.deia.eus\/tags\/eurocup\/\" title=\"Eurocup\" class=\"link copy\" rel=\"nofollow noopener\" target=\"_blank\">Eurocup<\/a>. Las <strong>previsiones de hace unos meses dec\u00edan que el equipo granate deber\u00eda jugar un amistoso, pero las decisiones ajenas y propias le han colocado ante un objetivo que las jugadoras quieren cumplir \u201cpese a que estamos en periodo de pretemporada\u201d, como apunta <\/strong><a href=\"https:\/\/www.deia.eus\/tags\/lucas-fernandez\/\" title=\"Lucas Fern\u00e1ndez\" class=\"link copy\" rel=\"nofollow noopener\" target=\"_blank\"><strong>Lucas Fern\u00e1ndez<\/strong><\/a><strong>.<\/strong> El reto es grande porque existe muy poca informaci\u00f3n del conjunto heleno, porque <strong>el viaje ser\u00e1 largo con escalas en Munich y Sal\u00f3nica antes de llegar en autob\u00fas a esta ciudad del noroeste de Grecia y porque el <\/strong><a href=\"https:\/\/www.deia.eus\/tags\/lointek-gernika\/\" title=\"Lointek Gernika\" class=\"link copy\" rel=\"nofollow noopener\" target=\"_blank\"><strong>Lointek Gernika<\/strong><\/a><strong> viaja con la plantilla diezmada.<\/strong>\n<\/p>\n<blockquote class=\"twitter-tweet\" data-lang=\"es\">\n<p lang=\"eu\" dir=\"ltr\">\ud835\udc6d\ud835\udc90\ud835\udc84\ud835\udc96\ud835\udc94<\/p>\n<p>Semana de <a href=\"https:\/\/twitter.com\/EuroCupWomen?ref_src=twsrc%5Etfw\" rel=\"nofollow noopener\" target=\"_blank\">@EuroCupWomen<\/a> \ud83e\udee1<\/p>\n<p>\ud83c\udfc6 Aurre kanporaketa, joanekoa<br \/>\ud83c\udd9a PAS Giannina<br \/>\ud83d\udcc5 Osteguna, irailak 18<br \/>\u231a 19:30<br \/>\ud83c\udfdf\ufe0f Ioannina<a href=\"https:\/\/twitter.com\/hashtag\/GutarikoBat?src=hash&amp;ref_src=twsrc%5Etfw\" rel=\"nofollow noopener\" target=\"_blank\">#GutarikoBat<\/a>\ud83d\udc9c <a href=\"https:\/\/t.co\/p672skIxux\" rel=\"nofollow\">pic.twitter.com\/p672skIxux<\/a><\/p>\n<p>\u2014 Lointek Gernika Bizkaia (@GKesb) <a href=\"https:\/\/twitter.com\/GKesb\/status\/1967509430737784945?ref_src=twsrc%5Etfw\" rel=\"nofollow noopener\" target=\"_blank\">15 de septiembre de 2025<\/a><\/p><\/blockquote>\n<p class=\"article-body__text \">\n        <strong>Cameron Williams se rompi\u00f3 el tend\u00f3n de Aquiles y Taylor Jones no se ha entrenado desde el 2 de septiembre por problemas en la espalda \u201cy no creo que podamos contar con ella en el corto plazo\u201d, <\/strong>seg\u00fan el t\u00e9cnico. Al margen de las dos estadounidenses, <strong>Sarah Polleros est\u00e1 con Alemania en la Copa del Mundo U23 de 3&#215;3 ya que \u201cera un compromiso que ten\u00edamos con ella al ficharla antes de saber que \u00edbamos a jugar en Europa y no hemos querido romperlo. Estar\u00e1 para el partido de vuelta<\/strong>\u201d. Y <strong>Naia Zubiaga est\u00e1 de baja por una lesi\u00f3n en el hombro. <\/strong>\n<\/p>\n<p class=\"article-body__text \">\n        <strong>El club mira a un mercado complicado ahora mismo en busca de refuerzos porque la temporada no se puede soportar con una plantilla corta. Mie<\/strong>ntras tanto, el equipo viaja hoy con ocho jugadores senior y la canterana Ane Iturrioz y el t\u00e9cnico del <a href=\"https:\/\/www.deia.eus\/tags\/lointek-gernika\/\" title=\"Lointek Gernika\" class=\"link copy\" rel=\"nofollow noopener\" target=\"_blank\">Lointek Gernika<\/a> asegura que estos inconvenientes<strong> \u201cno van a hacer que nos llevemos las manos a la cabeza. El equipo est\u00e1 trabajando muy bien en el d\u00eda a d\u00eda y van a poder dar su mejor versi\u00f3n.<\/strong> Nos motivan este tipo de partidos y nos hemos preparado para llegar a este momento en las mejores condiciones\u201d. Fern\u00e1ndez apela a la \u201cgran capacidad de trabajo del grupo, su talento colectivo y su versatilidad\u201d para poder solucionar los problemas y ser competitivas<strong> \u201cen una eliminatoria de ochenta minutos. No sabemos lo que nos vamos a encontrar, pero tener la vuelta en Maloste nos da segurid<\/strong>ad\u201d.\n<\/p>\n<p class=\"article-body__text \">\n        <strong>Del Pas Giannina ha sido imposible \u201cni por tierra, mar y aire\u201d encontrar informaci\u00f3n fiable m\u00e1s all\u00e1 de recabar referencias individuales a trav\u00e9s de todo tipo de contactos<\/strong>. \u201cTienen a <strong>Tishara Morehouse, una base peque\u00f1a y el\u00e9ctrica; a Tyia Singleton, una p\u00edvot no muy dominante, y han incorporado a \u00faltima hora a la brit\u00e1nica Chantelle Charles, que les a\u00f1ade experiencia<\/strong>. Luego, tienen una <strong>mezcla de j\u00f3venes y veteranas griegas <\/strong>que ya han estado antes en esta situaci\u00f3n. No s\u00e9 si somos favoritas, pero vamos con humildad y respeto y estamos muy, muy alerta porque ganar fuera de casa es complicado\u201d.\n<\/p>\n<p class=\"article-body__text \">\n        <strong>Ane Olaeta se estrena ahora en competici\u00f3n europea y \u201cme hace mucha ilusi\u00f3n\u201d.<\/strong> La nueva capitana del Lointek Gernika no quiere hacer comparaciones con el equipo del a\u00f1o pasado, pero \u201ctiene buena pinta. Tenemos m\u00e1s altura, cosas buenas y cosas malas como todos los equipos, pero espero que las cosas funcionen y hagamos una buena temporada. Va a ser complicado, pero creo que vamos a cumplir el objetivo\u201d<strong>. Ante el desconocimiento del Giannina, Olaeta apuesta por \u201chacer bien nuestras cosas y no mirar mucho al rival. Adem\u00e1s, no sabemos si va a haber cien personas y mil como locas\u201d. <\/strong>La base gernikarra asegura que se encuentra \u201cmuy bien f\u00edsica y mentalmente y, adem\u00e1s, en el equipo hay muy buen ambiente y eso ayuda\u201d. l\n<\/p>\n<p>  Futuro del Gernika Kesb<\/p>\n<p class=\"article-body__text \">\n        <strong>Protegerse ante las amenazas<\/strong>\n<\/p>\n<p class=\"article-body__text \">\n        <strong>Proceso largo.<\/strong> Gerardo Candina explic\u00f3 ayer que el club ha decidido \u201cponer en marcha un estudio para la posible conversion en una sociedad an\u00f3nima porque como todos los clubes de \u00e9lite tenemos serias amenazas que tarde o temprano van a llegar. Es un proceso largo, que requiere de la aprobaci\u00f3n del Consejo Superior de Deportes, y en su caso habr\u00eda que hacer una asamblea. Los requisitos de la FEB y la FIBA cada vez son mayores y tenemos un pabell\u00f3n que a medio plazo no nos va a servir. Queremos adelantarnos y por eso los socios nos dieron el visro bueno para este estudio\u201d.\n<\/p>\n<p class=\"article-body__text \">\n        <strong>Elecciones.<\/strong> Adem\u00e1s, el Gernika KESB abrir\u00e1 en pr\u00f3ximas fechas el proceso electoral para la configuraci\u00f3n de una nueva junta directiva. El presidente Gerardo Candina indic\u00f3 que \u201cposiblemente\u201d presentar\u00e1 su candidatura para la reelecci\u00f3n.\n<\/p>\n<p>            <script async src=\"https:\/\/platform.twitter.com\/widgets.js\" charset=\"utf-8\"><\/script><\/p>\n","protected":false},"excerpt":{"rendered":"El Lointek Gernika afrontar\u00e1 ma\u00f1ana ante el Pas Giannina el partido de ida de la previa de la&hellip;\n","protected":false},"author":2,"featured_media":120677,"comment_status":"","ping_status":"","sticky":false,"template":"","format":"standard","meta":{"footnotes":""},"categories":[269],"tags":[299,298,331,168,25,24,3705,39836,9276,39835,23,167],"class_list":{"0":"post-120676","1":"post","2":"type-post","3":"status-publish","4":"format-standard","5":"has-post-thumbnail","7":"category-baloncesto","8":"tag-baloncesto","9":"tag-basketball","10":"tag-busca","11":"tag-deportes","12":"tag-es","13":"tag-espana","14":"tag-gernika","15":"tag-giannina","16":"tag-lointek","17":"tag-pas","18":"tag-spain","19":"tag-sports"},"share_on_mastodon":{"url":"","error":""},"_links":{"self":[{"href":"https:\/\/www.europesays.com\/es\/wp-json\/wp\/v2\/posts\/120676","targetHints":{"allow":["GET"]}}],"collection":[{"href":"https:\/\/www.europesays.com\/es\/wp-json\/wp\/v2\/posts"}],"about":[{"href":"https:\/\/www.europesays.com\/es\/wp-json\/wp\/v2\/types\/post"}],"author":[{"embeddable":true,"href":"https:\/\/www.europesays.com\/es\/wp-json\/wp\/v2\/users\/2"}],"replies":[{"embeddable":true,"href":"https:\/\/www.europesays.com\/es\/wp-json\/wp\/v2\/comments?post=120676"}],"version-history":[{"count":0,"href":"https:\/\/www.europesays.com\/es\/wp-json\/wp\/v2\/posts\/120676\/revisions"}],"wp:featuredmedia":[{"embeddable":true,"href":"https:\/\/www.europesays.com\/es\/wp-json\/wp\/v2\/media\/120677"}],"wp:attachment":[{"href":"https:\/\/www.europesays.com\/es\/wp-json\/wp\/v2\/media?parent=120676"}],"wp:term":[{"taxonomy":"category","embeddable":true,"href":"https:\/\/www.europesays.com\/es\/wp-json\/wp\/v2\/categories?post=120676"},{"taxonomy":"post_tag","embeddable":true,"href":"https:\/\/www.europesays.com\/es\/wp-json\/wp\/v2\/tags?post=120676"}],"curies":[{"name":"wp","href":"https:\/\/api.w.org\/{rel}","templated":true}]}}