{"id":120690,"date":"2025-09-17T11:46:17","date_gmt":"2025-09-17T11:46:17","guid":{"rendered":"https:\/\/www.europesays.com\/es\/120690\/"},"modified":"2025-09-17T11:46:17","modified_gmt":"2025-09-17T11:46:17","slug":"chainsaw-man-adelanta-su-regreso-y-confirma-su-nueva-fecha-de-estreno-en-cines-y-con-doblaje-vandal","status":"publish","type":"post","link":"https:\/\/www.europesays.com\/es\/120690\/","title":{"rendered":"&#039;Chainsaw Man&#039; adelanta su regreso y confirma su nueva fecha de estreno en cines: &#039;Y con doblaje&#039; &#8211; Vandal"},"content":{"rendered":"<ol>\n<li><a href=\"https:\/\/news.google.com\/rss\/articles\/CBMi1gFBVV95cUxPbzBkYXdkOTc3dEJ5RXllZFppSEZvby03NHZrdklNTlVBdkxOZGRUZnZkV051MElHeG84SV9oaEZQMW9HdnpkNmNzVlhsa21SY1VfTUtiMktNMzE3TE9tM1JkSEdXbzdGTkd5OHVlSmhPUmY4RUxSblBRTkNhbXJvemhIUTJ6bEVScFFaZERNemFkb0lyWWg0d1hNNnFQdHF6MWRGemY5c1pXdF9nak5zSzJBNWFDYzJSaDVFTy1scE5kLU5LbGlIZnJCX0Zhb0J5UTdmZmZn0gHbAUFVX3lxTE1OVHVtcnQzS3I4ZEtCYzlzSmNEbnBaOVRzR3l6NTBmWEE2ejN0Snltb1lwc2JZek4tRkE0eVVvMW0zNEdiYmtOcWtvLW5KTzNXRmxuMjBvUm5QSnpYOWN3aXlLUDRpSDA0TXl2RVJyUDNGZGxUSTRKQXRkeXlfeG1CT3dJRlZnbVRKc2QwWldKRFpkV1FaWTNocUc5WFRDbmltNjhPYWxjeWFkS3diMGM3YS1kZXlQMVl3Sy1MVTF3ZTYyWEhNbnM0VC0xVnBmV3hhOVZ1V2FiQi1Ucw?oc=5\" target=\"_blank\" rel=\"nofollow noopener\">&#8216;Chainsaw Man&#8217; adelanta su regreso y confirma su nueva fecha de estreno en cines: &#8216;Y con doblaje&#8217;<\/a>&nbsp;&nbsp;Vandal<\/li>\n<li><a href=\"https:\/\/news.google.com\/rss\/articles\/CBMi9gFBVV95cUxPZi1RREFxTHY2S3QzYWdWWEYyUFpFcVcweGdNTTNzYm14X3p2RzQtRTBybHRRRHBzMjRyUXR3SUhlcUZZeFpSU1ZtMEhMekZtNzRlTFRLTzhEbEdEWm1saElxTnc4SldnLVJ1ZFhlNWxiSVJReW1WNFBiMTlkNGZFYVIzWXZNcEJFWmdtVDRTamFyWDgyZm1BVmlTempGWTJTUmhKaVRIWk1tVTUxVHVrcWVISWoyWDZzbnZtRGtoSDA5S0NicEU0cHlVVXI0RHdJc2Y5bWpjUDBjYWpkVTFOMW9UMzNGLVZhS2VuWWlxYWhQX05fOUHSAYoCQVVfeXFMTXppcGJkeVR6d1ktQVhrYThJYjNqajJWVVk1UlFZdUZ6dmRSUFI0RS1aa3pQMDBZT2lTbmFHZUJtVUN0eS1hSDA0WEVHRnNjdXpLMXR5b1VjVk40N3pLODR5dDBzNnRvUkpDTGVlQ0ZtTlFxVmNENnJGUGtRLWhZRzJERTFUcXp6SWlRU0FFSmdENnNFUXNOVUstaWN3OFlEMzl4RzY1X1FuZnZ1VzZlZGpaWUJmUzJuNXYyLW1EUDBsc05ybkgtN1MxVHdGcldrV1ZSVGhCQjRRa2w5RDNWcXRJbTVfM3p4QWtrRDJ2Z2tYWjVZT0p1UjE4eURhalJSRm1pajFaa2xsbWc?oc=5\" target=\"_blank\" rel=\"nofollow noopener\">El nuevo tr\u00e1iler de la pel\u00edcula de \u2018Chainsaw Man\u2019 es pura adrenalina: el rival de \u2018Kimetsu no Yaiba\u2019 en el cin<\/a>&nbsp;&nbsp;Diario AS<\/li>\n<li><a href=\"https:\/\/news.google.com\/rss\/articles\/CBMiaEFVX3lxTE14QWwzVzJWQXpzUENsaFlsUnk1ZS03STNBYVRHY05Lbkt4bmdOdGUtNm9MOVp0aDhTTUJSRUZMWFlBeXpTUXpyOXJkOThqelRHV056SHNVMWd3dEVVcEd0c3NDamNNWktY0gFuQVVfeXFMTnJkNWthLXREaEUwWTJJQ3BaYUZOTFVIdnE3cWlFbzhoN3lhTDlzb1FPcGlpQldyd2FZYTBYWGtzVGtXLUJOd2pMV2F2N04ycHI3MDhqb1JIcWFRWjhLOU9UNDZjal9mTnk0cGlOY3c?oc=5\" target=\"_blank\" rel=\"nofollow noopener\">Despu\u00e9s de &#8216;Demon Slayer&#8217;, le toca el turno a este anime de llegar a los cines con una pel\u00edcula 100 por ciento in\u00e9dita y sin concesiones<\/a>&nbsp;&nbsp;SensaCine.com.mx<\/li>\n<li><a href=\"https:\/\/news.google.com\/rss\/articles\/CBMipgFBVV95cUxOQlkxdHc0aTZPWFhubl85VHVLUWxHTXNwWFV1cHM1dGNTZmtiTXpMLWFBRV9NS0I1dnVTNl94NzNrOERGazFlN1ptVFdEbzF2TTZRc0Q0eUxhMTB3TzhlWWM1TEVoTjJ1TUlUQ1gtQkRLZWgxUzZOa1BFOXp3a3VZVjdvT1pROXVlLXhGYTktd21yYlNHd3ZlVUhPSzFSUlVaU0JWdDZn?oc=5\" target=\"_blank\" rel=\"nofollow noopener\">Cines en M\u00e9xico vender\u00e1n coleccionables de Chainsaw Man, \u00bfd\u00f3nde comprar los vasos y la palomera de Pochita?<\/a>&nbsp;&nbsp;es-us.noticias.yahoo.com<\/li>\n<li><a href=\"https:\/\/news.google.com\/rss\/articles\/CBMisAFBVV95cUxOSFlBeDQxTUtfOHNWWjJHVVdESkNBeFI4TXJDZDZlRlRtNGxlY19aOGFadnVQQnQwOEQySzNfdG9YVXhOSDhnMmRZSktENHFlT1BNT3VuMFdmNjQ2N2JUTEg4NDI1YU04Nk1Ycll5ZlM3bE02N2U2TkdaN0ZQZHpFM3hGOFZQV3ZTT0poemplN293ZXQtc1J1TUczNWpUUGNSNmRSOEpiNjhLNFQ4bE0xadIBtgFBVV95cUxQMjVGTTcwY200ZFdlVUlYMmVlVDVlVURhTW5fYWhpc19oY3lNX21ZVWI4SUNrWEU0LVZGVnBhOU9admdJYzgxNmwzUzBLNlcySFI1cWQ0d21TZnpMd2hob1ZUWUc5VktmcTB0TC1GWHVkMHlabko3ZE5fS0gzc21sRmQyRmszQ0xONFVNN0Etbm1IbEFsaFozMzBOMVM5Ukppb3RxT3A0dEtvMHNjOFJhcHdCUW9TQQ?oc=5\" target=\"_blank\" rel=\"nofollow noopener\">\u00bfPreparado? &#8216;Chainsaw Man&#8217; revela el primer p\u00f3ster oficial de &#8216;El Arco de Reze&#8217;<\/a>&nbsp;&nbsp;Exc\u00e9lsior<\/li>\n<\/ol>\n","protected":false},"excerpt":{"rendered":"&#8216;Chainsaw Man&#8217; adelanta su regreso y confirma su nueva fecha de estreno en cines: &#8216;Y con doblaje&#8217;&nbsp;&nbsp;Vandal El&hellip;\n","protected":false},"author":2,"featured_media":120691,"comment_status":"","ping_status":"","sticky":false,"template":"","format":"standard","meta":{"footnotes":""},"categories":[169],"tags":[177,146,147,25,24,2065,176,175,23],"class_list":{"0":"post-120690","1":"post","2":"type-post","3":"status-publish","4":"format-standard","5":"has-post-thumbnail","7":"category-cine","8":"tag-cine","9":"tag-entertainment","10":"tag-entretenimiento","11":"tag-es","12":"tag-espana","13":"tag-faltan-tags","14":"tag-film","15":"tag-movies","16":"tag-spain"},"share_on_mastodon":{"url":"","error":""},"_links":{"self":[{"href":"https:\/\/www.europesays.com\/es\/wp-json\/wp\/v2\/posts\/120690","targetHints":{"allow":["GET"]}}],"collection":[{"href":"https:\/\/www.europesays.com\/es\/wp-json\/wp\/v2\/posts"}],"about":[{"href":"https:\/\/www.europesays.com\/es\/wp-json\/wp\/v2\/types\/post"}],"author":[{"embeddable":true,"href":"https:\/\/www.europesays.com\/es\/wp-json\/wp\/v2\/users\/2"}],"replies":[{"embeddable":true,"href":"https:\/\/www.europesays.com\/es\/wp-json\/wp\/v2\/comments?post=120690"}],"version-history":[{"count":0,"href":"https:\/\/www.europesays.com\/es\/wp-json\/wp\/v2\/posts\/120690\/revisions"}],"wp:featuredmedia":[{"embeddable":true,"href":"https:\/\/www.europesays.com\/es\/wp-json\/wp\/v2\/media\/120691"}],"wp:attachment":[{"href":"https:\/\/www.europesays.com\/es\/wp-json\/wp\/v2\/media?parent=120690"}],"wp:term":[{"taxonomy":"category","embeddable":true,"href":"https:\/\/www.europesays.com\/es\/wp-json\/wp\/v2\/categories?post=120690"},{"taxonomy":"post_tag","embeddable":true,"href":"https:\/\/www.europesays.com\/es\/wp-json\/wp\/v2\/tags?post=120690"}],"curies":[{"name":"wp","href":"https:\/\/api.w.org\/{rel}","templated":true}]}}