{"id":120707,"date":"2025-09-17T11:57:06","date_gmt":"2025-09-17T11:57:06","guid":{"rendered":"https:\/\/www.europesays.com\/es\/120707\/"},"modified":"2025-09-17T11:57:06","modified_gmt":"2025-09-17T11:57:06","slug":"explosion-cultural-el-financiero","status":"publish","type":"post","link":"https:\/\/www.europesays.com\/es\/120707\/","title":{"rendered":"Explosi\u00f3n cultural \u2013 El Financiero"},"content":{"rendered":"<p class=\"c-paragraph\">La octava edici\u00f3n de la Corrida de la Insurgencia result\u00f3 una experiencia sensorial m\u00e1s all\u00e1 de lo que puede ofrecer cualquier espect\u00e1culo cultural, art\u00edstico o deportivo. En esta columna hemos seguido cada una de las ediciones: las primeras, en San Miguel de Allende, y las m\u00e1s recientes, en la centenaria Plaza de Toros San Marcos de la capital hidroc\u00e1lida. Todas han sido especiales, con el orgullo de nuestra identidad e historia, con el sentimiento de llevar a M\u00e9xico en la piel a trav\u00e9s de sus tradiciones e idiosincrasia.<\/p>\n<p class=\"c-paragraph\">La semana pasada anunci\u00e1bamos la tarde, el cartel y la experiencia musical. Me qued\u00e9 corto. Los casi tres mil espectadores que llenaron los tendidos no solo adquirieron su boleto, sino que adem\u00e1s, en un gesto altruista com\u00fan dentro del p\u00fablico taurino \u2014y raro en los sectores prohibicionistas\u2014 contribuyeron con la causa ben\u00e9fica. El DIF Estatal recibir\u00e1 \u00edntegros los beneficios recaudados, destinados a apoyar a ni\u00f1os y personas mayores.<\/p>\n<p class=\"c-paragraph\">La tarde, que se convirti\u00f3 en noche, fue m\u00e1gica. Se lidi\u00f3 un encierro bien presentado de Santa In\u00e9s, hierro local, propiedad del tambi\u00e9n hidroc\u00e1lido Isaac Garc\u00eda, part\u00edcipe de una velada inolvidable. Diego S\u00e1nchez cort\u00f3 una oreja a su primero y mostr\u00f3 tes\u00f3n con su segundo y con el de regalo. El triunfador de la Insurgencia 2024, H\u00e9ctor Guti\u00e9rrez, esta vez no tuvo fortuna en el sorteo. Tore\u00f3 por nota a su segundo con el capote: imponentes ver\u00f3nicas en los medios, suaves, disminuyendo la velocidad de la embestida ante los vuelos de la tela; arte, cadencia, elegancia y torer\u00eda. El toro se apag\u00f3 y el de regalo dijo poco.<\/p>\n<p class=\"c-paragraph\">La noche, sin embargo, fue para Antonio Ferrera. Al primero, un buen toro, le cort\u00f3 una oreja. Anduvo inspirado, aunque nada comparable con lo que aguardaba en el cuarto de la tarde.<\/p>\n<p class=\"c-paragraph\">Ya hab\u00edamos gozado, en el pre\u00e1mbulo, de la interpretaci\u00f3n de la Orquesta Sinf\u00f3nica de Aguascalientes, que ofreci\u00f3 piezas de Agust\u00edn Lara. Durante el despeje de banderas son\u00f3 la Fanfarria de Allende, obra del maestro Rom\u00e1n Revueltas, quien tambi\u00e9n brill\u00f3 durante la velada. En las faenas de muleta se escucharon interpretaciones magistrales: Los toreadores de Georges Bizet; el vals Voces de Primavera de Johann Strauss en el abre plaza; El lago de los cisnes de Chaikovski en el segundo toro; El Danubio azul de Strauss en el tercero; y, en el intermedio, la Marcha Radetzky, tambi\u00e9n de Strauss.<\/p>\n<p class=\"c-paragraph\">Cuando sali\u00f3 el cuarto, ya entrada la noche hidroc\u00e1lida, Ferrera \u2014de verde y oro a la usanza insurgente, con el \u00c1guila Imperial bordada en la espalda\u2014 se inspir\u00f3 desde el recibo con su capa verde botella de seda, en lances con reminiscencias del Pana. Tom\u00f3 los palos y el capote para poner \u00e9l mismo al toro, y cuaj\u00f3 tres pares de banderillas. Brind\u00f3 su actuaci\u00f3n a un distinguido m\u00e9dico local que, en la subasta ben\u00e9fica celebrada la semana previa, hab\u00eda ganado el honor de recibir un brindis. Nadie imagin\u00f3 que ser\u00eda en una de las mejores faenas y momentos vividos en la Plaza San Marcos.<\/p>\n<p class=\"c-paragraph\">Para esta obra, el maestro Revueltas eligi\u00f3 Nessun Dorma de Giacomo Puccini, interpretada magistralmente por el tenor mexicano Kassem Li\u00e9vanos. Entonces comenz\u00f3 la magia: Ferrera tore\u00f3 con temple y quietud, confiando en la nobleza del toro y en plena conexi\u00f3n espiritual con las potentes notas de Li\u00e9vanos, que supo ajustar su interpretaci\u00f3n al comp\u00e1s de la embestida del noble astado de Santa In\u00e9s. Dif\u00edcil poner en palabras lo que todos sentimos: nos elevamos como el toro alado que el maestro Rafael S\u00e1nchez de Icaza cre\u00f3 para ilustrar el ruedo aquella noche.<\/p>\n<p class=\"c-paragraph\">Bravura Azul, nombre del toro y de la obra pict\u00f3rica, embisti\u00f3 con la suavidad y potencia de las notas so\u00f1adas por Puccini, quien jam\u00e1s habr\u00eda imaginado que su composici\u00f3n flotar\u00eda en el placer auditivo, visual y emocional de una faena taurina. Los tempos de la m\u00fasica se enlazaron con el toreo de mu\u00f1ecas rotas: temple, valor y bravura de los protagonistas. Desde lo alto, Revueltas y Li\u00e9vanos llenaban los sentidos al ritmo de la lidia. Magia, cultura, emoci\u00f3n, devoci\u00f3n, tradici\u00f3n, mexicanidad y orgullo de ser taurinos. Una faena de uni\u00f3n musical, pict\u00f3rica y taurina. Se alinearon los astros: surgi\u00f3 el milagro del instante ef\u00edmero y eterno. Vac\u00edo en el alma, pleno el esp\u00edritu, rebosante el coraz\u00f3n.<\/p>\n<p class=\"c-paragraph\">Ferrera mat\u00f3 de una estocada recibiendo, a la distancia, con todo a favor del toro. Tuvo el valor de aguantar, templar y entregarse en la cruz, ofreciendo el pecho dispuesto a morir. Solemne la muerte del bravo astado, honor de arrastre lento y su nombre ya grabado en la historia del toreo. Orejas y rabo para Ferrera, vuelta al ruedo con el ganadero y sus hijos.<\/p>\n<p class=\"c-paragraph\">Misi\u00f3n cumplida: altruismo, cultura y tradici\u00f3n. Libertad de ser quienes somos, sin complejos ni imposiciones. El toreo tiene todo para mantenerse vivo.<\/p>\n","protected":false},"excerpt":{"rendered":"La octava edici\u00f3n de la Corrida de la Insurgencia result\u00f3 una experiencia sensorial m\u00e1s all\u00e1 de lo que&hellip;\n","protected":false},"author":2,"featured_media":120708,"comment_status":"","ping_status":"","sticky":false,"template":"","format":"standard","meta":{"footnotes":""},"categories":[277],"tags":[39839,39843,39840,373,39837,168,25,24,39838,39842,2940,39841,36170,23,167,374],"class_list":{"0":"post-120707","1":"post","2":"type-post","3":"status-publish","4":"format-standard","5":"has-post-thumbnail","7":"category-toreo","8":"tag-que-le-paso-a-antonio-ferrera","9":"tag-quien-compuso-voces-de-primavera","10":"tag-antonio-ferrera-matador-de-toros","11":"tag-bullfighting","12":"tag-corrida-de-la-insurgencia","13":"tag-deportes","14":"tag-es","15":"tag-espana","16":"tag-hector-gutierrez-torero","17":"tag-johann-strauss-voces-de-la-primavera","18":"tag-khp","19":"tag-los-toreadores-de-georges-bizet","20":"tag-orquesta-sinfonica-de-aguascalientes","21":"tag-spain","22":"tag-sports","23":"tag-toreo"},"share_on_mastodon":{"url":"","error":""},"_links":{"self":[{"href":"https:\/\/www.europesays.com\/es\/wp-json\/wp\/v2\/posts\/120707","targetHints":{"allow":["GET"]}}],"collection":[{"href":"https:\/\/www.europesays.com\/es\/wp-json\/wp\/v2\/posts"}],"about":[{"href":"https:\/\/www.europesays.com\/es\/wp-json\/wp\/v2\/types\/post"}],"author":[{"embeddable":true,"href":"https:\/\/www.europesays.com\/es\/wp-json\/wp\/v2\/users\/2"}],"replies":[{"embeddable":true,"href":"https:\/\/www.europesays.com\/es\/wp-json\/wp\/v2\/comments?post=120707"}],"version-history":[{"count":0,"href":"https:\/\/www.europesays.com\/es\/wp-json\/wp\/v2\/posts\/120707\/revisions"}],"wp:featuredmedia":[{"embeddable":true,"href":"https:\/\/www.europesays.com\/es\/wp-json\/wp\/v2\/media\/120708"}],"wp:attachment":[{"href":"https:\/\/www.europesays.com\/es\/wp-json\/wp\/v2\/media?parent=120707"}],"wp:term":[{"taxonomy":"category","embeddable":true,"href":"https:\/\/www.europesays.com\/es\/wp-json\/wp\/v2\/categories?post=120707"},{"taxonomy":"post_tag","embeddable":true,"href":"https:\/\/www.europesays.com\/es\/wp-json\/wp\/v2\/tags?post=120707"}],"curies":[{"name":"wp","href":"https:\/\/api.w.org\/{rel}","templated":true}]}}