{"id":120713,"date":"2025-09-17T12:01:11","date_gmt":"2025-09-17T12:01:11","guid":{"rendered":"https:\/\/www.europesays.com\/es\/120713\/"},"modified":"2025-09-17T12:01:11","modified_gmt":"2025-09-17T12:01:11","slug":"el-ensanche-de-vallecas-celebrara-la-v-marcha-ciclista-a-pinon-fijo-por-la-movilidad","status":"publish","type":"post","link":"https:\/\/www.europesays.com\/es\/120713\/","title":{"rendered":"El Ensanche de Vallecas celebrar\u00e1 la V Marcha Ciclista &#8216;A Pi\u00f1\u00f3n fijo por la Movilidad&#8217;"},"content":{"rendered":"<p>El pr\u00f3ximo s\u00e1bado 20 de septiembre a las 10:30 horas, la movilidad sostenible vuelve a tomar protagonismo en las calles del Ensanche de Vallecas con la quinta edici\u00f3n de la Marcha Ciclista \u2018A Pi\u00f1\u00f3n fijo por la Movilidad\u2019, organizada por la JMD de Villa de Vallecas con la colaboraci\u00f3n de la\u00a0A.V. del PAU del Ensanche de Vallecas y la AMPA del IES Mar\u00eda Rodrigo.<\/p>\n<p>La cita reunir\u00e1 a ciclistas de todas las edades en un recorrido de 10 kil\u00f3metros, que partir\u00e1 desde el IES Mar\u00eda Rodrigo y finalizar\u00e1 en el Polideportivo Juan De Dios Rom\u00e1n.\u00a0<\/p>\n<p>La inscripci\u00f3n es gratuita y estar\u00e1 abierta hasta el 17 de septiembre a trav\u00e9s del siguiente formulario: <a href=\"https:\/\/acortar.link\/PoKqfB\" target=\"_blank\" rel=\"noreferrer noopener nofollow\">Inscripci\u00f3n V Marcha Ciclista \u201cA Pi\u00f1\u00f3n fijo por la Movilidad\u201d<\/a><\/p>\n<p>Desde la organizaci\u00f3n recuerdan que los ni\u00f1os y ni\u00f1as de 5 a\u00f1os o menores deber\u00e1n ir portados y no podr\u00e1n conducir su propia bici, con el fin de poder seguir el ritmo del pelot\u00f3n. <\/p>\n<p>Asimismo, recomiendan a las familias revisar previamente el recorrido y valorar si sus hijos e hijas podr\u00e1n realizarlo.\u00a0<\/p>\n<p>Adem\u00e1s, se\u00f1alan que los menores de 18 a\u00f1os deben ir acompa\u00f1ados por sus tutores y que el casco es obligatorio para los menores de 16 y recomendado para el resto de los participantes.\u00a0<\/p>\n<p>Contin\u00faa la conversaci\u00f3n en redes sociales:<\/p>\n","protected":false},"excerpt":{"rendered":"El pr\u00f3ximo s\u00e1bado 20 de septiembre a las 10:30 horas, la movilidad sostenible vuelve a tomar protagonismo en&hellip;\n","protected":false},"author":2,"featured_media":120714,"comment_status":"","ping_status":"","sticky":false,"template":"","format":"standard","meta":{"footnotes":""},"categories":[273],"tags":[39844,39845,313,312,634,168,39846,25,24,39847,39848,23,167,39849],"class_list":{"0":"post-120713","1":"post","2":"type-post","3":"status-publish","4":"format-standard","5":"has-post-thumbnail","7":"category-ciclismo","8":"tag-ampa-ies-maria-rodrigo","9":"tag-av-pau-ensanche-de-vallecas","10":"tag-ciclismo","11":"tag-cycling","12":"tag-deporte","13":"tag-deportes","14":"tag-ensanche-de-vallecas","15":"tag-es","16":"tag-espana","17":"tag-jmd-villa-de-vallecas","18":"tag-marcha-ciclista","19":"tag-spain","20":"tag-sports","21":"tag-v-marcha-ciclista-a-pinon-fijo-por-la-movilidad"},"share_on_mastodon":{"url":"","error":""},"_links":{"self":[{"href":"https:\/\/www.europesays.com\/es\/wp-json\/wp\/v2\/posts\/120713","targetHints":{"allow":["GET"]}}],"collection":[{"href":"https:\/\/www.europesays.com\/es\/wp-json\/wp\/v2\/posts"}],"about":[{"href":"https:\/\/www.europesays.com\/es\/wp-json\/wp\/v2\/types\/post"}],"author":[{"embeddable":true,"href":"https:\/\/www.europesays.com\/es\/wp-json\/wp\/v2\/users\/2"}],"replies":[{"embeddable":true,"href":"https:\/\/www.europesays.com\/es\/wp-json\/wp\/v2\/comments?post=120713"}],"version-history":[{"count":0,"href":"https:\/\/www.europesays.com\/es\/wp-json\/wp\/v2\/posts\/120713\/revisions"}],"wp:featuredmedia":[{"embeddable":true,"href":"https:\/\/www.europesays.com\/es\/wp-json\/wp\/v2\/media\/120714"}],"wp:attachment":[{"href":"https:\/\/www.europesays.com\/es\/wp-json\/wp\/v2\/media?parent=120713"}],"wp:term":[{"taxonomy":"category","embeddable":true,"href":"https:\/\/www.europesays.com\/es\/wp-json\/wp\/v2\/categories?post=120713"},{"taxonomy":"post_tag","embeddable":true,"href":"https:\/\/www.europesays.com\/es\/wp-json\/wp\/v2\/tags?post=120713"}],"curies":[{"name":"wp","href":"https:\/\/api.w.org\/{rel}","templated":true}]}}