{"id":120727,"date":"2025-09-17T12:09:11","date_gmt":"2025-09-17T12:09:11","guid":{"rendered":"https:\/\/www.europesays.com\/es\/120727\/"},"modified":"2025-09-17T12:09:11","modified_gmt":"2025-09-17T12:09:11","slug":"las-guerreras-k-pop-acaba-de-marcar-un-nuevo-hito-de-visionados-en-netflix-que-sera-muy-complicado-de-superar","status":"publish","type":"post","link":"https:\/\/www.europesays.com\/es\/120727\/","title":{"rendered":"Las guerreras k-pop acaba de marcar un nuevo hito de visionados en Netflix que ser\u00e1 muy complicado de superar"},"content":{"rendered":"<p>La pel\u00edcula de animaci\u00f3n del verano est\u00e1 a punto de completar el ciclo de seguimiento de visionados en Netflix, pero antes ha rebasado un nuevo hito.<\/p>\n<p>Ha sido un verano con el que en <a href=\"https:\/\/www.hobbyconsolas.com\/reportajes\/netflix-espana-planes-precio-compartir-cuenta-catalogo-1150345\" title=\"Netflix Espa\u00f1a: planes, precio, compartir cuenta, cat\u00e1logo y m\u00e1s\" rel=\"nofollow noopener\" target=\"_blank\">Netflix <\/a>puede estar m\u00e1s que satisfechos. <a href=\"https:\/\/www.hobbyconsolas.com\/noticias\/sony-pictures-estan-satisfechos-exito-guerreras-k-pop-explican-como-reparto-netflix-1482080\" title=\"En Sony Pictures est\u00e1n satisfechos con el \u00e9xito de Las guerreras k-pop y explican c\u00f3mo es el reparto con Netflix\" rel=\"nofollow noopener\" target=\"_blank\">Las guerreras k-pop<\/a> llegaba el <strong>20 de junio<\/strong> como estreno destacado, pero sin la pompa de las <a href=\"https:\/\/www.hobbyconsolas.com\/reportajes\/peliculas-esperadas-2025-ballerina-avatar-3-1430041\" title=\"Las pel\u00edculas m\u00e1s esperadas de 2025: de Ballerina a Avatar 3\" rel=\"nofollow noopener\" target=\"_blank\">pel\u00edculas <\/a>de alto perfil de la plataforma. No le hizo falta, pues la cinta ha destrozado r\u00e9cords por m\u00e9ritos propios.<\/p>\n<p>La aventura de estas idols coreanas que, adem\u00e1s, cazan demonios y alimentan el escudo que defiende el mundo de las fuerzas del inframundo, ha conseguido convertirse en la mejor pel\u00edcula de la historia de Netflix, rebasando el r\u00e9cord que estableci\u00f3 en 2021 <a href=\"https:\/\/www.hobbyconsolas.com\/reviews\/critica-alerta-roja-pelicula-accion-humor-clave-buddy-movie-cacos-ladrones-deslumbrante-reparto-959373\" title=\"Cr\u00edtica de Alerta roja, la pel\u00edcula de acci\u00f3n y humor en clave de buddy movie de cacos y ladrones con deslumbrante reparto\" rel=\"nofollow noopener\" target=\"_blank\">Alerta roja<\/a>, que lleg\u00f3 con mucha m\u00e1s promoci\u00f3n.<\/p>\n<p>Pero no ha sido suficiente. <strong>Netflix contabiliza siempre los primeros 91 d\u00edas de presencia de una pel\u00edcula o serie en la plataforma<\/strong> para determinar su posici\u00f3n en el <a href=\"https:\/\/www.netflix.com\/tudum\/top10\/es\/most-popular\" target=\"_blank\" rel=\"nofollow noopener\">ranking <\/a>y la marca que dejan en \u00e9l. Las guerreras k-pop ya se hab\u00edan hecho con el n\u00famero 1, pero a\u00fan pod\u00edan poner el list\u00f3n m\u00e1s alto para quien aspire a disputar la corona.<\/p>\n<p>Y como un buen agudo de <strong>Rumi<\/strong>, Las guerreras k-pop promete no soltar la primera posici\u00f3n del ranking en unos cuantos a\u00f1os, salvo sorpresa, especialmente tras superar su \u00faltimo hito.<\/p>\n<p>Las guerreras k-pop supera los 300 millones de visionados en Netflix<\/p>\n<p>Tras el conteo de visionados de la semana comprendida entre el 8 y el 14 de septiembre de 2025, donde Las guerreras k-pop ha recuperado el n\u00famero 1 semanal, <strong>la pel\u00edcula ha rebasado la marca de los 300 millones de visionados en Netflix<\/strong>.<\/p>\n<p>Concretamente, Las guerreras k-pop se posiciona con <strong>314,2 millones de visionados<\/strong>. Alerta roja retuvo el t\u00edtulo durante cuatro a\u00f1os gracias a 230,9 millones de visionados, as\u00ed que puedes hacerte una idea de lo alto que se ha colocado el list\u00f3n.<\/p>\n<p>Y a\u00fan quedan unos cuantos d\u00edas por contabilizar, pues los primeros 91 d\u00edas de estancia en Netflix de Las guerreras k-pop se cumplen este viernes 19 de septiembre. Casi todo lo que acumule la pel\u00edcula esta semana se a\u00f1adir\u00e1 a la cifra final.<\/p>\n<p>A\u00fan no se sabe c\u00f3mo va a seguir explotando <strong>Netflix <\/strong><strong>Las guerreras k-pop<\/strong>, pero en <strong>Sony Pictures Animation<\/strong> ya han compartido su entusiasmo por el \u00e9xito de la pel\u00edcula que surgi\u00f3 fruto del acuerdo anual que tienen con la plataforma.<\/p>\n<p>Conoce <a href=\"https:\/\/www.hobbyconsolas.com\/como-trabajamos\" title=\"&quot;C\u00f3mo trabajamos en HobbyConsolas&quot;\" target=\"_blank\" rel=\"nofollow noopener\">c\u00f3mo trabajamos<\/a> en HobbyConsolas.<\/p>\n<p class=\"more-info_p__isR8T\">Etiquetas: <a href=\"https:\/\/www.hobbyconsolas.com\/tags\/netflix\" rel=\"nofollow noopener\" target=\"_blank\">Netflix<\/a><\/p>\n","protected":false},"excerpt":{"rendered":"La pel\u00edcula de animaci\u00f3n del verano est\u00e1 a punto de completar el ciclo de seguimiento de visionados en&hellip;\n","protected":false},"author":2,"featured_media":120728,"comment_status":"","ping_status":"","sticky":false,"template":"","format":"standard","meta":{"footnotes":""},"categories":[170],"tags":[146,147,25,24,184,185,23],"class_list":{"0":"post-120727","1":"post","2":"type-post","3":"status-publish","4":"format-standard","5":"has-post-thumbnail","7":"category-musica","8":"tag-entertainment","9":"tag-entretenimiento","10":"tag-es","11":"tag-espana","12":"tag-music","13":"tag-musica","14":"tag-spain"},"share_on_mastodon":{"url":"","error":""},"_links":{"self":[{"href":"https:\/\/www.europesays.com\/es\/wp-json\/wp\/v2\/posts\/120727","targetHints":{"allow":["GET"]}}],"collection":[{"href":"https:\/\/www.europesays.com\/es\/wp-json\/wp\/v2\/posts"}],"about":[{"href":"https:\/\/www.europesays.com\/es\/wp-json\/wp\/v2\/types\/post"}],"author":[{"embeddable":true,"href":"https:\/\/www.europesays.com\/es\/wp-json\/wp\/v2\/users\/2"}],"replies":[{"embeddable":true,"href":"https:\/\/www.europesays.com\/es\/wp-json\/wp\/v2\/comments?post=120727"}],"version-history":[{"count":0,"href":"https:\/\/www.europesays.com\/es\/wp-json\/wp\/v2\/posts\/120727\/revisions"}],"wp:featuredmedia":[{"embeddable":true,"href":"https:\/\/www.europesays.com\/es\/wp-json\/wp\/v2\/media\/120728"}],"wp:attachment":[{"href":"https:\/\/www.europesays.com\/es\/wp-json\/wp\/v2\/media?parent=120727"}],"wp:term":[{"taxonomy":"category","embeddable":true,"href":"https:\/\/www.europesays.com\/es\/wp-json\/wp\/v2\/categories?post=120727"},{"taxonomy":"post_tag","embeddable":true,"href":"https:\/\/www.europesays.com\/es\/wp-json\/wp\/v2\/tags?post=120727"}],"curies":[{"name":"wp","href":"https:\/\/api.w.org\/{rel}","templated":true}]}}