{"id":120753,"date":"2025-09-17T12:28:10","date_gmt":"2025-09-17T12:28:10","guid":{"rendered":"https:\/\/www.europesays.com\/es\/120753\/"},"modified":"2025-09-17T12:28:10","modified_gmt":"2025-09-17T12:28:10","slug":"la-cumbre-imba-europe-2025-reune-a-la-flor-y-nata-del-ciclismo-en-boltana","status":"publish","type":"post","link":"https:\/\/www.europesays.com\/es\/120753\/","title":{"rendered":"La cumbre IMBA Europe 2025 re\u00fane a \u201cla flor y nata\u201d del ciclismo en Bolta\u00f1a"},"content":{"rendered":"<p class=\"paragraph\">Bolta\u00f1a es de ayer y hasta este jueves, 18 de septiembre, el escenario de la cumbre IMBA (International Mountain Bicycling Association) Europe Summit 2025 , el <b>mayor encuentro europeo de debate del sector MTB<\/b>, en el que se dan cita gestores de destinos de ciclismo de monta\u00f1a, \u2018trailbuilders\u2019, investigadores, industria, responsables pol\u00edticos, activistas y entusiastas del ciclismo. <b>Hay m\u00e1s de 170 inscritos de una veintena de pa\u00edses<\/b> de todo el mundo; de hecho el 70 por ciento de los participantes son extranjeros.<\/p>\n<p class=\"paragraph\">La cita <b>se inaugur\u00f3 ayer en el Palacio de Congresos de Bolta\u00f1a<\/b> con la presencia de la consejera de Educaci\u00f3n, Cultura y Deporte del Gobierno de Arag\u00f3n, Tomasa Hern\u00e1ndez;el alcalde anfitri\u00f3n, Jos\u00e9 Mar\u00eda Gim\u00e9nez; el vicepresidente de la Diputaci\u00f3n de Huesca, Ricardo Oliv\u00e1n; el presidente de Zona Zero, Jorge Ruiz de Eguilaz;y el presidente de IMBA Europa, Thomas Larsen Schmidt.<\/p>\n<p class=\"paragraph\">Estos foros de debate <b>se celebran cada a\u00f1o en un pa\u00eds diferente<\/b> con el objetivo de compartir conocimientos, establecer contactos y discutir los desaf\u00edos y oportunidades del MTB en Europa, especialmente en el desarrollo de senderos y el crecimiento de las comunidades rurales a trav\u00e9s de la bicicleta de monta\u00f1a.<\/p>\n<p class=\"paragraph\">Esta IMBA Europe Summit 2025 de Bolta\u00f1a, co-organizada por MTB Kingdoms-Pyr\u00e9n\u00e9es y la propia IMBA Europe, es la primera que <b>se celebra en Espa\u00f1a en m\u00e1s de 10 a\u00f1os<\/b>, tras la edici\u00f3n de 2014, en Cercedilla (Madrid), y es la que tiene el mayor n\u00famero de inscritos de la historia de este evento.<\/p>\n<p class=\"paragraph\">Se trata de una oportunidad \u00fanica para el colectivo ciclista de monta\u00f1a de nuestro pa\u00eds y para el propio territorio altoaragon\u00e9s que, en esta edici\u00f3n, <b>cuenta con el apoyo del Gobierno de Arag\u00f3n<\/b>, la Diputaci\u00f3n Provincial de Huesca, el Ayuntamiento de Bolta\u00f1a y Orbea como patrocinador principal.<\/p>\n<p class=\"paragraph\">En el acto de apertura del encuentro, Tomasa Hern\u00e1ndez reivindic\u00f3 el potencial de la comunidad aut\u00f3noma como destino de referencia para el cicloturismo y el ciclismo de monta\u00f1a. \u201cEl ciclismo <b>genera empleo, atrae turismo de calidad y da vida<\/b> a nuestros municipios\u201d, afirm\u00f3.<\/p>\n<p class=\"paragraph\">La consejera subray\u00f3 que la provincia de Huesca, con su diversidad de paisajes, como el Parque Nacional de Ordesa y Monte Perdido, la Sierra de Guara o el Valle del Ara, \u201cHuesca <b>es un para\u00edso natural para los ciclistas<\/b>\u201d y un lugar \u201cperfecto\u201d para acoger la cumbre de IMBA, \u201cuna de las m\u00e1s importantes del mundo\u201d. Esta cita, \u201cdebe convertirse en una fuente de conocimiento e inspiraci\u00f3n para los gestores rurales espa\u00f1oles y aragoneses\u201d, dijo.<\/p>\n<p class=\"paragraph\">La red de senderos de Arag\u00f3n, la belleza de sus paisajes y la calidad de los aragoneses \u201chacen de Huesca y de Arag\u00f3n el lugar ideal para aquellos que buscan una conexi\u00f3n aut\u00e9ntica con la naturaleza a trav\u00e9s del deporte\u201d, consider\u00f3 la consejera, al tiempo que invit\u00f3 a disfrutar de Bolta\u00f1a y de Arag\u00f3n y a dejarse sorprender \u201cpor su gastronom\u00eda, su patrimonio y su naturaleza\u201d. \u201c<b>Arag\u00f3n se est\u00e1 convirtiendo en una referencia<\/b> en eventos deportivos y la provincia de Huesca, en aquellos vinculados al ciclismo, y queremos seguir en este camino\u201d, manifest\u00f3.<\/p>\n<p class=\"paragraph\">Jorge Ruiz de Eguilaz destac\u00f3 la presencia en Bolta\u00f1a de participantes de Estados Unidos, Canad\u00e1, Nueva Zelanda, Tasmania, y de pa\u00edses de Oriente Medio, de Europa, de Sud\u00e1frica y de Sudam\u00e9rica, es decir, de todo el mundo. <b>Hay una cuarentena de ponentes<\/b>, de los que alrededor del 85 % tambi\u00e9n son extranjeros, puntualiz\u00f3.<\/p>\n<p class=\"paragraph\">No dud\u00f3 en asegurar que el foro acoge a \u201cla flor y la nata del ciclismo europeo y casi mundial a nivel de asociaciones de defensa de la bici, clubes ciclistas, asociaciones de \u2018trailbuilders\u2019, muchas de las mejores empresas que crean destinos de bici, empresas de creaci\u00f3n de rutas.<\/p>\n<p class=\"paragraph\">\u201cPero tenemos mucho m\u00e1s\u201d, explic\u00f3 orgullo el presidente de Zona Zero, ya que <b>hay conferencias de especialista de varias universidades<\/b>, entre ellas la de Zaragoza, la de Edimburgo o la de Bristol. Esta \u00faltima presentar\u00e1, por ejemplo, un estudio sobre c\u00f3mo afecta al cerebro la actividad al aire libre, en este caso el ciclismo. Tambi\u00e9n se ha programado una mesa redonda con los principales actores de la bici a nivel nacional.<\/p>\n<p class=\"paragraph\">La jornada de ayer <b>incluy\u00f3 una ruta circular que pas\u00f3 por el matadero<\/b> municipal ecol\u00f3gico de A\u00ednsa, el muladar de alimentaci\u00f3n de aves y una granja de econom\u00eda circular.\u00a0<\/p>\n","protected":false},"excerpt":{"rendered":"Bolta\u00f1a es de ayer y hasta este jueves, 18 de septiembre, el escenario de la cumbre IMBA (International&hellip;\n","protected":false},"author":2,"featured_media":120754,"comment_status":"","ping_status":"","sticky":false,"template":"","format":"standard","meta":{"footnotes":""},"categories":[273],"tags":[39851,313,3563,312,168,25,24,406,4984,23,167],"class_list":{"0":"post-120753","1":"post","2":"type-post","3":"status-publish","4":"format-standard","5":"has-post-thumbnail","7":"category-ciclismo","8":"tag-boltana","9":"tag-ciclismo","10":"tag-cumbre","11":"tag-cycling","12":"tag-deportes","13":"tag-es","14":"tag-espana","15":"tag-europe","16":"tag-reune","17":"tag-spain","18":"tag-sports"},"share_on_mastodon":{"url":"","error":""},"_links":{"self":[{"href":"https:\/\/www.europesays.com\/es\/wp-json\/wp\/v2\/posts\/120753","targetHints":{"allow":["GET"]}}],"collection":[{"href":"https:\/\/www.europesays.com\/es\/wp-json\/wp\/v2\/posts"}],"about":[{"href":"https:\/\/www.europesays.com\/es\/wp-json\/wp\/v2\/types\/post"}],"author":[{"embeddable":true,"href":"https:\/\/www.europesays.com\/es\/wp-json\/wp\/v2\/users\/2"}],"replies":[{"embeddable":true,"href":"https:\/\/www.europesays.com\/es\/wp-json\/wp\/v2\/comments?post=120753"}],"version-history":[{"count":0,"href":"https:\/\/www.europesays.com\/es\/wp-json\/wp\/v2\/posts\/120753\/revisions"}],"wp:featuredmedia":[{"embeddable":true,"href":"https:\/\/www.europesays.com\/es\/wp-json\/wp\/v2\/media\/120754"}],"wp:attachment":[{"href":"https:\/\/www.europesays.com\/es\/wp-json\/wp\/v2\/media?parent=120753"}],"wp:term":[{"taxonomy":"category","embeddable":true,"href":"https:\/\/www.europesays.com\/es\/wp-json\/wp\/v2\/categories?post=120753"},{"taxonomy":"post_tag","embeddable":true,"href":"https:\/\/www.europesays.com\/es\/wp-json\/wp\/v2\/tags?post=120753"}],"curies":[{"name":"wp","href":"https:\/\/api.w.org\/{rel}","templated":true}]}}