{"id":120757,"date":"2025-09-17T12:30:05","date_gmt":"2025-09-17T12:30:05","guid":{"rendered":"https:\/\/www.europesays.com\/es\/120757\/"},"modified":"2025-09-17T12:30:05","modified_gmt":"2025-09-17T12:30:05","slug":"el-barca-de-basket-se-prepara-para-un-cambio-historico-en-2028","status":"publish","type":"post","link":"https:\/\/www.europesays.com\/es\/120757\/","title":{"rendered":"El Bar\u00e7a de basket se prepara para un cambio hist\u00f3rico en 2028"},"content":{"rendered":"<p class=\"ft-text\">Siguen las novedades respecto a la llegada de la NBA a Europa.<strong> El comisionado de la competici\u00f3n, <\/strong><a class=\"ft-link ft-link--decoration\" href=\"https:\/\/www.sport.es\/es\/noticias\/baloncesto\/nba-confirma-avanza-llegada-europa-121482005\" rel=\"nofollow noopener\" target=\"_blank\"><strong>Adam Silver, ha desvelado la fecha en que la liga norteamericana aterrizar\u00eda en el Viejo Continente<\/strong><\/a><strong>.<\/strong> Hace pocos d\u00edas, <strong>Jorge Garbajosa<\/strong> ya hab\u00eda dejado alguna pista al respecto, pero ahora ha sido el m\u00e1ximo responsable el que se ha pronunciado sin limitaciones.<\/p>\n<p class=\"ft-text\">\u00ab<strong>No creo que quiera ir mucho m\u00e1s all\u00e1 de 2028.<\/strong> La oportunidad es ahora para hacer algo as\u00ed\u00bb, declar\u00f3 Silver. Adem\u00e1s, catalog\u00f3 de \u00abambicioso\u00bb el objetivo de iniciar la NBA Europa en 2027, un a\u00f1o en el que podr\u00edan chocar sus intereses con los de la Euroliga. Sin embargo, no descart\u00f3 la posibilidad de que la nueva competici\u00f3n arrancase en tan solo dos a\u00f1os.<\/p>\n<p class=\"ft-text\"><strong>La NBA y la FIBA<\/strong> anunciaron la creaci\u00f3n de una liga europea en marzo. El proceso no ha dejado de avanzar y una demostraci\u00f3n <strong>es la contrataci\u00f3n de JPMorgan Chase y Raine Group como asesores para llevar a cabo este gran paso de la manera m\u00e1s eficaz y seria posible.<\/strong> Se tratar\u00eda de la expansi\u00f3n m\u00e1s grande de la marca m\u00e1s grande del baloncesto.<\/p>\n<p><img decoding=\"async\" src=\"https:\/\/www.europesays.com\/es\/wp-content\/uploads\/2025\/09\/dc064756-1fd9-48f0-bc99-f848b59a80cc_alta-libre-aspect-ratio_default_0.jpg\" width=\"1200\" height=\"799\" alt=\"Adam Silver dio cuenta ante los medios de los acuerdos alcanzados con los propietarios de la NBA\" class=\"ft-helper-img-rd\" loading=\"lazy\" hasdataaida=\"true\"\/><\/p>\n<p class=\"ft-helper-fontColor-quaternary ft-helper-fontSize-body-S ft-helper-spacer-t-xxs\">Adam Silver dio cuenta ante los medios de los acuerdos alcanzados con los propietarios de la NBA  \/ NBA<\/p>\n<p class=\"ft-text\">\u00abEl baloncesto es probablemente el deporte de mayor crecimiento en el mundo actualmente, <strong>y es el segundo deporte n\u00famero uno en Europa, despu\u00e9s del f\u00fatbol<\/strong>, as\u00ed que creo que existe una verdadera oportunidad\u00bb, reconoci\u00f3 el comisionado de la NBA. <strong>Jorge Garbajosa<\/strong>, presidente de la FIBA Europa, va en la misma l\u00ednea: \u00abVa a llevar tiempo, pero va a suceder. C\u00f3mo y cu\u00e1ndo, ya veremos.<strong> Algunas previsiones hablan de 2027 y creo que es un buen a\u00f1o<\/strong>\u00ab.<\/p>\n<p class=\"ft-text\"><strong>El plan de la NBA es el de crear una liga de 16 equipos para un inicio<\/strong>. Hace dos meses, Adam Silver aterriz\u00f3 en Par\u00eds para hacer una gira por Europa y hablar con varios equipos acerca de su disponibilidad. Entre los clubes que figuran en esta futura liga, <strong>l\u00f3gicamente est\u00e1n Madrid y Bar\u00e7a.<\/strong> Ambos se consideran piezas fundamentales del proyecto y los clubes han confirmado que se cuenta con ambos.<\/p>\n<p><img decoding=\"async\" src=\"https:\/\/www.europesays.com\/es\/wp-content\/uploads\/2025\/09\/688e1df6-a5f8-4a5b-8b34-168c809d36db_alta-libre-aspect-ratio_default_0.jpg\" width=\"1200\" height=\"799\" alt=\"Garbajosa ya estaba convencido hace unas semanas que la NBA desembarcar\u00eda en Europa\" class=\"ft-helper-img-rd\" loading=\"lazy\" hasdataaida=\"true\"\/><\/p>\n<p class=\"ft-helper-fontColor-quaternary ft-helper-fontSize-body-S ft-helper-spacer-t-xxs\">Jorge Garbajosa  \/ EFE<\/p>\n<p class=\"ft-text\">La creaci\u00f3n de ciudades estrat\u00e9gicas lleva baraj\u00e1ndose desde hace tiempo. Desde Estados Unidos, consideran clave que las ciudades m\u00e1s importantes del continente tengan representaci\u00f3n en la liga. <strong>Es por eso que el PSG o el Manchester City podr\u00edan tener una franquicia de baloncesto para dicho proyecto.<\/strong> Tambi\u00e9n interesa mucho Berl\u00edn, aunque con el ALBA podr\u00eda ser suficiente.<\/p>\n<p>Posturas de Bar\u00e7a y Madrid<\/p>\n<p class=\"ft-text\"><strong>\u00abLas conversaciones est\u00e1n bastante avanzadas. No puedo revelar la estructura final, pero hay varias opciones. Hay un acuerdo con la Euroliga<\/strong>. S\u00e9 que la NBA y la Euroliga est\u00e1n en conversaciones, al igual que la NBA y la FIBA. Estamos escuchando lo que nos dicen\u00bb, coment\u00f3 hace un tiempo Laporta y Cubells consider\u00f3 que \u00abla NBA sabe que debe contar con el Bar\u00e7a para su desembarco en Europa\u00bb.<\/p>\n<p class=\"ft-text\">Lo mismo sucede con el Real Madrid, <strong>que estuvo reunido con los americanos en Par\u00eds.<\/strong> Adem\u00e1s, la relaci\u00f3n entre el club blanco y la Euroliga no es del todo buena.<strong> Florentino P\u00e9rez siempre se ha mostrado muy a favor de hacer negocios con la marca m\u00e1s internacional del baloncesto mundial.<\/strong> De hecho, siempre ha sido uno de sus proyectos so\u00f1ados: juntar al Real Madrid con la NBA.<\/p>\n","protected":false},"excerpt":{"rendered":"Siguen las novedades respecto a la llegada de la NBA a Europa. El comisionado de la competici\u00f3n, Adam&hellip;\n","protected":false},"author":2,"featured_media":120758,"comment_status":"","ping_status":"","sticky":false,"template":"","format":"standard","meta":{"footnotes":""},"categories":[269],"tags":[299,2296,298,168,25,24,1725,23,167],"class_list":{"0":"post-120757","1":"post","2":"type-post","3":"status-publish","4":"format-standard","5":"has-post-thumbnail","7":"category-baloncesto","8":"tag-baloncesto","9":"tag-barca","10":"tag-basketball","11":"tag-deportes","12":"tag-es","13":"tag-espana","14":"tag-nba","15":"tag-spain","16":"tag-sports"},"share_on_mastodon":{"url":"","error":""},"_links":{"self":[{"href":"https:\/\/www.europesays.com\/es\/wp-json\/wp\/v2\/posts\/120757","targetHints":{"allow":["GET"]}}],"collection":[{"href":"https:\/\/www.europesays.com\/es\/wp-json\/wp\/v2\/posts"}],"about":[{"href":"https:\/\/www.europesays.com\/es\/wp-json\/wp\/v2\/types\/post"}],"author":[{"embeddable":true,"href":"https:\/\/www.europesays.com\/es\/wp-json\/wp\/v2\/users\/2"}],"replies":[{"embeddable":true,"href":"https:\/\/www.europesays.com\/es\/wp-json\/wp\/v2\/comments?post=120757"}],"version-history":[{"count":0,"href":"https:\/\/www.europesays.com\/es\/wp-json\/wp\/v2\/posts\/120757\/revisions"}],"wp:featuredmedia":[{"embeddable":true,"href":"https:\/\/www.europesays.com\/es\/wp-json\/wp\/v2\/media\/120758"}],"wp:attachment":[{"href":"https:\/\/www.europesays.com\/es\/wp-json\/wp\/v2\/media?parent=120757"}],"wp:term":[{"taxonomy":"category","embeddable":true,"href":"https:\/\/www.europesays.com\/es\/wp-json\/wp\/v2\/categories?post=120757"},{"taxonomy":"post_tag","embeddable":true,"href":"https:\/\/www.europesays.com\/es\/wp-json\/wp\/v2\/tags?post=120757"}],"curies":[{"name":"wp","href":"https:\/\/api.w.org\/{rel}","templated":true}]}}