{"id":120788,"date":"2025-09-17T12:48:10","date_gmt":"2025-09-17T12:48:10","guid":{"rendered":"https:\/\/www.europesays.com\/es\/120788\/"},"modified":"2025-09-17T12:48:10","modified_gmt":"2025-09-17T12:48:10","slug":"noche-ufc-2025-se-pinta-de-tricolor-con-victorias-mexicanas-el-independiente","status":"publish","type":"post","link":"https:\/\/www.europesays.com\/es\/120788\/","title":{"rendered":"Noche UFC 2025 se pinta de tricolor con victorias mexicanas \u2014 El Independiente"},"content":{"rendered":"<p>La <strong>Noche UFC 2025<\/strong> se convirti\u00f3 en un festejo tricolor, pues los peleadores mexicanos que subieron al oct\u00e1gono salieron con la victoria, dejando en claro que M\u00e9xico atraviesa un gran momento en la UFC.<\/p>\n<p>David Mart\u00ednez sorprende a Rob Font<\/p>\n<p>En el combate estelar de peso gallo, <strong>David Mart\u00ednez<\/strong>, conocido como Black Spartan, venci\u00f3 por decisi\u00f3n un\u00e1nime a <strong>Rob Font<\/strong>. El mexiquense, quien a\u00f1os atr\u00e1s realizaba su internado en el <strong>IMSS<\/strong>, consigui\u00f3 su segunda victoria en la UFC y demostr\u00f3 que su llegada a la empresa no fue casualidad.<\/p>\n<p>Rafa Garc\u00eda y Santiago Luna noquean<\/p>\n<p>Otro de los grandes momentos lleg\u00f3 con <strong>Rafa Garc\u00eda<\/strong>, quien derrot\u00f3 a <strong>Jared Gordon<\/strong> por nocaut t\u00e9cnico en el tercer asalto. La pelea fue intensa, pero el peleador mexicano logr\u00f3 imponer su fuerza en peso ligero.<\/p>\n<p>El joven <strong>Santiago Luna<\/strong>, de apenas 21 a\u00f1os, tuvo un debut so\u00f1ado al noquear en el primer round a <strong>Quang Le<\/strong>. Con l\u00e1grimas y emoci\u00f3n, el llamado Borderboy dedic\u00f3 su triunfo a M\u00e9xico y asegur\u00f3 que apenas es el inicio de su camino en la UFC.<\/p>\n<p>Montserrat Rend\u00f3n y Diego Lopes completan la fiesta<\/p>\n<p>La mexicana <strong>Montserrat Rend\u00f3n<\/strong> tambi\u00e9n se llev\u00f3 la victoria en peso mosca al derrotar por decisi\u00f3n dividida a Alice Pereire, quien llegaba invicta.<\/p>\n<p>En la pelea estelar, el brasile\u00f1o naturalizado mexicano <strong>Diego Lopes<\/strong> emocion\u00f3 al p\u00fablico al entrar con \u201cLa Chona\u201d y culmin\u00f3 su actuaci\u00f3n con un nocaut t\u00e9cnico sobre <strong>Jean Silva<\/strong>, confirmando por qu\u00e9 es uno de los favoritos de la afici\u00f3n mexicana.<\/p>\n<p>No olvides mantenerte informado en <strong><a href=\"https:\/\/elindependiente.mx\/\" rel=\"nofollow noopener\" target=\"_blank\">El Independiente MX<\/a><\/strong><\/p>\n","protected":false},"excerpt":{"rendered":"La Noche UFC 2025 se convirti\u00f3 en un festejo tricolor, pues los peleadores mexicanos que subieron al oct\u00e1gono&hellip;\n","protected":false},"author":2,"featured_media":120789,"comment_status":"","ping_status":"","sticky":false,"template":"","format":"standard","meta":{"footnotes":""},"categories":[276],"tags":[25547,39855,38394,168,39856,25,24,38233,39857,39858,39859,23,167,343,10936],"class_list":{"0":"post-120788","1":"post","2":"type-post","3":"status-publish","4":"format-standard","5":"has-post-thumbnail","7":"category-ufc","8":"tag-a7","9":"tag-black-spartan","10":"tag-david-martinez-ufc","11":"tag-deportes","12":"tag-diego-lopes-ufc","13":"tag-es","14":"tag-espana","15":"tag-noche-ufc-2025","16":"tag-peleadores-mexicanos-ufc","17":"tag-rafa-garcia-ufc","18":"tag-santiago-luna-ufc","19":"tag-spain","20":"tag-sports","21":"tag-ufc","22":"tag-ufc-mexico"},"share_on_mastodon":{"url":"","error":""},"_links":{"self":[{"href":"https:\/\/www.europesays.com\/es\/wp-json\/wp\/v2\/posts\/120788","targetHints":{"allow":["GET"]}}],"collection":[{"href":"https:\/\/www.europesays.com\/es\/wp-json\/wp\/v2\/posts"}],"about":[{"href":"https:\/\/www.europesays.com\/es\/wp-json\/wp\/v2\/types\/post"}],"author":[{"embeddable":true,"href":"https:\/\/www.europesays.com\/es\/wp-json\/wp\/v2\/users\/2"}],"replies":[{"embeddable":true,"href":"https:\/\/www.europesays.com\/es\/wp-json\/wp\/v2\/comments?post=120788"}],"version-history":[{"count":0,"href":"https:\/\/www.europesays.com\/es\/wp-json\/wp\/v2\/posts\/120788\/revisions"}],"wp:featuredmedia":[{"embeddable":true,"href":"https:\/\/www.europesays.com\/es\/wp-json\/wp\/v2\/media\/120789"}],"wp:attachment":[{"href":"https:\/\/www.europesays.com\/es\/wp-json\/wp\/v2\/media?parent=120788"}],"wp:term":[{"taxonomy":"category","embeddable":true,"href":"https:\/\/www.europesays.com\/es\/wp-json\/wp\/v2\/categories?post=120788"},{"taxonomy":"post_tag","embeddable":true,"href":"https:\/\/www.europesays.com\/es\/wp-json\/wp\/v2\/tags?post=120788"}],"curies":[{"name":"wp","href":"https:\/\/api.w.org\/{rel}","templated":true}]}}