{"id":120790,"date":"2025-09-17T12:50:21","date_gmt":"2025-09-17T12:50:21","guid":{"rendered":"https:\/\/www.europesays.com\/es\/120790\/"},"modified":"2025-09-17T12:50:21","modified_gmt":"2025-09-17T12:50:21","slug":"espana-jugara-las-finales-de-la-davis-tras-una-remontada-historica","status":"publish","type":"post","link":"https:\/\/www.europesays.com\/es\/120790\/","title":{"rendered":"\u00a1Espa\u00f1a jugar\u00e1 las Finales de la Davis tras una remontada hist\u00f3rica!"},"content":{"rendered":"<p class=\"ft-text\"><a class=\"ft-link ft-link--decoration\" href=\"https:\/\/www.sport.es\/es\/noticias\/tenis\/pedro-martinez-corona-rune-fuerza-121564983\" rel=\"nofollow noopener\" target=\"_blank\">D\u00eda hist\u00f3rico para el tenis espa\u00f1ol<\/a>. Cuando parec\u00eda imposible una remontada en la eliminatoria contra Dinamarca, <strong>Espa\u00f1a dio la vuelta a un 0-2 y estar\u00e1 en la &#8216;Final a 8&#8217; que se celebrar\u00e1 en Bolonia el pr\u00f3ximo noviembre.<\/strong> Una incre\u00edble haza\u00f1a <strong>que culmin\u00f3 Pablo Carre\u00f1o, venciendo al joven Elmer Moeller (6-2, 6-3)<\/strong>, que ya hab\u00eda dado la sorpresa el d\u00eda anterior derrotando a Jaume Munar.<\/p>\n<p class=\"ft-text\">Todo empez\u00f3 con la victoria en el dobles <strong>por parte de Jaume Munar y Pedro Mart\u00ednez<\/strong>, que tuvieron que remontar el set inicial perdido. A pesar de estar totalmente contra las cuerdas,<strong> la pareja espa\u00f1ola sac\u00f3 su mejor versi\u00f3n y le dio la vuelta para forzar el cuarto partido<\/strong>, donde volver\u00eda a ser decisiva la figura de Pedro Mart\u00ednez.<\/p>\n<p class=\"ft-text\">El cuarto partido estaba planificado <strong>para que fuera jugado por Jaume Munar y Holger Rune<\/strong>. Aun as\u00ed, las sensaciones del tenista balear no fueron tan buenas como las de su compa\u00f1ero en el dobles, que fue finalmente el escogido para enfrentarse al n\u00famero uno dan\u00e9s. A priori, <strong>el favoritismo de Holger era evidente y parec\u00eda dif\u00edcil vencer a un jugador completamente fresco <\/strong>y en su superficie favorita.<\/p>\n<p class=\"ft-text\">Aun as\u00ed, <strong>Pedro Mart\u00ednez tuvo claro desde un inicio que era capaz de ganar a Rune<\/strong>. Y as\u00ed lo demostr\u00f3 en el primer set,<strong> donde pr\u00e1cticamente no dej\u00f3 ganar ni un juego a su rival. 6-1 y la posibilidad de remontar empezaba a ganar fuerza<\/strong>, con el p\u00fablico de Marbella totalmente volcado. Al tenista dan\u00e9s no le hizo mucha gracia la local\u00eda del p\u00fablico y se encar\u00f3 m\u00e1s de una vez con \u00e9l durante el partido.<\/p>\n<p class=\"ft-text\">El dan\u00e9s impuso su calidad en el segundo set, <strong>aunque Pedro empez\u00f3 la manga con un break a favor<\/strong>. Sin embargo, era evidente <strong>que en alg\u00fan momento llegar\u00eda la gran versi\u00f3n de Rune y as\u00ed fue. <\/strong>Se endos\u00f3 el set por 6-4, mientras que al espa\u00f1ol empezaba a faltarle la energ\u00eda. <strong>El \u00faltimo set promet\u00eda fren\u00e9tico y para nada defraud\u00f3<\/strong>, con un tie-break final que pod\u00eda decidir la eliminatoria.<\/p>\n<p><img decoding=\"async\" src=\"https:\/\/www.europesays.com\/es\/wp-content\/uploads\/2025\/09\/d3e9c520-4351-47dd-9cff-dac76e659f89_alta-libre-aspect-ratio_default_0.jpg\" width=\"1200\" height=\"675\" alt=\"Pablo Carre\u00f1o, durante el partido ante Elmer Moeller\" class=\"ft-helper-img-rd\" loading=\"lazy\" hasdataaida=\"true\"\/><\/p>\n<p class=\"ft-helper-fontColor-quaternary ft-helper-fontSize-body-S ft-helper-spacer-t-xxs\">Pablo Carre\u00f1o, durante el partido ante Elmer Moeller  \/ Jorge Zapata<\/p>\n<p class=\"ft-text\">Con ambos jugadores con calambres, <strong>Rune y Pedro se jugaron el punto del cuarto partido en el juego decisivo. <\/strong>El espa\u00f1ol, con el apoyo de la afici\u00f3n, logr\u00f3 varios &#8216;minibreaks&#8217; <strong>gracias a su derecha ganadora y se impuso en un duelo que traspas\u00f3 las tres horas. Todo se iba a decidir con Pablo Carre\u00f1o<\/strong>, que hab\u00eda perdido en el d\u00eda anterior contra Holger precisamente.<\/p>\n<p class=\"ft-text\">En la entrevista pospartido, <strong>Pedro mostr\u00f3 su m\u00e1xima confianza en Carre\u00f1o y el asturiano, como si regresase a su versi\u00f3n de hace unos a\u00f1os<\/strong>, pas\u00f3 por encima del joven jugador dan\u00e9s. En el primer set, consigui\u00f3 romper el saque de Moeller en el primer turno al resto, <strong>demostrando que hab\u00eda salido m\u00e1s que enchufado. <\/strong>Consolid\u00f3 esa diferencia con otra rotura que le otorg\u00f3 el 6-2 inicial.<\/p>\n<p>Una remontada para la historia con la &#8216;Unidad B&#8217;<\/p>\n<p class=\"ft-text\"><strong>La eliminatoria hab\u00eda dado un giro de 180 grados<\/strong>. Ahora era Espa\u00f1a la que estaba a tan solo un set de clasificarse para la Final a Ocho. Poco a poco,<strong> el esp\u00edritu de remontada se fue haciendo grande y la victoria ya parec\u00eda inevitable; se notaba en el ambiente.<\/strong> Con Marbella apretando como en un estadio de f\u00fatbol, Carre\u00f1o se desliz\u00f3 sobre la tierra batida como nunca y volvi\u00f3 a pasar por encima de Moeller para culminar la gran obra espa\u00f1ola de este domingo.<\/p>\n<p class=\"ft-text\">Con este triunfo ante Dinamarca, <strong>Espa\u00f1a se clasifica para la &#8216;Final a Ocho&#8217; de Bolonia<\/strong>, la \u00faltima cita de la temporada ten\u00edstica, justo despu\u00e9s del Torneo de Maestros. Probablemente podr\u00e1 contar con algunas de las bajas para esta eliminatoria, como <strong>Carlos Alcaraz, Alejandro Davidovich o Marcel Granollers<\/strong>. Adem\u00e1s del combinado espa\u00f1ol, estar\u00e1n <strong>Argentina, B\u00e9lgica, Austria, Alemania, Rep\u00fablica Checa, Francia y la campeona Italia. <\/strong><\/p>\n","protected":false},"excerpt":{"rendered":"D\u00eda hist\u00f3rico para el tenis espa\u00f1ol. Cuando parec\u00eda imposible una remontada en la eliminatoria contra Dinamarca, Espa\u00f1a dio&hellip;\n","protected":false},"author":2,"featured_media":120791,"comment_status":"","ping_status":"","sticky":false,"template":"","format":"standard","meta":{"footnotes":""},"categories":[274],"tags":[29901,2494,168,2496,25,24,1718,23,167,327,326],"class_list":{"0":"post-120790","1":"post","2":"type-post","3":"status-publish","4":"format-standard","5":"has-post-thumbnail","7":"category-tenis","8":"tag-carreno","9":"tag-davis","10":"tag-deportes","11":"tag-dinamarca","12":"tag-es","13":"tag-espana","14":"tag-munar","15":"tag-spain","16":"tag-sports","17":"tag-tenis","18":"tag-tennis"},"share_on_mastodon":{"url":"","error":""},"_links":{"self":[{"href":"https:\/\/www.europesays.com\/es\/wp-json\/wp\/v2\/posts\/120790","targetHints":{"allow":["GET"]}}],"collection":[{"href":"https:\/\/www.europesays.com\/es\/wp-json\/wp\/v2\/posts"}],"about":[{"href":"https:\/\/www.europesays.com\/es\/wp-json\/wp\/v2\/types\/post"}],"author":[{"embeddable":true,"href":"https:\/\/www.europesays.com\/es\/wp-json\/wp\/v2\/users\/2"}],"replies":[{"embeddable":true,"href":"https:\/\/www.europesays.com\/es\/wp-json\/wp\/v2\/comments?post=120790"}],"version-history":[{"count":0,"href":"https:\/\/www.europesays.com\/es\/wp-json\/wp\/v2\/posts\/120790\/revisions"}],"wp:featuredmedia":[{"embeddable":true,"href":"https:\/\/www.europesays.com\/es\/wp-json\/wp\/v2\/media\/120791"}],"wp:attachment":[{"href":"https:\/\/www.europesays.com\/es\/wp-json\/wp\/v2\/media?parent=120790"}],"wp:term":[{"taxonomy":"category","embeddable":true,"href":"https:\/\/www.europesays.com\/es\/wp-json\/wp\/v2\/categories?post=120790"},{"taxonomy":"post_tag","embeddable":true,"href":"https:\/\/www.europesays.com\/es\/wp-json\/wp\/v2\/tags?post=120790"}],"curies":[{"name":"wp","href":"https:\/\/api.w.org\/{rel}","templated":true}]}}