{"id":120806,"date":"2025-09-17T12:59:07","date_gmt":"2025-09-17T12:59:07","guid":{"rendered":"https:\/\/www.europesays.com\/es\/120806\/"},"modified":"2025-09-17T12:59:07","modified_gmt":"2025-09-17T12:59:07","slug":"muere-el-musico-sueco-tomas-lindberg-del-grupo-de-death-metal-at-the-gates-a-los-52-anos","status":"publish","type":"post","link":"https:\/\/www.europesays.com\/es\/120806\/","title":{"rendered":"Muere el m\u00fasico sueco Tomas Lindberg, del grupo de &#8216;death metal&#8217; At the Gates, a los 52 a\u00f1os"},"content":{"rendered":"<p class=\"L6-news-detail__text\">El cantante sueco <b>Tomas Lindberg<\/b>, vocalista del grupo de death metal<b>At the Gates<\/b>, ha fallecido este martes, seg\u00fan ha confirmado la banda. El <b>m\u00fasico, de 52 a\u00f1os, estaba recibiendo tratamiento por un c\u00e1ncer<\/b> que le fue diagnosticado en 2023 y que el grupo hizo p\u00fablico el pasado mes de agosto. At the Gates naci\u00f3 en Gotemburgo (Suecia) en 1990 y es considerada una de las bandas pioneras del g\u00e9nero, gracias, en parte, a la caracter\u00edstica voz de Lindberg.<\/p>\n<p class=\"L6-news-detail__text\">\u00abTomas ha fallecido esta ma\u00f1ana, despu\u00e9s de <b>complicaciones relacionadas con su tratamiento contra el c\u00e1ncer\u00bb<\/b>, explic\u00f3 la banda en su perfil en redes sociales. \u00abA pesar de los intensivos esfuerzos m\u00e9dicos, <b>no pudieron salvarle la vida<\/b>\u00ab, han a\u00f1adido. La banda ha definido a Lindberg como una \u00abinspiraci\u00f3n\u00bb para el resto del grupo. \u00abUn verdadero amigo, compasivo y emp\u00e1tico. Siempre ser\u00e1s recordado por tu generosidad y tu esp\u00edritu creativo\u00bb.<\/p>\n<p class=\"L6-news-detail__text\">A Lindberg le diagnosticaron <b>carcinoma adenoide qu\u00edstico<\/b>, un c\u00e1ncer poco frecuente que se forma en los tejidos glandulares, principalmente en las gl\u00e1ndulas salivales de la cabeza y del cuello. Se trata de un <b>tumor de crecimiento lento, pero agresivo<\/b>. En primer lugar, fue sometido a una cirug\u00eda mayor, en la que le retiraron gran parte del paladar, seguido por un tratamiento de dos meses de radioterapia.<\/p>\n<p class=\"L6-news-detail__text\">Si bien se le diagnostic\u00f3 en diciembre de 2023, algo m\u00e1s de un a\u00f1o despu\u00e9s, a principios de 2025, en una revisi\u00f3n<b> encontraron c\u00e9lulas cancer\u00edgenas<\/b>, \u00abinaccesibles\u00bb a trav\u00e9s de cirug\u00eda o radioterapia. El siguiente paso fue, entonces, la <b>quimioterapia<\/b>.<\/p>\n<p class=\"L6-news-detail__text\">Tal y como el propio Lindberg explic\u00f3 en un comunicado, At the Gates grab\u00f3 las voces de su \u00faltimo disco antes de que todo esto ocurriera. \u00abLa \u00faltima versi\u00f3n de las voces, las que acabar\u00e1n en el disco, fueron grabadas en un s\u00f3lo d\u00eda\u00bb, se\u00f1alaba entonces, el d\u00eda anterior a su operaci\u00f3n.<\/p>\n<p class=\"L6-news-detail__text\">La \u00faltima vez que <b>At the Gates actu\u00f3 en Espa\u00f1a<\/b> fue en 2022, en Bilbao, Madrid y Barcelona, junto a In Flames. En 2024 ten\u00edan previsto tocar en el festival Z! Live Rock de Zaragoza en 2024, pero la banda tuvo que cancelar todos sus conciertos.<\/p>\n<p class=\"L6-support-news-video__title\">Tras su apoyo en los Emmy<\/p>\n<p>            <a href=\"https:\/\/www.lasexta.com\/noticias\/cultura\/duras-criticas-javier-bardem-posicionarse-genocidio-gaza-simboliza-estupidez-occidente_2025091668c98cde37083b1b01b1c336.html\" class=\"L6-news__link\" rel=\"nofollow noopener\" target=\"_blank\"><br \/>\n                Duras cr\u00edticas a Javier Bardem por posicionarse contra el genocidio en Gaza: simboliza la \u00abestupidez\u00bb de Occidente<\/p>\n<p class=\"recirculation-video-desc\">El contexto Estas cr\u00edticas tienen lugar despu\u00e9s de que el actor acudiera a los premios Emmy, los m\u00e1s prestigiosos de la televisi\u00f3n estadounidense, con una kufiya palestina al cuello en apoyo a los gazat\u00edes.<\/p>\n<p>            <\/a><\/p>\n","protected":false},"excerpt":{"rendered":"El cantante sueco Tomas Lindberg, vocalista del grupo de death metalAt the Gates, ha fallecido este martes, seg\u00fan&hellip;\n","protected":false},"author":2,"featured_media":120807,"comment_status":"","ping_status":"","sticky":false,"template":"","format":"standard","meta":{"footnotes":""},"categories":[170],"tags":[146,147,25,24,184,185,23],"class_list":{"0":"post-120806","1":"post","2":"type-post","3":"status-publish","4":"format-standard","5":"has-post-thumbnail","7":"category-musica","8":"tag-entertainment","9":"tag-entretenimiento","10":"tag-es","11":"tag-espana","12":"tag-music","13":"tag-musica","14":"tag-spain"},"share_on_mastodon":{"url":"","error":""},"_links":{"self":[{"href":"https:\/\/www.europesays.com\/es\/wp-json\/wp\/v2\/posts\/120806","targetHints":{"allow":["GET"]}}],"collection":[{"href":"https:\/\/www.europesays.com\/es\/wp-json\/wp\/v2\/posts"}],"about":[{"href":"https:\/\/www.europesays.com\/es\/wp-json\/wp\/v2\/types\/post"}],"author":[{"embeddable":true,"href":"https:\/\/www.europesays.com\/es\/wp-json\/wp\/v2\/users\/2"}],"replies":[{"embeddable":true,"href":"https:\/\/www.europesays.com\/es\/wp-json\/wp\/v2\/comments?post=120806"}],"version-history":[{"count":0,"href":"https:\/\/www.europesays.com\/es\/wp-json\/wp\/v2\/posts\/120806\/revisions"}],"wp:featuredmedia":[{"embeddable":true,"href":"https:\/\/www.europesays.com\/es\/wp-json\/wp\/v2\/media\/120807"}],"wp:attachment":[{"href":"https:\/\/www.europesays.com\/es\/wp-json\/wp\/v2\/media?parent=120806"}],"wp:term":[{"taxonomy":"category","embeddable":true,"href":"https:\/\/www.europesays.com\/es\/wp-json\/wp\/v2\/categories?post=120806"},{"taxonomy":"post_tag","embeddable":true,"href":"https:\/\/www.europesays.com\/es\/wp-json\/wp\/v2\/tags?post=120806"}],"curies":[{"name":"wp","href":"https:\/\/api.w.org\/{rel}","templated":true}]}}