{"id":120811,"date":"2025-09-17T13:02:07","date_gmt":"2025-09-17T13:02:07","guid":{"rendered":"https:\/\/www.europesays.com\/es\/120811\/"},"modified":"2025-09-17T13:02:07","modified_gmt":"2025-09-17T13:02:07","slug":"informacion-semanal-de-servicio-publico-158","status":"publish","type":"post","link":"https:\/\/www.europesays.com\/es\/120811\/","title":{"rendered":"Informaci\u00f3n semanal de servicio p\u00fablico 158"},"content":{"rendered":"<p class=\"uk-article-meta\">\n\t\tEscrito en 17 Septiembre 2025.\t<\/p>\n<p>\t\t\t\t\t\t<img decoding=\"async\" class=\"uk-align-right\" src=\"https:\/\/www.europesays.com\/es\/wp-content\/uploads\/2025\/09\/bono_cultural_joven_intro.jpg\" alt=\"\"\/><\/p>\n<p>&#8211; El <strong>Ayuntamiento<\/strong> pone a disposici\u00f3n de los <strong>j\u00f3venes benalupenses<\/strong> asesoramiento gratuito para la gesti\u00f3n del <strong>Bono Cultural Joven 2025<\/strong>, puesto en marcha por el Gobierno de Espa\u00f1a. As\u00ed, los interesados que cumplan los requisitos de la convocatoria, pueden pasarse por la <strong>Biblioteca Municipal<\/strong> en horario de <strong>08:30 a 14:00 horas<\/strong>. El plazo de solicitud se encuentra abierto hasta el pr\u00f3ximo <strong>31 de octubre<\/strong> de 2025.<\/p>\n<p>&#13;<br \/>\n &#13;<\/p>\n<p>El <strong>Bono Cultural Joven<\/strong> es una ayuda directa de <strong>400 euros<\/strong> a quienes cumplen <strong>18 a\u00f1os<\/strong> a lo largo del a\u00f1o 2025, es decir los nacidos y nacidas en el a\u00f1o 2007,\u00a0para adquirir y disfrutar de productos y actividades culturales. Una invitaci\u00f3n a entrar en la edad adulta de la mano de la cultura. Se puede solicitar de manera telem\u00e1tica a trav\u00e9s del siguiente enlace:<\/p>\n<p>&#13;<\/p>\n<p><a href=\"https:\/\/beneficiarios.2025.bonoculturajoven.gob.es\/\" rel=\"nofollow noopener\" target=\"_blank\"><a href=\"https:\/\/beneficiarios.2025.bonoculturajoven.gob.es\/\" rel=\"nofollow noopener\" target=\"_blank\">https:\/\/beneficiarios.2025.bonoculturajoven.gob.es\/<\/a><\/p>\n<p>&#13;<\/p>\n<p>&#8211; La pr\u00f3xima visita del <strong>Punto de Informaci\u00f3n al Consumidor<\/strong> a la localidad tendr\u00e1 lugar el pr\u00f3ximo 24 de septiembre. Los interesados en resolver cualquier duda o sugerencia en materia de consumo pueden acudir a la Segunda Planta del <strong>Teatro Municipal<\/strong> en horario de <strong>11:30 a 13:30 horas<\/strong>. El servicio es totalmente gratuito y no requiere de cita previa.\u00a0\u00a0<\/p>\n<p>&#13;<\/p>\n<p>&#8211; Respecto a la previsi\u00f3n meteorol\u00f3gica, <strong>continuar\u00e1 el calor<\/strong> en los \u00faltimos d\u00edas del verano justo antes de la entrada del <strong>oto\u00f1o <\/strong>el pr\u00f3ximo <strong>22 de septiembre<\/strong>. Por lo tanto, predominan los cielos poco nubosos o despejados, sin precipitaciones y con <strong>temperaturas al alza<\/strong>.\u00a0 \u00a0\u00a0\u00a0\u00a0\u00a0\u00a0\u00a0\u00a0\u00a0\u00a0\u00a0\u00a0\u00a0\u00a0\u00a0\u00a0\u00a0\u00a0\u00a0\u00a0\u00a0\u00a0\u00a0<\/p>\n<p>&#13;<\/p>\n<p>\u00a0\u00a0\u00a0 \u00a0\u00a0\u00a0\u00a0\u00a0\u00a0\u00a0\u00a0\u00a0\u00a0\u00a0\u00a0\u00a0\u00a0\u00a0\u00a0\u00a0\u00a0\u00a0\u00a0\u00a0\u00a0\u00a0\u00a0\u00a0\u00a0\u00a0\u00a0\u00a0\u00a0\u00a0\u00a0\u00a0\u00a0\u00a0\u00a0\u00a0\u00a0\u00a0\u00a0\u00a0\u00a0<\/p>\n<p>&#13;<\/p>\n<p>&#8211; <strong>Farmacia de guardia<\/strong>: Farmacia Pelsmaeker, calle Almer\u00eda n\u00ba 2. Tel\u00e9fono: 956417759.<\/p>\n","protected":false},"excerpt":{"rendered":"Escrito en 17 Septiembre 2025. &#8211; El Ayuntamiento pone a disposici\u00f3n de los j\u00f3venes benalupenses asesoramiento gratuito para&hellip;\n","protected":false},"author":2,"featured_media":120812,"comment_status":"","ping_status":"","sticky":false,"template":"","format":"standard","meta":{"footnotes":""},"categories":[92],"tags":[39861,39864,39862,39863,25,24,165,166,23],"class_list":{"0":"post-120811","1":"post","2":"type-post","3":"status-publish","4":"format-standard","5":"has-post-thumbnail","7":"category-salud","8":"tag-ayuntamiento-de-benalup-casas-viejas","9":"tag-benalup","10":"tag-benalup-casas-viejas","11":"tag-benalup-casas-viejas-cadiz","12":"tag-es","13":"tag-espana","14":"tag-health","15":"tag-salud","16":"tag-spain"},"share_on_mastodon":{"url":"","error":""},"_links":{"self":[{"href":"https:\/\/www.europesays.com\/es\/wp-json\/wp\/v2\/posts\/120811","targetHints":{"allow":["GET"]}}],"collection":[{"href":"https:\/\/www.europesays.com\/es\/wp-json\/wp\/v2\/posts"}],"about":[{"href":"https:\/\/www.europesays.com\/es\/wp-json\/wp\/v2\/types\/post"}],"author":[{"embeddable":true,"href":"https:\/\/www.europesays.com\/es\/wp-json\/wp\/v2\/users\/2"}],"replies":[{"embeddable":true,"href":"https:\/\/www.europesays.com\/es\/wp-json\/wp\/v2\/comments?post=120811"}],"version-history":[{"count":0,"href":"https:\/\/www.europesays.com\/es\/wp-json\/wp\/v2\/posts\/120811\/revisions"}],"wp:featuredmedia":[{"embeddable":true,"href":"https:\/\/www.europesays.com\/es\/wp-json\/wp\/v2\/media\/120812"}],"wp:attachment":[{"href":"https:\/\/www.europesays.com\/es\/wp-json\/wp\/v2\/media?parent=120811"}],"wp:term":[{"taxonomy":"category","embeddable":true,"href":"https:\/\/www.europesays.com\/es\/wp-json\/wp\/v2\/categories?post=120811"},{"taxonomy":"post_tag","embeddable":true,"href":"https:\/\/www.europesays.com\/es\/wp-json\/wp\/v2\/tags?post=120811"}],"curies":[{"name":"wp","href":"https:\/\/api.w.org\/{rel}","templated":true}]}}