{"id":120815,"date":"2025-09-17T13:05:10","date_gmt":"2025-09-17T13:05:10","guid":{"rendered":"https:\/\/www.europesays.com\/es\/120815\/"},"modified":"2025-09-17T13:05:10","modified_gmt":"2025-09-17T13:05:10","slug":"revisada-a-la-baja-la-inflacion-en-la-eurozona-en-agosto-a-un-2","status":"publish","type":"post","link":"https:\/\/www.europesays.com\/es\/120815\/","title":{"rendered":"Revisada a la baja la inflaci\u00f3n en la eurozona en agosto, a un 2%"},"content":{"rendered":"<p>    <img src=\"https:\/\/www.europesays.com\/es\/wp-content\/uploads\/2025\/09\/2025-09-17T123A183A28Z-90020861.jpg\" width=\"1024\" height=\"682\" alt=\"\" loading=\"eager\" decoding=\"sync\" fetchpriority=\"high\"\/><\/p>\n<p>            afp_tickers        <\/p>\n<p>        Este contenido fue publicado en    <\/p>\n<p>        17 septiembre 2025 &#8211; 14:18\n<\/p>\n<p>La inflaci\u00f3n en la eurozona se mantuvo estable en agosto, en un 2% interanual, seg\u00fan una revisi\u00f3n publicada este mi\u00e9rcoles por la agencia de estad\u00edsticas Eurostat, que recort\u00f3 una d\u00e9cima el dato inicial.<\/p>\n<p>La revisi\u00f3n de la cifra publicada el 2 de septiembre se debi\u00f3 a que la ca\u00edda de los precios de la energ\u00eda fue del 2% en agosto, una d\u00e9cima m\u00e1s de lo inicialmente indicado.<\/p>\n<p>El dato de agosto, id\u00e9ntico al de julio, contin\u00faa as\u00ed dentro del objetivo macroecon\u00f3mico del Banco Central Europeo de tener una inflaci\u00f3n de en torno al 2% en los 20 pa\u00edses de la moneda com\u00fan.<\/p>\n<p>raz\/avl\/pb<\/p>\n","protected":false},"excerpt":{"rendered":"afp_tickers Este contenido fue publicado en 17 septiembre 2025 &#8211; 14:18 La inflaci\u00f3n en la eurozona se mantuvo&hellip;\n","protected":false},"author":2,"featured_media":120816,"comment_status":"","ping_status":"","sticky":false,"template":"","format":"standard","meta":{"footnotes":""},"categories":[80],"tags":[82,95,9516,94,84,25,24,10020,87,23,90],"class_list":{"0":"post-120815","1":"post","2":"type-post","3":"status-publish","4":"format-standard","5":"has-post-thumbnail","7":"category-economia","8":"tag-business","9":"tag-economia","10":"tag-economic-indicator","11":"tag-economy","12":"tag-economy-general","13":"tag-es","14":"tag-espana","15":"tag-inflation-and-deflation","16":"tag-macro-economics","17":"tag-spain","18":"tag-ticker"},"share_on_mastodon":{"url":"","error":""},"_links":{"self":[{"href":"https:\/\/www.europesays.com\/es\/wp-json\/wp\/v2\/posts\/120815","targetHints":{"allow":["GET"]}}],"collection":[{"href":"https:\/\/www.europesays.com\/es\/wp-json\/wp\/v2\/posts"}],"about":[{"href":"https:\/\/www.europesays.com\/es\/wp-json\/wp\/v2\/types\/post"}],"author":[{"embeddable":true,"href":"https:\/\/www.europesays.com\/es\/wp-json\/wp\/v2\/users\/2"}],"replies":[{"embeddable":true,"href":"https:\/\/www.europesays.com\/es\/wp-json\/wp\/v2\/comments?post=120815"}],"version-history":[{"count":0,"href":"https:\/\/www.europesays.com\/es\/wp-json\/wp\/v2\/posts\/120815\/revisions"}],"wp:featuredmedia":[{"embeddable":true,"href":"https:\/\/www.europesays.com\/es\/wp-json\/wp\/v2\/media\/120816"}],"wp:attachment":[{"href":"https:\/\/www.europesays.com\/es\/wp-json\/wp\/v2\/media?parent=120815"}],"wp:term":[{"taxonomy":"category","embeddable":true,"href":"https:\/\/www.europesays.com\/es\/wp-json\/wp\/v2\/categories?post=120815"},{"taxonomy":"post_tag","embeddable":true,"href":"https:\/\/www.europesays.com\/es\/wp-json\/wp\/v2\/tags?post=120815"}],"curies":[{"name":"wp","href":"https:\/\/api.w.org\/{rel}","templated":true}]}}