{"id":120817,"date":"2025-09-17T13:06:10","date_gmt":"2025-09-17T13:06:10","guid":{"rendered":"https:\/\/www.europesays.com\/es\/120817\/"},"modified":"2025-09-17T13:06:10","modified_gmt":"2025-09-17T13:06:10","slug":"la-viuda-del-opositor-ruso-navalni-dice-que-murio-envenenado","status":"publish","type":"post","link":"https:\/\/www.europesays.com\/es\/120817\/","title":{"rendered":"La viuda del opositor ruso Navalni dice que muri\u00f3 envenenado"},"content":{"rendered":"<p>    <img src=\"https:\/\/www.europesays.com\/es\/wp-content\/uploads\/2025\/09\/2025-09-17T113A273A19Z-90020224.jpg\" width=\"1024\" height=\"571\" alt=\"\" loading=\"eager\" decoding=\"sync\" fetchpriority=\"high\"\/><\/p>\n<p>            afp_tickers        <\/p>\n<p>        Este contenido fue publicado en    <\/p>\n<p>        17 septiembre 2025 &#8211; 13:27\n<\/p>\n<p>La viuda del opositor ruso Alex\u00e9i Navalni, muerto en prisi\u00f3n en febrero de 2024 en circunstancias opacas, afirm\u00f3 este mi\u00e9rcoles que unos an\u00e1lisis efectuados por laboratorios occidentales demostraron que su marido fue \u00abenvenenado\u00bb.<\/p>\n<p>Navalni, uno de los mayores cr\u00edticos del presidente ruso Vladimir Putin, falleci\u00f3 de forma repentina mientras cumpl\u00eda una condena de 19 a\u00f1os en una colonia penitenciaria del \u00c1rtico el 16 de febrero de 2024.<\/p>\n<p>\u00abDos laboratorios de dos pa\u00edses diferentes llegaron de forma independiente el uno del otro a la conclusi\u00f3n de que Alex\u00e9i fue envenenado\u00bb, declar\u00f3 Yulia Navalnaya en un video en Telegram.<\/p>\n<p>Seg\u00fan precis\u00f3, los resultados est\u00e1n basados en \u00abmuestras biol\u00f3gicas\u00bb que unos allegados de Navalni pudieron \u00abextraer y transferir al extranjero de forma segura\u00bb antes de su entierro.<\/p>\n<p>Sin brindar mayores detalles, Navalnaya inst\u00f3 a los laboratorios a publicar sus resultados de forma independiente y a especificar qu\u00e9 veneno creen que fue empleado.<\/p>\n<p>Navalni, un carism\u00e1tico activista anticorrupci\u00f3n, logr\u00f3 movilizar a cientos de miles de personas en toda Rusia en protestas contra el Kremlin, mientras expon\u00eda el presunto enriquecimiento il\u00edcito del c\u00edrculo \u00edntimo de Putin.<\/p>\n<p>El opositor hab\u00eda sido envenenado ya en 2020 mientras hac\u00eda campa\u00f1a en Siberia, y fue entonces trasladado en un vuelo de evacuaci\u00f3n de emergencia a Alemania, donde pas\u00f3 meses recuper\u00e1ndose.\u00a0<\/p>\n<p>A su regreso a Rusia en enero de 2021, fue arrestado y condenado a prisi\u00f3n por una serie de cargos, entre los que figuraba \u00abextremismo\u00bb.<\/p>\n<p>No obstante, el tambi\u00e9n abogado continu\u00f3 su campa\u00f1a contra Putin desde la c\u00e1rcel y se manifest\u00f3 incluso contra la invasi\u00f3n de Ucrania.<\/p>\n<p>Al anunciar su muerte en febrero de 2024, las autoridades rusas informaron que falleci\u00f3 mientras caminaba por el patio de la prisi\u00f3n.<\/p>\n<p>Los funcionarios penitenciarios tardaron d\u00edas en entregar el cuerpo de Navalni a sus familiares, lo que gener\u00f3 sospechas entre sus seguidores.\u00a0<\/p>\n<p>Su viuda siempre ha sostenido que su esposo fue asesinado por \u00f3rdenes de Putin, unas acusaciones rechazadas por el Kremlin.<\/p>\n<p>bur-jc\/dc\/mmy\/avl<\/p>\n","protected":false},"excerpt":{"rendered":"afp_tickers Este contenido fue publicado en 17 septiembre 2025 &#8211; 13:27 La viuda del opositor ruso Alex\u00e9i Navalni,&hellip;\n","protected":false},"author":2,"featured_media":120818,"comment_status":"","ping_status":"","sticky":false,"template":"","format":"standard","meta":{"footnotes":""},"categories":[42],"tags":[17,18,13,14,11,20823,61,62,63,64,11895,19,20,7657,9,10,15,16,88,90,12,21,22,65,66,67],"class_list":{"0":"post-120817","1":"post","2":"type-post","3":"status-publish","4":"format-standard","5":"has-post-thumbnail","7":"category-internacional","8":"tag-breaking-news","9":"tag-breakingnews","10":"tag-featured-news","11":"tag-featurednews","12":"tag-headlines","13":"tag-human-rights","14":"tag-internacional","15":"tag-international","16":"tag-international-news","17":"tag-internationalnews","18":"tag-justice-and-rights","19":"tag-latest-news","20":"tag-latestnews","21":"tag-law-and-order","22":"tag-news","23":"tag-noticias","24":"tag-noticias-destacadas","25":"tag-noticiasdestacadas","26":"tag-politics","27":"tag-ticker","28":"tag-titulares","29":"tag-ultimas-noticias","30":"tag-ultimasnoticias","31":"tag-world","32":"tag-world-news","33":"tag-worldnews"},"share_on_mastodon":{"url":"","error":""},"_links":{"self":[{"href":"https:\/\/www.europesays.com\/es\/wp-json\/wp\/v2\/posts\/120817","targetHints":{"allow":["GET"]}}],"collection":[{"href":"https:\/\/www.europesays.com\/es\/wp-json\/wp\/v2\/posts"}],"about":[{"href":"https:\/\/www.europesays.com\/es\/wp-json\/wp\/v2\/types\/post"}],"author":[{"embeddable":true,"href":"https:\/\/www.europesays.com\/es\/wp-json\/wp\/v2\/users\/2"}],"replies":[{"embeddable":true,"href":"https:\/\/www.europesays.com\/es\/wp-json\/wp\/v2\/comments?post=120817"}],"version-history":[{"count":0,"href":"https:\/\/www.europesays.com\/es\/wp-json\/wp\/v2\/posts\/120817\/revisions"}],"wp:featuredmedia":[{"embeddable":true,"href":"https:\/\/www.europesays.com\/es\/wp-json\/wp\/v2\/media\/120818"}],"wp:attachment":[{"href":"https:\/\/www.europesays.com\/es\/wp-json\/wp\/v2\/media?parent=120817"}],"wp:term":[{"taxonomy":"category","embeddable":true,"href":"https:\/\/www.europesays.com\/es\/wp-json\/wp\/v2\/categories?post=120817"},{"taxonomy":"post_tag","embeddable":true,"href":"https:\/\/www.europesays.com\/es\/wp-json\/wp\/v2\/tags?post=120817"}],"curies":[{"name":"wp","href":"https:\/\/api.w.org\/{rel}","templated":true}]}}