{"id":120821,"date":"2025-09-17T13:08:13","date_gmt":"2025-09-17T13:08:13","guid":{"rendered":"https:\/\/www.europesays.com\/es\/120821\/"},"modified":"2025-09-17T13:08:13","modified_gmt":"2025-09-17T13:08:13","slug":"el-presidente-anuncia-que-se-reduciran-por-ley-las-horas-lectivas-del-profesorado-y-se-rebajaran-las-ratios","status":"publish","type":"post","link":"https:\/\/www.europesays.com\/es\/120821\/","title":{"rendered":"El Presidente anuncia que se reducir\u00e1n por ley las horas lectivas del profesorado y se rebajar\u00e1n las ratios"},"content":{"rendered":"<ul>\n<li><strong>Otra de las nuevas medidas ser\u00e1 el impulso a partir de 2026 de un programa de ayudas para la escolarizaci\u00f3n gratuita del alumnado de 0-3 a\u00f1os dirigido a las familias bajo el umbral de pobreza<\/strong><\/li>\n<li><strong>Estas medidas se incluir\u00e1n en un anteproyecto de ley que el Gobierno negocia con los sindicatos educativos<\/strong><\/li>\n<\/ul>\n<p>El presidente del Gobierno, Pedro S\u00e1nchez, ha anunciado este mi\u00e9rcoles que el Gobierno presentar\u00e1 un anteproyecto de ley para fijar un m\u00e1ximo de horas de docencia en aula, que quedar\u00e1n establecidas, desde el pr\u00f3ximo curso, en un m\u00e1ximo de 23 en Primaria y 18 en Secundaria, Bachillerato y resto de ense\u00f1anzas -en l\u00ednea con la recomendaci\u00f3n del Consejo Escolar del Estado-, y para bajar las ratios alumno\/profesor.<\/p>\n<p>S\u00e1nchez ha realizado este anuncio durante una visita a la escuela infantil Casa de los Ni\u00f1os de Getafe, donde tambi\u00e9n ha adelantado que el Ejecutivo impulsar\u00e1 a partir de 2026 un nuevo programa de ayudas para la escolarizaci\u00f3n gratuita del alumnado de 0-3 a\u00f1os dirigido a las familias bajo el umbral de pobreza, de forma que se les garantizar\u00e1 la gratuidad absoluta en esta primera etapa.<\/p>\n<p>S\u00e1nchez, que ha estado acompa\u00f1ado por la ministra de Educaci\u00f3n, Formaci\u00f3n Profesional y Deportes, Pilar Alegr\u00eda, y por el ministro para la Transformaci\u00f3n Digital y de la Funci\u00f3n P\u00fablica, Oscar L\u00f3pez, ha explicado que en 2018 el Gobierno ya puso sobre la mesa la cuesti\u00f3n de las cargas lectivas, \u201cuna asignatura pendiente\u201d. \u201cEn la LOMLOE impulsamos una recomendaci\u00f3n sobre las horas lectivas -23 horas para Primaria y 18 para Secundaria-, y ahora vamos a impulsar una ley para que no sea una recomendaci\u00f3n, sino una obligaci\u00f3n\u201d, ha precisado.<\/p>\n<p>Para ello, el Gobierno retomar\u00e1 en los pr\u00f3ximos d\u00edas los trabajos con las organizaciones sindicales y, a continuaci\u00f3n, con las comunidades aut\u00f3nomas, para la presentaci\u00f3n de estas medidas de mejora de las condiciones de desempe\u00f1o del trabajo del profesorado y de reforma de la profesi\u00f3n docente.<\/p>\n<p>Tras el ciclo de reformas educativas aprobadas por el Gobierno -entre ellas, la ley org\u00e1nica de educaci\u00f3n (LOMLOE), la Ley de Formaci\u00f3n Profesional, la Ley de Ense\u00f1anzas Art\u00edsticas, y la Ley Org\u00e1nica del Sistema Universitario (LOSU)-, el presidente ha destacado que el Gobierno sigue impulsando de esta forma su compromiso con la educaci\u00f3n p\u00fablica, \u201cno solo con m\u00e1s medios, sino tambi\u00e9n con una apuesta por la calidad, la dignificaci\u00f3n y el reconocimiento social y econ\u00f3mico de los trabajadores del sector\u201d.<\/p>\n<p>Este anuncio supone que el Gobierno blindar\u00e1 por ley el m\u00e1ximo de horas lectivas, lo que supone un importante cambio respecto a lo aprobado en 2012 por el Gobierno de Mariano Rajoy, cuando se fij\u00f3 que se deb\u00edan impartir un m\u00ednimo de 25 horas de clase semanales en Primaria y 20 en Secundaria. Adem\u00e1s, el PP increment\u00f3 las ratios en un 20%, lo que se tradujo en aulas con 28 alumnos en Primaria, 33 en ESO y entre 38 y 40 en Bachillerato.<\/p>\n<p>Sobre el nuevo programa 0-3 a\u00f1os, S\u00e1nchez ha explicado que no consiste en crear m\u00e1s plazas, sino en dar ayudas a las familias bajo el umbral de pobreza para que tengan gratuidad absoluta en el coste total de lo que aportan para escolarizar a sus hijos. El programa, que se impulsar\u00e1 a partir del a\u00f1o 2026, supondr\u00e1 un coste total de m\u00e1s de 175 millones de euros para ejecutar en dos ejercicios presupuestarios.<\/p>\n<p>El presidente ha recordado que en 2018 el Gobierno era consciente de que, a nivel estatal, hab\u00eda una asignatura pendiente con la educaci\u00f3n de 0 a 3 a\u00f1os, ya que \u201cEspa\u00f1a estaba entre los pa\u00edses con las tasas m\u00e1s bajas de Europa\u201d. Por eso, ha se\u00f1alado, con los fondos europeos -m\u00e1s de 600 millones de euros- se impuls\u00f3 la creaci\u00f3n 60.000 nuevas plazas, \u201cpese a no ser competencia del Gobierno de la naci\u00f3n\u201d. \u201cYa hemos habilitado 42.000 plazas y vamos a llegar a las 60.000 en 2027\u201d, ha a\u00f1adido S\u00e1nchez.<\/p>\n<p><strong>Reducci\u00f3n de la carga burocr\u00e1tica<\/strong><\/p>\n<p>En esa misma l\u00ednea de mejora de las condiciones en el desempe\u00f1o del trabajo del profesorado, S\u00e1nchez ha resaltado que el Gobierno trabaja ya en la reducci\u00f3n de la carga burocr\u00e1tica que actualmente se les exige, \u201cpara poner a su disposici\u00f3n herramientas que, utilizando la \u00faltima tecnolog\u00eda basada en la inteligencia artificial, supondr\u00e1n una mejora exponencial en su trabajo\u201d.<\/p>\n<p>\u201cDesde 2018 hemos emprendido un proceso de modernizaci\u00f3n de todo nuestro sistema educativo. Aprobamos la Ley Universitaria, la de Formaci\u00f3n Profesional, que est\u00e1 detr\u00e1s de la reducci\u00f3n del fracaso educativo. Hoy se est\u00e1 reduciendo el abandono escolar, se est\u00e1 creando empleo y la tasa de desempleo juvenil baja gracias a la apuesta por la FP. Hemos creado 400.000 plazas m\u00e1s\u201d, ha resaltado el presidente.<\/p>\n","protected":false},"excerpt":{"rendered":"Otra de las nuevas medidas ser\u00e1 el impulso a partir de 2026 de un programa de ayudas para&hellip;\n","protected":false},"author":2,"featured_media":120822,"comment_status":"","ping_status":"","sticky":false,"template":"","format":"standard","meta":{"footnotes":""},"categories":[5],"tags":[30365,17,18,25,24,13,14,11,39865,19,20,1464,9,10,15,16,1461,23369,30558,23,12,21,22],"class_list":{"0":"post-120821","1":"post","2":"type-post","3":"status-publish","4":"format-standard","5":"has-post-thumbnail","7":"category-titulares","8":"tag-aulas","9":"tag-breaking-news","10":"tag-breakingnews","11":"tag-es","12":"tag-espana","13":"tag-featured-news","14":"tag-featurednews","15":"tag-headlines","16":"tag-horas-lectivas","17":"tag-latest-news","18":"tag-latestnews","19":"tag-ley","20":"tag-news","21":"tag-noticias","22":"tag-noticias-destacadas","23":"tag-noticiasdestacadas","24":"tag-presidente","25":"tag-profesorado","26":"tag-ratios","27":"tag-spain","28":"tag-titulares","29":"tag-ultimas-noticias","30":"tag-ultimasnoticias"},"share_on_mastodon":{"url":"","error":""},"_links":{"self":[{"href":"https:\/\/www.europesays.com\/es\/wp-json\/wp\/v2\/posts\/120821","targetHints":{"allow":["GET"]}}],"collection":[{"href":"https:\/\/www.europesays.com\/es\/wp-json\/wp\/v2\/posts"}],"about":[{"href":"https:\/\/www.europesays.com\/es\/wp-json\/wp\/v2\/types\/post"}],"author":[{"embeddable":true,"href":"https:\/\/www.europesays.com\/es\/wp-json\/wp\/v2\/users\/2"}],"replies":[{"embeddable":true,"href":"https:\/\/www.europesays.com\/es\/wp-json\/wp\/v2\/comments?post=120821"}],"version-history":[{"count":0,"href":"https:\/\/www.europesays.com\/es\/wp-json\/wp\/v2\/posts\/120821\/revisions"}],"wp:featuredmedia":[{"embeddable":true,"href":"https:\/\/www.europesays.com\/es\/wp-json\/wp\/v2\/media\/120822"}],"wp:attachment":[{"href":"https:\/\/www.europesays.com\/es\/wp-json\/wp\/v2\/media?parent=120821"}],"wp:term":[{"taxonomy":"category","embeddable":true,"href":"https:\/\/www.europesays.com\/es\/wp-json\/wp\/v2\/categories?post=120821"},{"taxonomy":"post_tag","embeddable":true,"href":"https:\/\/www.europesays.com\/es\/wp-json\/wp\/v2\/tags?post=120821"}],"curies":[{"name":"wp","href":"https:\/\/api.w.org\/{rel}","templated":true}]}}