{"id":120825,"date":"2025-09-17T13:10:13","date_gmt":"2025-09-17T13:10:13","guid":{"rendered":"https:\/\/www.europesays.com\/es\/120825\/"},"modified":"2025-09-17T13:10:13","modified_gmt":"2025-09-17T13:10:13","slug":"feria-del-pilar-2025-este-es-el-programa-taurino-de-las-fiestas-del-pilar-2025-horarios-corridas-y-festejos","status":"publish","type":"post","link":"https:\/\/www.europesays.com\/es\/120825\/","title":{"rendered":"FERIA DEL PILAR 2025 | Este es el programa taurino de las Fiestas del Pilar 2025: horarios, corridas y festejos"},"content":{"rendered":"<p class=\"ft-text\"><strong>Seis corridas de toros, una de rejones,<\/strong> dos novilladas picadas y una sin caballos configuran el cartel de la Feria Taurina del Pilar 2025 que se desarrolla en <strong>l<\/strong><a class=\"ft-link ft-link--decoration\" href=\"https:\/\/www.elperiodicodearagon.com\/tags\/zaragoza\/\" target=\"_blank\" rel=\"nofollow noopener\"><strong>a plaza de toros de La Misericordia de Zaragoza<\/strong><\/a><strong> <\/strong>del 5 al 13 de octubre. Morante de la Puebla, que regresa a la feria tres a\u00f1os despu\u00e9s, o el peruano Roca Rey son algunos de los principales atractivos de un cartel que se anunci\u00f3 el pasado mes de agosto. La programaci\u00f3n tambi\u00e9n cuenta con los tradicionales festejos populares como la suelta de vaquillas o los recortadores.<\/p>\n<p class=\"ft-text\">Estos son los \u00faltimos carteles que confecciona la empresa Z\u00fa\u00f1iga y Toros SL, que finaliza este 2025 su contrato con la Diputaci\u00f3n Provincial de Zaragoza. Los amantes taurinos tienen la vista puesta en el festejo del 10 de octubre. Morante y Manzanares protagonizan una corrida en la que tambi\u00e9n e<strong>star\u00e1 el torero zaragozano Cristiano Torres. <\/strong><\/p>\n<p>Este es el programa completo de la Feria Taurina del Pilar<\/p>\n<ul class=\"ft-list ft-list--primary\" data-aida-text=\"\">\n<li class=\"ft-list__item\"><strong>S\u00e1bado 4 de octubre.<\/strong>\u00a0Novillos de Toros de Brazuelas para El Mene, Tom\u00e1s Bastos y Julio Norte.<\/li>\n<li class=\"ft-list__item\"><strong>Domingo 5 de octubre.<\/strong>\u00a0Corrida concurso. Toros de Concha y Sierra, Partido de Resina, Villamarta, Murteira Grave, Pe\u00f1ajara de Casta Jijona e Ignacio P\u00e9rez-Tabernero para Rafaelillo, Antonio Ferrera y Javier Casta\u00f1o.<\/li>\n<li class=\"ft-list__item\"><strong>Lunes 6 de octubre.\u00a0<\/strong>Erales de Bernardino P\u00edriz para David Sejas, Miguel Remiro y \u00c1ngel Alarc\u00f3n.<\/li>\n<li class=\"ft-list__item\"><strong>Martes 7 de octubre.<\/strong>\u00a0Novillos de Ignacio P\u00e9rez-Tabernero para Pedro Andr\u00e9s, Joselito de C\u00f3rdoba y Daniel Artazos, que debuta con picadores.<\/li>\n<li class=\"ft-list__item\"><strong>Mi\u00e9rcoles 8 de octubre.\u00a0<\/strong>Toros de La Palmosilla para Fernando Adri\u00e1n, Borja Jim\u00e9nez y Tom\u00e1s Rufo.<\/li>\n<li class=\"ft-list__item\"><strong>Jueves 9 de octubre.<\/strong>\u00a0Toros de Jandilla, Hermanos Garc\u00eda Jim\u00e9nez y Domingo Hern\u00e1ndez para Sebasti\u00e1n Castella y Aar\u00f3n Palacio, mano a mano.<\/li>\n<li class=\"ft-list__item\"><strong>Viernes 10 de octubre.<\/strong>\u00a0Toros de N\u00fa\u00f1ez del Cuvillo para Morante de la Puebla, Jos\u00e9 Mar\u00eda Manzanares y Cristiano Torres, que toma la alternativa.<\/li>\n<li class=\"ft-list__item\"><strong>S\u00e1bado 11 de octubre.\u00a0<\/strong>Toros de Juan Pedro Domecq para Alejandro Talavante, Roca Rey y Trist\u00e1n Barroso.<\/li>\n<li class=\"ft-list__item\"><strong>Domingo 12 de octubre.<\/strong>\u00a0Toros de Pincha para Alberto \u00c1lvarez, Rom\u00e1n y Jos\u00e9 Fernando Molina.<\/li>\n<li class=\"ft-list__item\"><strong>Lunes 13 de octubre.<\/strong>\u00a0Toros de S\u00e1nchez y S\u00e1nchez para Sergio Gal\u00e1n, Diego Ventura y Lea Vicens.<\/li>\n<\/ul>\n<p class=\"ft-text\">Todas las corridas est\u00e1n programadas para las 17.30 horas.<\/p>\n<p>Festejos populares<\/p>\n<p class=\"ft-text\">Adem\u00e1s, la Feria del Pilar est\u00e1 compuesta por seis festejos populares donde se ver\u00e1n las caras los mejores especialistas nacionales e internacionales. Hay programados\u00a0<strong>concursos de emboladores y recortes con toros de fuego<\/strong>\u00a0y los campeonatos de Espa\u00f1a Goyesco de Recortes, Roscaderos y Recortadores con Anillas.<\/p>\n<p class=\"ft-text\">Tambi\u00e9n el coso acoge cada ma\u00f1ana a las ocho la tradicional\u00a0<strong>suelta de vaquillas.\u00a0<\/strong>El p\u00fablico podr\u00e1<strong>\u00a0<\/strong>disfrutar de los cl\u00e1sicos quiebros, revolcones y volteretas protagonizados por los m\u00e1s valientes que salten al ruedo. Un a\u00f1o m\u00e1s, una cita imprescindible dentro de la programaci\u00f3n de las\u00a0<a href=\"https:\/\/www.elperiodicodearagon.com\/tags\/fiestas-del-pilar\/\" class=\"ft-link ft-link--decoration\" rel=\"nofollow noopener\" target=\"_blank\"><strong>Fiestas del Pilar<\/strong><\/a>\u00a0del domingo 5 al lunes13 de octubre.<\/p>\n","protected":false},"excerpt":{"rendered":"Seis corridas de toros, una de rejones, dos novilladas picadas y una sin caballos configuran el cartel de&hellip;\n","protected":false},"author":2,"featured_media":120826,"comment_status":"","ping_status":"","sticky":false,"template":"","format":"standard","meta":{"footnotes":""},"categories":[277],"tags":[45,373,168,4482,25,24,599,43,14524,8669,2145,199,23,167,4953,374,4655],"class_list":{"0":"post-120825","1":"post","2":"type-post","3":"status-publish","4":"format-standard","5":"has-post-thumbnail","7":"category-toreo","8":"tag-45","9":"tag-bullfighting","10":"tag-deportes","11":"tag-dv","12":"tag-es","13":"tag-espana","14":"tag-feria","15":"tag-fiestas","16":"tag-fiestas-del-pilar","17":"tag-pilar","18":"tag-programa","19":"tag-sanchez","20":"tag-spain","21":"tag-sports","22":"tag-taurino","23":"tag-toreo","24":"tag-torres"},"share_on_mastodon":{"url":"","error":""},"_links":{"self":[{"href":"https:\/\/www.europesays.com\/es\/wp-json\/wp\/v2\/posts\/120825","targetHints":{"allow":["GET"]}}],"collection":[{"href":"https:\/\/www.europesays.com\/es\/wp-json\/wp\/v2\/posts"}],"about":[{"href":"https:\/\/www.europesays.com\/es\/wp-json\/wp\/v2\/types\/post"}],"author":[{"embeddable":true,"href":"https:\/\/www.europesays.com\/es\/wp-json\/wp\/v2\/users\/2"}],"replies":[{"embeddable":true,"href":"https:\/\/www.europesays.com\/es\/wp-json\/wp\/v2\/comments?post=120825"}],"version-history":[{"count":0,"href":"https:\/\/www.europesays.com\/es\/wp-json\/wp\/v2\/posts\/120825\/revisions"}],"wp:featuredmedia":[{"embeddable":true,"href":"https:\/\/www.europesays.com\/es\/wp-json\/wp\/v2\/media\/120826"}],"wp:attachment":[{"href":"https:\/\/www.europesays.com\/es\/wp-json\/wp\/v2\/media?parent=120825"}],"wp:term":[{"taxonomy":"category","embeddable":true,"href":"https:\/\/www.europesays.com\/es\/wp-json\/wp\/v2\/categories?post=120825"},{"taxonomy":"post_tag","embeddable":true,"href":"https:\/\/www.europesays.com\/es\/wp-json\/wp\/v2\/tags?post=120825"}],"curies":[{"name":"wp","href":"https:\/\/api.w.org\/{rel}","templated":true}]}}