{"id":120831,"date":"2025-09-17T13:14:08","date_gmt":"2025-09-17T13:14:08","guid":{"rendered":"https:\/\/www.europesays.com\/es\/120831\/"},"modified":"2025-09-17T13:14:08","modified_gmt":"2025-09-17T13:14:08","slug":"rusia-arresta-a-un-ciclista-frances-que-trataba-de-batir-un-record-mundial-2","status":"publish","type":"post","link":"https:\/\/www.europesays.com\/es\/120831\/","title":{"rendered":"Rusia arresta a un ciclista franc\u00e9s que trataba de batir un r\u00e9cord mundial"},"content":{"rendered":"<p data-gtm-element-container=\"modulo-texto-link\" class=\"paragraph\"><strong>Un ciclista franc\u00e9s<\/strong>, que trataba de batir un r\u00e9cord mundial al cruzar Eurasia en el menor tiempo posible,<strong> fue arrestado en el Lejano Oriente ruso sospechoso de cruzar ilegalmente la frontera de Rusia.<\/strong><\/p>\n<p data-gtm-element-container=\"modulo-texto-link\" class=\"paragraph\">\u00ab<strong>El Tribunal de Distrito de Uzzuriysk de la regi\u00f3n de Primorie le impuso una medida de prisi\u00f3n preventiva hasta el 4 de octubre<\/strong>\u00ab, informaron este mi\u00e9rcoles fuentes judiciales a la agencia Interfax.<\/p>\n<p data-gtm-element-container=\"modulo-texto-link\" class=\"paragraph\">Previamente, las autoridades locales informaron de que el ciclista, Sofiane Sehili, fue detenido por supuestamente cruzar ilegalmente la frontera en la regi\u00f3n de Primorie, a orillas con el mar de Jap\u00f3n y que comparte frontera terrestre con Corea del Norte y China.<\/p>\n<p data-gtm-element-container=\"modulo-texto-link\" class=\"paragraph\">La noticia fue dada primero por el diario franc\u00e9s Le Monde, debido a la desaparici\u00f3n del ciclista, <strong>que se mostraba activo en sus redes sociales y publicaba a diario noticias sobre su traves\u00eda<\/strong>, habiendo cruzado ya pa\u00edses como China, Mongolia y Kazajist\u00e1n.<\/p>\n<p data-gtm-element-container=\"modulo-texto-link\" class=\"paragraph\">Esto llev\u00f3 a que las autoridades rusas se interesasen por el ciudadano franc\u00e9s y comprobasen su estado y las condiciones en reclusi\u00f3n.<\/p>\n<p data-gtm-element-container=\"modulo-texto-link\" class=\"paragraph\">\u00ab<strong>Es una celda luminosa para dos personas. No est\u00e1 solo. La celda est\u00e1 equipada con todo lo necesario, incluso hay un televisor<\/strong>\u00ab, explic\u00f3 Vlad\u00edmir Naidin, presidente de la comisi\u00f3n que vela por el bienestar de los detenidos y presos en la regi\u00f3n.<\/p>\n<blockquote class=\"twitter-tweet\" data-lang=\"es\"><p>\n<a href=\"https:\/\/twitter.com\/franceinfo\/status\/1965494338655252562\" rel=\"nofollow noopener\" target=\"_blank\">\n<\/p><\/blockquote>\n<p data-gtm-element-container=\"modulo-texto-link\" class=\"paragraph\">Seg\u00fan explica Naidin, tambi\u00e9n contactaron con la esposa del detenido para explicarle que \u00ab<strong>Sehili se sent\u00eda bien y no ten\u00eda problemas de salud<\/strong>\u00ab.<\/p>\n<p data-gtm-element-container=\"modulo-texto-link\" class=\"paragraph\">\u00ab<strong>Quiz\u00e1s el ciclista entr\u00f3 en el puesto de control (fronterizo) equivocado donde el visado electr\u00f3nico que ten\u00eda no era v\u00e1lido<\/strong>. Es probable que nuestros guardias le indicaran que deb\u00eda ir a otro puesto de control, pero es posible que decidiese cruzar el bosque ilegalmente\u00bb, explic\u00f3.<\/p>\n<p data-gtm-element-container=\"modulo-texto-link\" class=\"paragraph\"><strong>La ruta de Sehili comenz\u00f3 en Lisboa y deb\u00eda terminar en la ciudad rusa de Vladivostok<\/strong>, a unos 150 kil\u00f3metros por carretera de la frontera china por donde deb\u00eda haber cruzado el ciclista franc\u00e9s.<\/p>\n<p data-gtm-element-container=\"modulo-texto-link\" class=\"paragraph\"><strong>En poco m\u00e1s de 60 d\u00edas, el deportista cruz\u00f3 17 pa\u00edses y recorri\u00f3 cerca de 17.000 kil\u00f3metros<\/strong>. Sehili ya hab\u00eda cruzado la frontera rusa desde Georgia para posteriormente entrar en Kazajist\u00e1n.<\/p>\n<p><script async src=\"https:\/\/platform.twitter.com\/widgets.js\" charset=\"utf-8\"><\/script><\/p>\n","protected":false},"excerpt":{"rendered":"Un ciclista franc\u00e9s, que trataba de batir un r\u00e9cord mundial al cruzar Eurasia en el menor tiempo posible,&hellip;\n","protected":false},"author":2,"featured_media":120832,"comment_status":"","ping_status":"","sticky":false,"template":"","format":"standard","meta":{"footnotes":""},"categories":[273],"tags":[313,312,168,25,24,23,167],"class_list":{"0":"post-120831","1":"post","2":"type-post","3":"status-publish","4":"format-standard","5":"has-post-thumbnail","7":"category-ciclismo","8":"tag-ciclismo","9":"tag-cycling","10":"tag-deportes","11":"tag-es","12":"tag-espana","13":"tag-spain","14":"tag-sports"},"share_on_mastodon":{"url":"","error":""},"_links":{"self":[{"href":"https:\/\/www.europesays.com\/es\/wp-json\/wp\/v2\/posts\/120831","targetHints":{"allow":["GET"]}}],"collection":[{"href":"https:\/\/www.europesays.com\/es\/wp-json\/wp\/v2\/posts"}],"about":[{"href":"https:\/\/www.europesays.com\/es\/wp-json\/wp\/v2\/types\/post"}],"author":[{"embeddable":true,"href":"https:\/\/www.europesays.com\/es\/wp-json\/wp\/v2\/users\/2"}],"replies":[{"embeddable":true,"href":"https:\/\/www.europesays.com\/es\/wp-json\/wp\/v2\/comments?post=120831"}],"version-history":[{"count":0,"href":"https:\/\/www.europesays.com\/es\/wp-json\/wp\/v2\/posts\/120831\/revisions"}],"wp:featuredmedia":[{"embeddable":true,"href":"https:\/\/www.europesays.com\/es\/wp-json\/wp\/v2\/media\/120832"}],"wp:attachment":[{"href":"https:\/\/www.europesays.com\/es\/wp-json\/wp\/v2\/media?parent=120831"}],"wp:term":[{"taxonomy":"category","embeddable":true,"href":"https:\/\/www.europesays.com\/es\/wp-json\/wp\/v2\/categories?post=120831"},{"taxonomy":"post_tag","embeddable":true,"href":"https:\/\/www.europesays.com\/es\/wp-json\/wp\/v2\/tags?post=120831"}],"curies":[{"name":"wp","href":"https:\/\/api.w.org\/{rel}","templated":true}]}}