{"id":120842,"date":"2025-09-17T13:21:15","date_gmt":"2025-09-17T13:21:15","guid":{"rendered":"https:\/\/www.europesays.com\/es\/120842\/"},"modified":"2025-09-17T13:21:15","modified_gmt":"2025-09-17T13:21:15","slug":"le-dije-que-yo-trabajo-con-libertad","status":"publish","type":"post","link":"https:\/\/www.europesays.com\/es\/120842\/","title":{"rendered":"Le dije que yo trabajo con libertad"},"content":{"rendered":"<p class=\"article-text\">\n        <strong>RTVE <\/strong>estrena este jueves 18 de septiembre la segunda temporada de <strong>Futuro Imperfecto<\/strong> con <strong>Andreu Buenafuente<\/strong>. Un regreso que el presentador afronta \u201cencantado\u201d, especialmente por una <strong>libertad editorial<\/strong> que reconoce que tiene desde su llegada a la televisi\u00f3n p\u00fablica.\n    <\/p>\n<p>    <a href=\"https:\/\/www.eldiario.es\/noticias\/rtve-pone-fecha-vuelta-futuro-imperfecto-despeja-andreu-buenafuente-incognita-prime-time-la-1_1_12600322.html\" data-mrf-recirculation=\"saber-mas\" data-dl-event=\"saber-mas\" rel=\"nofollow noopener\" target=\"_blank\"><\/p>\n<p class=\"know-more__title\">RTVE pone fecha de vuelta al &#8216;Futuro imperfecto&#8217; de Buenafuente y despeja otra inc\u00f3gnita en el prime time de La 1<\/p>\n<p>            <img decoding=\"async\" class=\"lazy\" loading=\"lazy\" data-src=\"https:\/\/static.eldiario.es\/clip\/d7e6840b-4e3c-4c70-aee5-8076455d9617_16-9-aspect-ratio_default_0.jpg\" src=\"data:image\/svg+xml,%3Csvg xmlns=\" http:=\"\" viewbox=\"0 0 880 495\" alt=\"RTVE pone fecha de vuelta al 'Futuro imperfecto' de Buenafuente y despeja otra inc\u00f3gnita en el prime time de La 1\"\/><\/p>\n<p>                        <\/a><\/p>\n<p class=\"article-text\">\n        \u201cMe siento un privilegiado de que a estas alturas de mi carrera me permitan montarme un equipo de guion y acudir a un teatro en Terrassa<strong> a contar en libertad lo que yo creo que hay que contar en clave comedia<\/strong>. Eso, para m\u00ed, es un regalo. He estado en todas partes y s\u00e9 que no es f\u00e1cil conseguir algo as\u00ed\u201d, ha afirmado el c\u00f3mico en una entrevista en La Ventana de<strong> Carles Francino<\/strong>, donde ha hablado de su actual etapa en RTVE.\n    <\/p>\n<p class=\"article-text\">\n        Buenafuente desvela que en esta segunda temporada en <strong>La 1<\/strong> grabar\u00e1n sus <strong>12 programas <\/strong>el mismo d\u00eda de emisi\u00f3n, evitando as\u00ed que la actualidad les desmonte el contenido como ocurri\u00f3 en <a href=\"https:\/\/www.eldiario.es\/vertele\/noticias\/rotulo-futuro-imperfecto-rtve-explicar-humor-desactualizado-monologo-buenafuente_1_12381351.html\" target=\"_blank\" data-mrf-recirculation=\"links-noticia\" class=\"link\" rel=\"nofollow noopener\">alguna entrega del curso pasado<\/a>. No obstante, si algo agradece es el apoyo que el p\u00fablico dio a su propuesta de comedia hace unos meses, lo que le ha permitido renovar: \u201c<strong>Esto se podr\u00eda haber quedado como algo residual, una prueba, y no para seguir<\/strong>. El dato te ayuda a continuar y es realmente muy emocionante\u201d, ha expresado.\n    <\/p>\n<p>    \u201cCuando no tienes control editorial, el control eres t\u00fa\u201d<\/p>\n<p class=\"article-text\">\n        Para el presentador, lo \u201cemocionante\u201d de Futuro Imperfecto es poder salir a una cadena p\u00fablica \u201ca decir las cosas\u201d en las que cree. \u201cYa estaba en TV3 con total libertad. No s\u00e9 si es que me ven mayor o que me he ganado un cierto cr\u00e9dito. <strong>Cuando no tienes control editorial, el control eres t\u00fa<\/strong>\u201d, afirma, apuntando al \u201csentido com\u00fan\u201d como gu\u00eda para hacer un buen programa.\n    <\/p>\n<p class=\"article-text\">\n        De hecho, Buenafuente ha reconocido que esa libertad fue <strong>un requisito cuando se reuni\u00f3 con la Corporaci\u00f3n <\/strong>para plantear su fichaje, y ha desvelado c\u00f3mo fue su primer encuentro con el presidente de RTVE <strong>Jos\u00e9 Pablo L\u00f3pez<\/strong>: \u201cEst\u00e1bamos hablando de otras cosas con TVE, me dijeron si pod\u00eda hacer un res\u00famen como el de TV3. Yo, que no conoc\u00eda la casa,<strong> les dije que yo trabajo con total libertad<\/strong>. A Jos\u00e9 Pablo L\u00f3pez le dije: &#8216;No es que dude, es que no te conozco&#8217;. Y \u00e9l, muy r\u00e1pidamente, me dijo que no hab\u00eda ning\u00fan problema\u201d, ha recordado.\n    <\/p>\n<p>    <a href=\"https:\/\/www.eldiario.es\/vertele\/analisis\/eurovision-futuro-jaque-decision-rtve-participacion-israel-amenaza-existencia_1_12606698.html\" data-mrf-recirculation=\"saber-mas-abajo\" data-dl-event=\"saber-mas-abajo\" rel=\"nofollow noopener\" target=\"_blank\"><\/p>\n<p class=\"know-more__title\">Eurovisi\u00f3n y su futuro, en jaque tras la decisi\u00f3n de RTVE: la participaci\u00f3n de Israel amenaza su existencia\n<\/p>\n<p>            <img decoding=\"async\" class=\"lazy\" loading=\"lazy\" data-src=\"https:\/\/static.eldiario.es\/clip\/602199b4-94b8-4260-97cd-6f4c273ef7c6_16-9-aspect-ratio_default_0.jpg\" src=\"data:image\/svg+xml,%3Csvg xmlns=\" http:=\"\" viewbox=\"0 0 880 495\" alt=\"Eurovisi\u00f3n y su futuro, en jaque tras la decisi\u00f3n de RTVE: la participaci\u00f3n de Israel amenaza su existencia\"\/><\/p>\n<p>                        <\/a><\/p>\n<p class=\"article-text\">\n        \u201cUno que ya viene de mil batallas&#8230; Arrugu\u00e9 la nariz un poco. Incluso le mand\u00e9 un programa de\u00a0TV3\u00a0subtitulado para que lo viera r\u00e1pido, que era en catal\u00e1n\u201d, ha agregado, reconociendo que no confiaba en que pudiera tener esa total libertad editorial en RTVE. \u201cPregunt\u00e9 a El Terrat si en la cadena sab\u00edan lo que hab\u00edan comprado\u201d, ha contado entre risas, recordando tambi\u00e9n la declaraci\u00f3n de intenciones que fue su primer mon\u00f3logo en la p\u00fablica: \u201c<strong>El primer d\u00eda dije que no me hab\u00eda puesto ah\u00ed S\u00e1nchez, que ten\u00eda libertad<\/strong>. Es raro tener que celebrar esto y no considerarlo la normalidad\u201d, ha zanjado.\n    <\/p>\n","protected":false},"excerpt":{"rendered":"RTVE estrena este jueves 18 de septiembre la segunda temporada de Futuro Imperfecto con Andreu Buenafuente. Un regreso&hellip;\n","protected":false},"author":2,"featured_media":120843,"comment_status":"","ping_status":"","sticky":false,"template":"","format":"standard","meta":{"footnotes":""},"categories":[171],"tags":[1270,14321,146,147,25,24,3294,5085,6730,1461,1789,518,23,2752,214],"class_list":{"0":"post-120842","1":"post","2":"type-post","3":"status-publish","4":"format-standard","5":"has-post-thumbnail","7":"category-tv","8":"tag-buenafuente","9":"tag-dije","10":"tag-entertainment","11":"tag-entretenimiento","12":"tag-es","13":"tag-espana","14":"tag-le","15":"tag-libertad","16":"tag-negociacion","17":"tag-presidente","18":"tag-revela","19":"tag-rtve","20":"tag-spain","21":"tag-trabajo","22":"tag-tv"},"share_on_mastodon":{"url":"","error":""},"_links":{"self":[{"href":"https:\/\/www.europesays.com\/es\/wp-json\/wp\/v2\/posts\/120842","targetHints":{"allow":["GET"]}}],"collection":[{"href":"https:\/\/www.europesays.com\/es\/wp-json\/wp\/v2\/posts"}],"about":[{"href":"https:\/\/www.europesays.com\/es\/wp-json\/wp\/v2\/types\/post"}],"author":[{"embeddable":true,"href":"https:\/\/www.europesays.com\/es\/wp-json\/wp\/v2\/users\/2"}],"replies":[{"embeddable":true,"href":"https:\/\/www.europesays.com\/es\/wp-json\/wp\/v2\/comments?post=120842"}],"version-history":[{"count":0,"href":"https:\/\/www.europesays.com\/es\/wp-json\/wp\/v2\/posts\/120842\/revisions"}],"wp:featuredmedia":[{"embeddable":true,"href":"https:\/\/www.europesays.com\/es\/wp-json\/wp\/v2\/media\/120843"}],"wp:attachment":[{"href":"https:\/\/www.europesays.com\/es\/wp-json\/wp\/v2\/media?parent=120842"}],"wp:term":[{"taxonomy":"category","embeddable":true,"href":"https:\/\/www.europesays.com\/es\/wp-json\/wp\/v2\/categories?post=120842"},{"taxonomy":"post_tag","embeddable":true,"href":"https:\/\/www.europesays.com\/es\/wp-json\/wp\/v2\/tags?post=120842"}],"curies":[{"name":"wp","href":"https:\/\/api.w.org\/{rel}","templated":true}]}}