{"id":120851,"date":"2025-09-17T13:27:08","date_gmt":"2025-09-17T13:27:08","guid":{"rendered":"https:\/\/www.europesays.com\/es\/120851\/"},"modified":"2025-09-17T13:27:08","modified_gmt":"2025-09-17T13:27:08","slug":"este-es-el-inesperado-cambio-en-la-actividad-del-sol-segun-un-estudio-de-la-nasa","status":"publish","type":"post","link":"https:\/\/www.europesays.com\/es\/120851\/","title":{"rendered":"Este es el inesperado cambio en la actividad del sol, seg\u00fan un estudio de la NASA"},"content":{"rendered":"<p>El<b> Sol <\/b>da sentido al mundo en el que vivimos. <b>Giramos a su alrededor y que dependemos de su actividad sobrevivir<\/b>. Por ello, la comunidad cient\u00edfica internacional lleva d\u00e9cadas con el sol en su punto de mira para poder analizar lo que sucede en su superficie y como afecta a la tierra.<\/p>\n<p>Durante toda nuestra historia <b>nos hemos sentido atra\u00eddos por este astro<\/b>, desde Galileo Galilei que demostr\u00f3 la teor\u00eda del heliocentrismo planteada por Cop\u00e9rnico (el sol es el centro de nuestra galaxia y giramos a su alrededor), hasta recientes estudios como la sonda Parker (2018), el objeto creado por la humanidad que m\u00e1s cerca del sol ha estado.<\/p>\n<p>Uno de los <b>objetivos de la humanidad <\/b>es descubrir todos los <b>secretos del sol<\/b>, algo que ocupa la vida de miles de personas dedicas a esta ciencia, destacando la <b>NASA<\/b> como principal entidad que investiga el espacio. De hecho, uno de sus \u00faltimos estudios pone en alerta a la comunidad cient\u00edfica, ya que este demuestra que la estrella est\u00e1 despertando.<\/p>\n<p>200 a\u00f1os de baja actividad \u00abuna peque\u00f1a siesta\u00bb<\/p>\n<p>El <b>comportamiento del sol esta fluctuando<\/b>, se ha observado un cambio inesperado, as\u00ed lo comentaban en un estudio de &#8216;The Astrophysical Journal Letters&#8217;.<\/p>\n<p>Para comprender lo que sucede, debemos saber que <b>el astro se encuentra en su etapa de vida m\u00e1s larga <\/b>siendo una enana amarilla. Hasta su pr\u00f3xima fase, el sol cumple su funci\u00f3n de transformar hidrogeno en helio en su n\u00facleo. Posteriormente se convertir\u00e1 en una Gigante roja, Enana Blanca y finalmente en Enana Negra, que ser\u00e1 el final de su vida \u00fatil (aproximadamente en unos 5 mil millones de a\u00f1os).<\/p>\n<p>En su etapa actual, la m\u00e1s larga de todas, <b>es com\u00fan que ocurran momentos de menor actividad<\/b>. En los registros hist\u00f3ricos de la actividad solar se pueden observar varios periodos prolongados de calma, el \u00faltimo sucedi\u00f3 de 1790 a 1830. Desde entonces su actividad se incrementaba cada a\u00f1o de manera estable.<\/p>\n<p>En el a\u00f1o <b>2008 se dieron datos de actividad muy bajos<\/b>, lo que llev\u00f3 a <b>pensar<\/b> que <b>se avecinaba calma solar<\/b>, pero este \u00faltimo estudio confirma todo lo contrario. Seg\u00fan explica Jamie Jasinski, del Jet Propulsion Laboratory de la NASA, <b>el \u00absol est\u00e1 despertando lentamente\u00bb.<\/b><\/p>\n<p>\u00bfC\u00f3mo nos afectar\u00e1 esto?<\/p>\n<p>La <b>Tierra<\/b> est\u00e1 protegida por por su <b>magnetosfera<\/b>, pero este aumento de actividad puede tener <b>consecuencias directas en la tecnolog\u00eda moderna<\/b>.<\/p>\n<p>El aumento de la actividad solar s<b>e traslada a la capa terrestre<\/b> con fen\u00f3menos como las <b>erupciones solares y la eyecci\u00f3n de masa coronal<\/b>, eventos que liberan grandes cantidades de energ\u00eda y part\u00edculas al espacio.<\/p>\n<p>Por lo tanto, este suceso <b>puede interferir con<\/b> la tecnolog\u00eda actual, afectando a las <b>se\u00f1ales de GPS<\/b>, las <b>comunicaciones por radio<\/b>, la <b>red el\u00e9ctrica<\/b>, etc. Adem\u00e1s, preocupa el riesgo que corren los astronautas, ya que la actividad puede da\u00f1ar sat\u00e9lites y poner en peligro su seguridad.<\/p>\n<p>S\u00edguenos en nuestro <a title=\"canal de WhatsApp\" href=\"https:\/\/www.whatsapp.com\/channel\/0029Va6BhYH2phHPnlatwW3b\" target=\"_blank\" rel=\"nofollow noopener\">canal de WhatsApp<\/a> y no te pierdas la \u00faltima hora y toda la actualidad de <a title=\"antena3noticias.com\" href=\"https:\/\/www.antena3.com\/noticias\/\" target=\"_blank\" rel=\"nofollow noopener\">antena3noticias.com<\/a><\/p>\n<p>   <img decoding=\"async\" title=\"Imagen de archivo de una operaci\u00f3n de coraz\u00f3n\" alt=\"Imagen de archivo de una operaci\u00f3n de coraz\u00f3n\" width=\"480\" height=\"270\" src=\"https:\/\/www.europesays.com\/es\/wp-content\/uploads\/2025\/09\/imagen-archivo-operacion-corazon_70.jpg\" loading=\"lazy\" class=\"lazy\"\/><\/p>\n","protected":false},"excerpt":{"rendered":"El Sol da sentido al mundo en el que vivimos. Giramos a su alrededor y que dependemos de&hellip;\n","protected":false},"author":2,"featured_media":120852,"comment_status":"","ping_status":"","sticky":false,"template":"","format":"standard","meta":{"footnotes":""},"categories":[81],"tags":[119,123,124,25,24,117,121,122,23,118,120],"class_list":{"0":"post-120851","1":"post","2":"type-post","3":"status-publish","4":"format-standard","5":"has-post-thumbnail","7":"category-ciencia-y-tecnologia","8":"tag-ciencia","9":"tag-ciencia-y-tecnologia","10":"tag-cienciaytecnologia","11":"tag-es","12":"tag-espana","13":"tag-science","14":"tag-science-and-technology","15":"tag-scienceandtechnology","16":"tag-spain","17":"tag-technology","18":"tag-tecnologia"},"share_on_mastodon":{"url":"","error":""},"_links":{"self":[{"href":"https:\/\/www.europesays.com\/es\/wp-json\/wp\/v2\/posts\/120851","targetHints":{"allow":["GET"]}}],"collection":[{"href":"https:\/\/www.europesays.com\/es\/wp-json\/wp\/v2\/posts"}],"about":[{"href":"https:\/\/www.europesays.com\/es\/wp-json\/wp\/v2\/types\/post"}],"author":[{"embeddable":true,"href":"https:\/\/www.europesays.com\/es\/wp-json\/wp\/v2\/users\/2"}],"replies":[{"embeddable":true,"href":"https:\/\/www.europesays.com\/es\/wp-json\/wp\/v2\/comments?post=120851"}],"version-history":[{"count":0,"href":"https:\/\/www.europesays.com\/es\/wp-json\/wp\/v2\/posts\/120851\/revisions"}],"wp:featuredmedia":[{"embeddable":true,"href":"https:\/\/www.europesays.com\/es\/wp-json\/wp\/v2\/media\/120852"}],"wp:attachment":[{"href":"https:\/\/www.europesays.com\/es\/wp-json\/wp\/v2\/media?parent=120851"}],"wp:term":[{"taxonomy":"category","embeddable":true,"href":"https:\/\/www.europesays.com\/es\/wp-json\/wp\/v2\/categories?post=120851"},{"taxonomy":"post_tag","embeddable":true,"href":"https:\/\/www.europesays.com\/es\/wp-json\/wp\/v2\/tags?post=120851"}],"curies":[{"name":"wp","href":"https:\/\/api.w.org\/{rel}","templated":true}]}}