{"id":120861,"date":"2025-09-17T13:32:08","date_gmt":"2025-09-17T13:32:08","guid":{"rendered":"https:\/\/www.europesays.com\/es\/120861\/"},"modified":"2025-09-17T13:32:08","modified_gmt":"2025-09-17T13:32:08","slug":"triunfo-de-las-damas-y-empate-de-los-caballeros-club-ferro-carril-oeste","status":"publish","type":"post","link":"https:\/\/www.europesays.com\/es\/120861\/","title":{"rendered":"TRIUNFO DE LAS DAMAS Y EMPATE DE LOS CABALLEROS \u2013 Club Ferro Carril Oeste"},"content":{"rendered":"<p data-start=\"148\" data-end=\"244\">La Liga de Honor Oro tuvo otro fin de semana con acci\u00f3n para los equipos de handball de Ferro.<\/p>\n<p data-start=\"246\" data-end=\"383\">En Damas, Oeste se impuso por 29-19 frente a Nuestra Se\u00f1ora de Luj\u00e1n, sumando un nuevo triunfo en la competencia.<\/p>\n<p data-start=\"385\" data-end=\"510\">Por su parte, los Caballeros protagonizaron un partido muy parejo ante el mismo rival que termin\u00f3 en empate: 25-25.<\/p>\n<p data-start=\"512\" data-end=\"591\">El pr\u00f3ximo compromiso ser\u00e1 en condici\u00f3n de local, en el Colegio San Jos\u00e9:<\/p>\n<p data-start=\"512\" data-end=\"591\"><strong data-start=\"594\" data-end=\"621\">Damas vs. C.I.D. Moreno<\/strong> \u2013 s\u00e1bado 18:00 hs<\/p>\n<p data-start=\"644\" data-end=\"704\"><strong data-start=\"644\" data-end=\"684\">Caballeros vs. San Fernando Handball<\/strong> \u2013 s\u00e1bado 19:45 hs<\/p>\n","protected":false},"excerpt":{"rendered":"La Liga de Honor Oro tuvo otro fin de semana con acci\u00f3n para los equipos de handball de&hellip;\n","protected":false},"author":2,"featured_media":120862,"comment_status":"","ping_status":"","sticky":false,"template":"","format":"standard","meta":{"footnotes":""},"categories":[278],"tags":[376,168,25,24,375,23,167],"class_list":{"0":"post-120861","1":"post","2":"type-post","3":"status-publish","4":"format-standard","5":"has-post-thumbnail","7":"category-balonmano","8":"tag-balonmano","9":"tag-deportes","10":"tag-es","11":"tag-espana","12":"tag-handball","13":"tag-spain","14":"tag-sports"},"share_on_mastodon":{"url":"","error":""},"_links":{"self":[{"href":"https:\/\/www.europesays.com\/es\/wp-json\/wp\/v2\/posts\/120861","targetHints":{"allow":["GET"]}}],"collection":[{"href":"https:\/\/www.europesays.com\/es\/wp-json\/wp\/v2\/posts"}],"about":[{"href":"https:\/\/www.europesays.com\/es\/wp-json\/wp\/v2\/types\/post"}],"author":[{"embeddable":true,"href":"https:\/\/www.europesays.com\/es\/wp-json\/wp\/v2\/users\/2"}],"replies":[{"embeddable":true,"href":"https:\/\/www.europesays.com\/es\/wp-json\/wp\/v2\/comments?post=120861"}],"version-history":[{"count":0,"href":"https:\/\/www.europesays.com\/es\/wp-json\/wp\/v2\/posts\/120861\/revisions"}],"wp:featuredmedia":[{"embeddable":true,"href":"https:\/\/www.europesays.com\/es\/wp-json\/wp\/v2\/media\/120862"}],"wp:attachment":[{"href":"https:\/\/www.europesays.com\/es\/wp-json\/wp\/v2\/media?parent=120861"}],"wp:term":[{"taxonomy":"category","embeddable":true,"href":"https:\/\/www.europesays.com\/es\/wp-json\/wp\/v2\/categories?post=120861"},{"taxonomy":"post_tag","embeddable":true,"href":"https:\/\/www.europesays.com\/es\/wp-json\/wp\/v2\/tags?post=120861"}],"curies":[{"name":"wp","href":"https:\/\/api.w.org\/{rel}","templated":true}]}}