{"id":120869,"date":"2025-09-17T13:38:10","date_gmt":"2025-09-17T13:38:10","guid":{"rendered":"https:\/\/www.europesays.com\/es\/120869\/"},"modified":"2025-09-17T13:38:10","modified_gmt":"2025-09-17T13:38:10","slug":"el-otro-lado-de-lewis-hamilton-por-que-no-quiere-formar-una-familia-y-su-pasion-por-la-moda","status":"publish","type":"post","link":"https:\/\/www.europesays.com\/es\/120869\/","title":{"rendered":"El otro lado de Lewis Hamilton: por qu\u00e9 no quiere formar una familia y su pasi\u00f3n por la moda"},"content":{"rendered":"<p><img alt=\"Lewis Hamilton habl\u00f3 sobre su\" class=\"global-image\" decoding=\"async\" fetchpriority=\"high\" height=\"4616\" loading=\"eager\" src=\"https:\/\/www.europesays.com\/es\/wp-content\/uploads\/2025\/09\/NK6NPVSXMFCX5P5ZH3TIR6F6PE.jpg\" width=\"6924\"\/>Lewis Hamilton habl\u00f3 sobre su vida personal (AP)<\/p>\n<p class=\"paragraph\">El desembarco de <b>Lewis Hamilton<\/b> en <b>Ferrari<\/b> marc\u00f3 uno de los episodios m\u00e1s destacados de la temporada actual de la<b> F\u00f3rmula 1<\/b>. El piloto brit\u00e1nico, reconocido por su \u00e9xito en Mercedes y su influencia m\u00e1s all\u00e1 de los circuitos, enfrenta <b>un contexto especialmente exigente <\/b>al vestir el mono rojo del equipo de Maranello. La llegada de Hamilton al legendario equipo italiano trajo consigo expectativas considerables, tanto para los seguidores de la escuder\u00eda como para los medios especializados.<\/p>\n<p class=\"paragraph\">Desde su arribo, <b>Hamilton<\/b> se ha mostrado motivado por el desaf\u00edo que representa <b>Ferrari<\/b>. En di\u00e1logo con L\u2019Equipe, afirm\u00f3 que en esta escuder\u00eda<b> \u201ctodo se amplifica&#8230; por la marca y todo lo que la gente siente por ella.<\/b> No importa en qu\u00e9 parte del mundo estemos, conducir un Ferrari siempre despierta una emoci\u00f3n. No se me ocurre ninguna otra marca de coches, ninguna otra marca en el mundo que despierte tanta emoci\u00f3n\u00bb. La intensidad con la que se vive cada competencia y el simbolismo de la marca pesan en la mentalidad del siete veces campe\u00f3n.<\/p>\n<p class=\"paragraph\">El paso de <b>Hamilton<\/b> por <b>Ferrari<\/b> se enmarca en un contexto deportivo de altos y bajos. Tras 16 carreras, el brit\u00e1nico se ubica en la <b>sexta posici\u00f3n <\/b>del Campeonato de Pilotos con <b>117 puntos<\/b>, lo que significa una desventaja de 46 unidades frente a su coequipero<b> Charles Leclerc<\/b> y de 207 respecto al l\u00edder <b>Oscar Piastri<\/b>. La prensa italiana ha se\u00f1alado con \u00e9nfasis tanto <a rel=\"noopener noreferrer nofollow\" href=\"https:\/\/www.infobae.com\/deportes\/2025\/09\/02\/duras-criticas-contra-lewis-hamilton-en-italia-tras-otra-decepcionante-actuacion-con-ferrari-el-sueno-se-acabo\/\" target=\"_blank\" title=\"https:\/\/www.infobae.com\/deportes\/2025\/09\/02\/duras-criticas-contra-lewis-hamilton-en-italia-tras-otra-decepcionante-actuacion-con-ferrari-el-sueno-se-acabo\/\">la presi\u00f3n medi\u00e1tica como las cr\u00edticas <\/a>surgidas tras una serie de resultados irregulares y errores estrat\u00e9gicos que condicionaron el rendimiento del equipo, cuestiones que el propio Hamilton reconoci\u00f3 abiertamente al declarar que<b> \u201cpara Ferrari, m\u00e1s que para cualquier otro equipo, este t\u00edtulo significar\u00eda mucho.<\/b> Pero tambi\u00e9n me gustar\u00eda mucho ganar el t\u00edtulo de pilotos\u201d.<\/p>\n<p><img alt=\"Hamilton y su pasi\u00f3n por\" class=\"global-image\" decoding=\"async\" fetchpriority=\"low\" height=\"527\" loading=\"lazy\" src=\"https:\/\/www.europesays.com\/es\/wp-content\/uploads\/2025\/09\/O2XOHCGJ6JDT5B5WW7IZTUGYKE.jpg\" width=\"800\"\/>Hamilton y su pasi\u00f3n por la moda (Reuters)<\/p>\n<p class=\"paragraph\">No obstante, el pilotaje no es la \u00fanica esfera relevante en la vida del brit\u00e1nico. <b>Lewis Hamilton<\/b> se ha convertido en una de las figuras m\u00e1s visibles de la intersecci\u00f3n entre el automovilismo y la <b>moda<\/b> internacional. Su presencia en las semanas de la moda m\u00e1s reconocidas es habitual y sus declaraciones sobre la importancia del estilo personal aportan un matiz diferenciador. \u201cCuando estoy en el mundo de la moda, <b>tengo que mostrar a una persona diferente porque hay que tener confianza<\/b>, mostrar un estilo, una forma de andar, una actitud. Hay que creer en ello.<b> No puedes llevar algo fuerte o atrevido sin confianza<\/b>. En la F\u00f3rmula 1, trabajo con gente. No es lo mismo; tengo que conectar con ellos. Simplemente son actitudes diferentes seg\u00fan d\u00f3nde est\u00e9\u201d, explic\u00f3 Hamilton al medio franc\u00e9s. <\/p>\n<p class=\"paragraph\">El inter\u00e9s del siete veces campe\u00f3n del mundo por la moda no se limita a una faceta est\u00e9tica, sino que representa tambi\u00e9n un proyecto de inversi\u00f3n y desarrollo personal. Seg\u00fan afirm\u00f3,<b> \u201cla moda me interesa mucho. Quiero invertir a\u00fan m\u00e1s en ella\u201d.<\/b> La doble exposici\u00f3n del deportista en el \u00e1mbito deportivo y creativo le ha permitido ampliar su influencia y <b>consolidar su imagen como referente<\/b> de los nuevos c\u00f3digos culturales dentro de la F\u00f3rmula 1. <\/p>\n<p class=\"paragraph\">Finalmente, tambi\u00e9n habl\u00f3 sobre su v\u00ednculo con la vida personal y familiar, el cual mantiene una coherencia con su entrega profesional. Hamilton ha manifestado p\u00fablicamente <b>su decisi\u00f3n de aplazar la formaci\u00f3n de una familia <\/b>mientras se encuentre activo en la competici\u00f3n. <\/p>\n<p><img alt=\"Hamilton prioriza su carrera deportiva\" class=\"global-image\" decoding=\"async\" fetchpriority=\"low\" height=\"2252\" loading=\"lazy\" src=\"https:\/\/www.europesays.com\/es\/wp-content\/uploads\/2025\/09\/SWGQILO5PFZSVOP74EKRZWFJCM.jpg\" width=\"2842\"\/>Hamilton prioriza su carrera deportiva (Reuters)<\/p>\n<p class=\"paragraph\">\u201cSiempre me impresionan Roger Federer, Novak Djokovic y otros grandes como Tom Brady, que<b> tienen familia y siguen rindiendo<\/b>. Para m\u00ed, simplemente no ha sucedido. <b>No es una prioridad. <\/b>Mi prioridad ha sido mi amor por la F\u00f3rmula 1. <b>El amor de mi vida es la F1<\/b>. Amo este trabajo casi m\u00e1s que nada. Mi sobrina y mi familia siempre ser\u00e1n la prioridad, pero&#8230; no me gusta hacer las cosas a medias; no dar\u00eda el 100%. No digo que a otros no les guste\u201d, detall\u00f3 el piloto a L\u2019Equipe.<\/p>\n<p class=\"paragraph\">Hamilton describi\u00f3 las exigencias del automovilismo de alta competencia y c\u00f3mo repercuten en sus elecciones personales:<b> \u201cTengo que ser tenaz, entrenar, ser s\u00faper diligente, involucrarme. <\/b>Algo tiene que sufrir. No quiero tener que elegir: o las carreras sufren para que la familia triunfe, o la familia sufre para que las carreras triunfen. <b>Por ahora, no tengo que elegir, y estoy feliz de centrarme en una sola cosa.<\/b> Y, aunque lo sacrifique todo por ello, es muy dif\u00edcil tener \u00e9xito. Claro, imagin\u00e9 lo genial que ser\u00eda que uno de mis hijos viniera a ver el Ferrari, se maravillara, pudiera subirse a \u00e9l, compartir este universo. Porque las carreras han sido la parte m\u00e1s importante de mi vida, desde peque\u00f1o\u201d.<\/p>\n<p class=\"paragraph\">En ese contexto, la atenci\u00f3n mundial se dirige al pr\u00f3ximo <b>Gran Premio de Azerbaiy\u00e1n<\/b>, donde el piloto brit\u00e1nico tendr\u00e1 una nueva posibilidad de recobrar terreno en la clasificaci\u00f3n general. En el entorno ferrarista, la expectativa se mantiene sobre la capacidad de Il Cavallino Rampante para revertir un ciclo de sequ\u00eda sin t\u00edtulos de constructores desde 2008, una meta que el propio Hamilton aspira a alcanzar ante <b>uno de los retos m\u00e1s notables de su carrera.<\/b><\/p>\n","protected":false},"excerpt":{"rendered":"Lewis Hamilton habl\u00f3 sobre su vida personal (AP) El desembarco de Lewis Hamilton en Ferrari marc\u00f3 uno de&hellip;\n","protected":false},"author":2,"featured_media":120870,"comment_status":"","ping_status":"","sticky":false,"template":"","format":"standard","meta":{"footnotes":""},"categories":[270],"tags":[168,25,24,306,31653,271,272,23,167],"class_list":{"0":"post-120869","1":"post","2":"type-post","3":"status-publish","4":"format-standard","5":"has-post-thumbnail","7":"category-formula-1","8":"tag-deportes","9":"tag-es","10":"tag-espana","11":"tag-f1","12":"tag-f1autoz25","13":"tag-formula-1","14":"tag-formula1","15":"tag-spain","16":"tag-sports"},"share_on_mastodon":{"url":"","error":""},"_links":{"self":[{"href":"https:\/\/www.europesays.com\/es\/wp-json\/wp\/v2\/posts\/120869","targetHints":{"allow":["GET"]}}],"collection":[{"href":"https:\/\/www.europesays.com\/es\/wp-json\/wp\/v2\/posts"}],"about":[{"href":"https:\/\/www.europesays.com\/es\/wp-json\/wp\/v2\/types\/post"}],"author":[{"embeddable":true,"href":"https:\/\/www.europesays.com\/es\/wp-json\/wp\/v2\/users\/2"}],"replies":[{"embeddable":true,"href":"https:\/\/www.europesays.com\/es\/wp-json\/wp\/v2\/comments?post=120869"}],"version-history":[{"count":0,"href":"https:\/\/www.europesays.com\/es\/wp-json\/wp\/v2\/posts\/120869\/revisions"}],"wp:featuredmedia":[{"embeddable":true,"href":"https:\/\/www.europesays.com\/es\/wp-json\/wp\/v2\/media\/120870"}],"wp:attachment":[{"href":"https:\/\/www.europesays.com\/es\/wp-json\/wp\/v2\/media?parent=120869"}],"wp:term":[{"taxonomy":"category","embeddable":true,"href":"https:\/\/www.europesays.com\/es\/wp-json\/wp\/v2\/categories?post=120869"},{"taxonomy":"post_tag","embeddable":true,"href":"https:\/\/www.europesays.com\/es\/wp-json\/wp\/v2\/tags?post=120869"}],"curies":[{"name":"wp","href":"https:\/\/api.w.org\/{rel}","templated":true}]}}