{"id":12087,"date":"2025-07-29T17:02:08","date_gmt":"2025-07-29T17:02:08","guid":{"rendered":"https:\/\/www.europesays.com\/es\/12087\/"},"modified":"2025-07-29T17:02:08","modified_gmt":"2025-07-29T17:02:08","slug":"hay-hermanos-esperando-para-entrar-desde-hace-dos-horas","status":"publish","type":"post","link":"https:\/\/www.europesays.com\/es\/12087\/","title":{"rendered":"hay hermanos esperando para entrar desde hace dos horas"},"content":{"rendered":"<p style=\"\">La hermandad de la Macarena vive este martes 29 de julio uno de sus momentos m\u00e1s decisivos con el <strong>cabildo general extraordinario<\/strong> convocado para que los hermanos decidan si est\u00e1n de acuerdo con que el conservador <strong>Pedro Manzano restaure a la Virgen de la Esperanza<\/strong> para devolver a la imagen a su aspecto anterior a la fallida intervenci\u00f3n de Arquillo.<\/p>\n<p style=\"\">Durante el cabildo, la junta de gobierno expondr\u00e1 los <strong>resultados del informe<\/strong> realizado por Manzano y el Instituto Andaluz de Patrimonio Hist\u00f3rico (IAPH). Se espera que los m\u00e1ximos dirigentes den adem\u00e1s explicaciones sobre qu\u00e9 ocurri\u00f3 durante los d\u00edas que el <strong>equipo del profesor Arquillo<\/strong> intervino a la Esperanza Macarena.<\/p>\n<p>19:00<\/p>\n<p>Ni v\u00eddeos ni fotos<\/p>\n<p class=\"voc-p\">La realizaci\u00f3n de v\u00eddeos o fotograf\u00edas est\u00e1 prohibida dentro del templo una vez comience este cabildo extraordinario en la bas\u00edlica de la Macarena.<\/p>\n<p>18:59<\/p>\n<p>Pedro Manzano<\/p>\n<p class=\"voc-p\">El restaurador Pedro Manzano ha accedido ya por la casa hermandad al templo macareno. Manzano intervendr\u00e1 en el cabildo, as\u00ed como un miembro del IAPH para explicar un informe diagn\u00f3stico sobre el estado de conservaci\u00f3n de la Virgen.<\/p>\n<p>18:56<\/p>\n<p>Intenso calor <\/p>\n<p class=\"voc-p\">De momento hay buen ambiente sin conflictos entre los asistentes al cabildo. Muchos abanicos en la cola para solventar el intenso calor.<\/p>\n<p>18:54<\/p>\n<p>Hermanos a la espera en la calle Parras<\/p>\n<p class=\"voc-p\">La cola llega ya hasta la calle Parras.<\/p>\n<p>18:52<\/p>\n<p>Acceso a la bas\u00edlica de la Macarena<\/p>\n<p class=\"voc-p\">Un agente de seguridad vela por que el acceso de los hermanos al atrio se realice de forma ordenada. Una vez dentro, y seg\u00fan el apellido, se colocan en fila para identificarse con el DNI y despu\u00e9s entrar en el templo por la puerta peque\u00f1a donde est\u00e1 la tienda.<\/p>\n<p class=\"voc-p\">El acceso es lento, y quedan s\u00f3lo 40 minutos para que llegue la hora de la primera convocatoria.<\/p>\n<p>18:43<\/p>\n<p>Alberto Garc\u00eda Reyes: <a href=\"https:\/\/www.abc.es\/opinion\/sevilla\/alberto-garcia-reyes-restauracion-macarena-20250729223853-nts.html\" target=\"_blank\" rel=\"noopener noreferrer nofollow\">La restauraci\u00f3n de la Macarena<\/a><\/p>\n<p class=\"voc-p\">La rehabilitaci\u00f3n m\u00e1s preocupante que se debate hoy en el cabildo no es la de la Virgen, sino la de la hermandad<\/p>\n<p>18:43<\/p>\n<p class=\"voc-p\">Fotos: Ra\u00fal Doblado<\/p>\n<p>18:42<\/p>\n<p>Cola sin fin<\/p>\n<p class=\"voc-p\">La misma cola de hermanos gira sobre s\u00ed misma y serpentea por la plaza Esperanza Macarena y la calle Muro.<\/p>\n<p>18:39<\/p>\n<p>Cabildo tenso e hist\u00f3rico<\/p>\n<p class=\"voc-p\">M\u00e1s de 15.000 hermanos est\u00e1n convocados a uno de los cabildos m\u00e1s pol\u00e9micos y tensos que se recuerdan, no s\u00f3lo en la historia de la propia hermandad macarena, sino en el mundo de las cofrad\u00edas<\/p>\n<p>18:39<\/p>\n<p>La cola de hermanos llega a la calle Escoberos<\/p>\n<p class=\"voc-p\">La cola de hermanos de la Macarena esperando para entrar en la bas\u00edlica se extiende por las calles B\u00e9cquer y Fray Luis Sotelo y da la vuelta en la esquina de la calle Escoberos.<\/p>\n<p>18:36<\/p>\n<p>Orden del d\u00eda del Cabildo<\/p>\n<p class=\"voc-p\">El orden del d\u00eda del cabildo que se celebra esta tarde a partir de las 19:30 en primera convocatoria y a las 20.00 en segunda convoctaoria, ser\u00e1 el siguiente:<\/p>\n<p class=\"voc-p\">1. Informe del Hermano Mayor.<\/p>\n<p class=\"voc-p\">2. Informe\u2013diagn\u00f3stico del estado de conservaci\u00f3n de la Sagrada Imagen de Mar\u00eda Sant\u00edsima de la Esperanza Macarena, elaborado por el Instituto Andaluz del Patrimonio Hist\u00f3rico (IAPH).<\/p>\n<p class=\"voc-p\">3. Presentaci\u00f3n y aprobaci\u00f3n, si procede, de la propuesta de restauraci\u00f3n de la Sagrada Imagen de Mar\u00eda Sant\u00edsima de la Esperanza Macarena.<\/p>\n<p class=\"voc-p\">4. Ruegos y preguntas.<\/p>\n<p>18:26<\/p>\n<p>Aforo<\/p>\n<p class=\"voc-p\">En caso de necesidades de aforo, a la propia bas\u00edlica se unir\u00e1n la parroquia de San Gil Abad y las dependencias de la hermandad, en concreto el Sal\u00f3n Esperanza de la casa hermandad.<\/p>\n<p>18:24<\/p>\n<p>Comienza el acceso al atrio<\/p>\n<p class=\"voc-p\">Los hermanos ya est\u00e1n accediendo al atrio de la Bas\u00edlica de la Macarena, donde desde incluso horas antes, ya hab\u00eda gente a la espera. Una vez dentro del atrio, los hermanos, que deben ser mayors de 18 a\u00f1os y tener m\u00e1s de un a\u00f1o de antig\u00fcedad, deben presentar su DNI para poder acceder a la bas\u00edlica y al resto de dependencias de la hermandad donde se van a distribuir los hermanos asistentes.<\/p>\n<p>18:17<\/p>\n<p>Un cabildo decisivo<\/p>\n<p class=\"voc-p\">Esta tarde, los hermanos de la Macarena decidir\u00e1n si dan el visto bueno a que Pedro Manzano restaure a la Virgen de la Esperanza para revertir la fallida intervenci\u00f3n del profesor Arquillo.<\/p>\n<p>18:09<\/p>\n<p>Impaciencia entre los hermanos de la Macarena<\/p>\n<p class=\"voc-p\">A pesar del calor, hay hermanos haciendo cola en los alrededores de la bas\u00edlica de la Macarena para entrar desde las 16.30, dos horas antes de que abran las puertas del templo.<\/p>\n<p>18:04<\/p>\n<p>Horario del cabildo de la Macarena<\/p>\n<p class=\"voc-p\">El cabildo tendr\u00e1 lugar en la bas\u00edlica de Santa Mar\u00eda de la Esperanza Macarena a partir de las 19.30 en primera convocatoria y a las 20.00 en segunda convocatoria.<\/p>\n<p>17:51<\/p>\n<p>Cabildo de extraordinario de la Macarena<\/p>\n<p class=\"voc-p\">Buenas tardes,<\/p>\n<p class=\"voc-p\">abrimos este directo en el que le contaremos todo lo ocurra en el cabildo general extraordinario que celebra este martes la Hermandad de la Macarena, en el que el hermano mayor comparecer\u00e1 por primera vez p\u00fablicamente tras la restauraci\u00f3n fallida de Francisco Arquillo. En esta reuni\u00f3n, los hermanos deber\u00e1n decidir, tras recabar toda la informaci\u00f3n del informe elaborado por el Instituto Andaluz del Patrimonio Hist\u00f3rico (IAPH), la restauraci\u00f3n de la Virgen de las manos de Pedro Manzano, aunque debido a la multitudinaria presencia de hermanos prevista y la pol\u00e9mica generada por el trabajo realizado por Arquillo, se espera que el acto sea tenso y se prolongue hasta altas horas de la noche.<\/p>\n<p class=\"voc-p\">Sigue toda la informaci\u00f3n en                                             <a href=\"https:\/\/www.abc.es\/sevilla\/pasionensevilla\/\" data-voc-vtm-id=\"in-text-traffic\" target=\"_blank\" rel=\"nofollow noopener\"><br \/>\nPasi\u00f3n en Sevilla<\/a>.<\/p>\n","protected":false},"excerpt":{"rendered":"La hermandad de la Macarena vive este martes 29 de julio uno de sus momentos m\u00e1s decisivos con&hellip;\n","protected":false},"author":2,"featured_media":12088,"comment_status":"","ping_status":"","sticky":false,"template":"","format":"standard","meta":{"footnotes":""},"categories":[8],"tags":[17,18,58,2125,25,24,13,14,11,19,20,60,9,10,15,16,23,12,21,22],"class_list":{"0":"post-12087","1":"post","2":"type-post","3":"status-publish","4":"format-standard","5":"has-post-thumbnail","7":"category-espana","8":"tag-breaking-news","9":"tag-breakingnews","10":"tag-cabildo","11":"tag-directo","12":"tag-es","13":"tag-espana","14":"tag-featured-news","15":"tag-featurednews","16":"tag-headlines","17":"tag-latest-news","18":"tag-latestnews","19":"tag-macarena","20":"tag-news","21":"tag-noticias","22":"tag-noticias-destacadas","23":"tag-noticiasdestacadas","24":"tag-spain","25":"tag-titulares","26":"tag-ultimas-noticias","27":"tag-ultimasnoticias"},"share_on_mastodon":{"url":"","error":""},"_links":{"self":[{"href":"https:\/\/www.europesays.com\/es\/wp-json\/wp\/v2\/posts\/12087","targetHints":{"allow":["GET"]}}],"collection":[{"href":"https:\/\/www.europesays.com\/es\/wp-json\/wp\/v2\/posts"}],"about":[{"href":"https:\/\/www.europesays.com\/es\/wp-json\/wp\/v2\/types\/post"}],"author":[{"embeddable":true,"href":"https:\/\/www.europesays.com\/es\/wp-json\/wp\/v2\/users\/2"}],"replies":[{"embeddable":true,"href":"https:\/\/www.europesays.com\/es\/wp-json\/wp\/v2\/comments?post=12087"}],"version-history":[{"count":0,"href":"https:\/\/www.europesays.com\/es\/wp-json\/wp\/v2\/posts\/12087\/revisions"}],"wp:featuredmedia":[{"embeddable":true,"href":"https:\/\/www.europesays.com\/es\/wp-json\/wp\/v2\/media\/12088"}],"wp:attachment":[{"href":"https:\/\/www.europesays.com\/es\/wp-json\/wp\/v2\/media?parent=12087"}],"wp:term":[{"taxonomy":"category","embeddable":true,"href":"https:\/\/www.europesays.com\/es\/wp-json\/wp\/v2\/categories?post=12087"},{"taxonomy":"post_tag","embeddable":true,"href":"https:\/\/www.europesays.com\/es\/wp-json\/wp\/v2\/tags?post=12087"}],"curies":[{"name":"wp","href":"https:\/\/api.w.org\/{rel}","templated":true}]}}