{"id":120923,"date":"2025-09-17T14:13:11","date_gmt":"2025-09-17T14:13:11","guid":{"rendered":"https:\/\/www.europesays.com\/es\/120923\/"},"modified":"2025-09-17T14:13:11","modified_gmt":"2025-09-17T14:13:11","slug":"meta-publica-una-imagen-de-sus-proximas-gafas-inteligentes-con-pantalla-ante-su-inminente-lanzamiento-gadgets-smartlife","status":"publish","type":"post","link":"https:\/\/www.europesays.com\/es\/120923\/","title":{"rendered":"Meta publica una imagen de sus pr\u00f3ximas gafas inteligentes con pantalla ante su inminente lanzamiento | Gadgets | Smartlife"},"content":{"rendered":"<p class=\"\">Hoy tenemos una cita muy importante con Meta, que va a presentar su nueva generaci\u00f3n de gafas inteligentes. Aunque la compa\u00f1\u00eda ha cometido un error y ha publicado un <b>v\u00eddeo donde vemos sus nuevas Meta Ray-Ban en acci\u00f3n.<\/b><\/p>\n<p class=\"\">S\u00ed, Meta ha vuelto a tropezar al publicar un v\u00eddeo en su canal oficial de YouTube, que ya ha eliminado, y donde hemos podido ver antes de tiempo <b>su pr\u00f3xima generaci\u00f3n de gafas inteligentes<\/b>, incluyendo un modelo con <b>pantalla integrada tipo HUD<\/b> y una <b>pulsera con tecnolog\u00eda sEMG<\/b> para control por gestos.<\/p>\n<p class=\"\">Todo gracias a los compa\u00f1eros del <a href=\"https:\/\/www.uploadvr.com\/meta-ray-ban-display-glasses-design-hud-wristband-clips-leak\/\" target=\"_blank\" rel=\"nofollow noopener\" title=\"https:\/\/www.uploadvr.com\/meta-ray-ban-display-glasses-design-hud-wristband-clips-leak\/\">medio UploadVR<\/a> y que pudieron guardar el fragmento del v\u00eddeo donde aparec\u00edan estas gafas inteligentes de Meta.<\/p>\n<p>Las Meta Ray-Ban Display: pantalla monocular y control con gestos<\/p>\n<p class=\"\">Uno de los productos protagonistas del v\u00eddeo filtrado es un nuevo modelo de gafas bajo la marca <b>Meta Ray-Ban Display<\/b>. Estas gafas apuestan por una <b>pantalla monocular HUD<\/b> colocada en la lente derecha, pensada para ofrecer funciones como navegaci\u00f3n paso a paso sin sacar el m\u00f3vil, traducci\u00f3n de texto en tiempo real, preguntas r\u00e1pidas a Meta AI e incluso redacci\u00f3n de respuestas mediante gestos con los dedos.<\/p>\n<p><img alt=\"Ray-Ban Meta con pantalla\" decoding=\"auto\" class=\"_re lazyload a_m-h\" height=\"273\"  width=\"414\"  src=\"https:\/\/www.europesays.com\/es\/wp-content\/uploads\/2025\/09\/AUSZUNR3RRGC7A654WJ7GX5EKE.jpg\" loading=\"lazy\"\/>Ray-Ban Meta con pantallaUploadVR<\/p>\n<p class=\"\">Todo gracias a una <b>pulsera con electromiograf\u00eda de superficie<\/b>, una tecnolog\u00eda que detecta los impulsos el\u00e9ctricos de los m\u00fasculos de la mano para interpretar movimientos sin necesidad de tocar nada. Esto permite, por ejemplo, deslizar letras sobre una mesa imaginaria y componer una frase.<\/p>\n<p class=\"\">Queremos aclarar que este dispositivo <b>no es unas gafas de realidad aumentada como las que se han rumoreado con el nombre \u201cOrion\u201d<\/b>, sino una propuesta m\u00e1s simple y centrada en la experiencia de asistente personal sin distracciones visuales avanzadas.<\/p>\n<p class=\"\"><b> <\/b>La sorpresa no es solo el producto, sino que <b>vendr\u00e1 bajo la marca Ray-Ban<\/b>, algo que hace apenas un a\u00f1o parec\u00eda improbable. Seg\u00fan informes anteriores, EssilorLuxottica,propietaria de Ray-Ban y Oakley, no estaba conforme con el grosor de las patillas necesarias para integrar la pantalla. <\/p>\n<p class=\"\">Pero parece que Meta ha sabido negociar: <b>una inversi\u00f3n de 3.000 millones de euros y una participaci\u00f3n del 3% en EssilorLuxottica<\/b> podr\u00edan haber sido decisivas para cerrar el acuerdo.<\/p>\n<p class=\"\">El resultado: un modelo que pesar\u00eda unos <b>70 gramos<\/b>, m\u00e1s que los actuales Ray-Ban Meta (50 g), pero manteniendo la est\u00e9tica y prestigio de la marca.<\/p>\n<p>Gafas para todos los gustos: la gama completa de Meta<\/p>\n<p class=\"\">El v\u00eddeo filtrado muestra lo que parece ser la <b>l\u00ednea completa de gafas inteligentes de Meta para 2025<\/b>, de derecha a izquierda:<\/p>\n<ul>\n<li><b>Oakley Meta HSTN<\/b> (ya a la venta)<\/li>\n<li><b>Ray-Ban Meta<\/b> (modelo actual sin pantalla)<\/li>\n<li><b>Oakley Meta Sphaera<\/b>, con dise\u00f1o deportivo y c\u00e1mara frontal<\/li>\n<li><b>Meta Ray-Ban Display<\/b>, el nuevo modelo con pantalla y pulsera sEMG<\/li>\n<\/ul>\n<p class=\"\">Las <b>Oakley Meta Sphaera<\/b> tambi\u00e9n ser\u00e1n una novedad importante. Con dise\u00f1o envolvente y una c\u00e1mara centrada, parecen el mejor compa\u00f1ero para los usuarios m\u00e1s deportistas.<\/p>\n<p>\u00bfCu\u00e1ndo se presentan oficialmente y qu\u00e9 precio tendr\u00e1n?<img alt=\"Mark Zuckerberg presenta en Meta Connect la nueva versi\u00f3n de las gafas inteligentes desarrolladas en colaboraci\u00f3n con Ray-Ban.\" decoding=\"auto\" class=\"_re lazyload a_m-v\" height=\"547\"  width=\"414\"  src=\"https:\/\/www.europesays.com\/es\/wp-content\/uploads\/2025\/09\/GLM5JMX2JZF67K3QJXDNU77EFY.jpeg\" loading=\"lazy\"\/>Mark Zuckerberg presenta en Meta Connect la nueva versi\u00f3n de las gafas inteligentes desarrolladas en colaboraci\u00f3n con Ray-Ban.<\/p>\n<p class=\"\">Meta celebrar\u00e1 su evento <b>Connect 2025 este mi\u00e9rcoles a las 20:00 hora de Espa\u00f1a<\/b>. Se espera que Mark Zuckerberg presente estas gafas junto a otras novedades en software y dispositivos. <\/p>\n<p class=\"\">Si los rumores se confirman, las <b>Meta Ray-Ban Display<\/b> tendr\u00e1n un precio de salida de <b>unos 800 d\u00f3lares<\/b>, y podr\u00edan ser el primer paso real hacia unas gafas inteligentes con control natural e interfaz visible sin distracciones.<\/p>\n","protected":false},"excerpt":{"rendered":"Hoy tenemos una cita muy importante con Meta, que va a presentar su nueva generaci\u00f3n de gafas inteligentes.&hellip;\n","protected":false},"author":2,"featured_media":120924,"comment_status":"","ping_status":"","sticky":false,"template":"","format":"standard","meta":{"footnotes":""},"categories":[81],"tags":[119,123,124,2308,25,24,3826,39730,10904,138,117,121,122,23,118,120],"class_list":{"0":"post-120923","1":"post","2":"type-post","3":"status-publish","4":"format-standard","5":"has-post-thumbnail","7":"category-ciencia-y-tecnologia","8":"tag-ciencia","9":"tag-ciencia-y-tecnologia","10":"tag-cienciaytecnologia","11":"tag-empresas","12":"tag-es","13":"tag-espana","14":"tag-gadgets","15":"tag-gafas-inteligentes","16":"tag-informatica","17":"tag-meta","18":"tag-science","19":"tag-science-and-technology","20":"tag-scienceandtechnology","21":"tag-spain","22":"tag-technology","23":"tag-tecnologia"},"share_on_mastodon":{"url":"","error":""},"_links":{"self":[{"href":"https:\/\/www.europesays.com\/es\/wp-json\/wp\/v2\/posts\/120923","targetHints":{"allow":["GET"]}}],"collection":[{"href":"https:\/\/www.europesays.com\/es\/wp-json\/wp\/v2\/posts"}],"about":[{"href":"https:\/\/www.europesays.com\/es\/wp-json\/wp\/v2\/types\/post"}],"author":[{"embeddable":true,"href":"https:\/\/www.europesays.com\/es\/wp-json\/wp\/v2\/users\/2"}],"replies":[{"embeddable":true,"href":"https:\/\/www.europesays.com\/es\/wp-json\/wp\/v2\/comments?post=120923"}],"version-history":[{"count":0,"href":"https:\/\/www.europesays.com\/es\/wp-json\/wp\/v2\/posts\/120923\/revisions"}],"wp:featuredmedia":[{"embeddable":true,"href":"https:\/\/www.europesays.com\/es\/wp-json\/wp\/v2\/media\/120924"}],"wp:attachment":[{"href":"https:\/\/www.europesays.com\/es\/wp-json\/wp\/v2\/media?parent=120923"}],"wp:term":[{"taxonomy":"category","embeddable":true,"href":"https:\/\/www.europesays.com\/es\/wp-json\/wp\/v2\/categories?post=120923"},{"taxonomy":"post_tag","embeddable":true,"href":"https:\/\/www.europesays.com\/es\/wp-json\/wp\/v2\/tags?post=120923"}],"curies":[{"name":"wp","href":"https:\/\/api.w.org\/{rel}","templated":true}]}}