{"id":120943,"date":"2025-09-17T14:27:15","date_gmt":"2025-09-17T14:27:15","guid":{"rendered":"https:\/\/www.europesays.com\/es\/120943\/"},"modified":"2025-09-17T14:27:15","modified_gmt":"2025-09-17T14:27:15","slug":"ana-rosa-quintana-desvela-cual-es-la-entrevista-que-le-encantaria-hacer","status":"publish","type":"post","link":"https:\/\/www.europesays.com\/es\/120943\/","title":{"rendered":"Ana Rosa Quintana desvela cu\u00e1l es la entrevista que le encantar\u00eda hacer"},"content":{"rendered":"<p><strong>Ana Rosa Quintana<\/strong> <a href=\"https:\/\/okdiario.com\/look\/actualidad\/ana-rosa-quintana-fulmina-sanchez-regreso-television-eres-muy-franco-muy-maduro-2373999\" rel=\"nofollow noopener\" target=\"_blank\">ha regresado por todo lo alto<\/a> a las ma\u00f1anas de Telecinco. La presentadora, que ha cosechado numerosos \u00e9xitos en la peque\u00f1a pantalla y que ha entrevistado a las personalidades m\u00e1s relevantes -as\u00ed como controvertidas- del pa\u00eds,<strong> todav\u00eda tiene una cuenta pendiente y un sue\u00f1o por cumplir<\/strong>. A pesar de que son muchos los pol\u00edticos o celebridades que han tenido un one to one con la comunicadora, hay una conversaci\u00f3n televisada que se le resiste, por el momento.<\/p>\n<p>Un invitado que le gustar\u00eda tener en su programa<\/p>\n<p>Pedro S\u00e1nchez, Alberto N\u00fa\u00f1ez Feij\u00f3o, Isabel D\u00edaz Ayuso\u2026 son algunos de los pol\u00edticos que se han sentado en el plat\u00f3 de <strong><a href=\"https:\/\/okdiario.com\/look\/actualidad\/ana-rosa-quintana-deja-evidencia-ultimo-error-pedro-sanchez-lucha-sobrevivir-2321722\" rel=\"nofollow noopener\" target=\"_blank\">Ana Rosa<\/a><\/strong>. Si por algo se caracteriza la comunicadora es por su versatilidad a la hora de entablar conversaci\u00f3n con distintos rostros p\u00fablicos ya que, al igual que invita a su programa a l\u00edderes del gobierno, tambi\u00e9n ha conversado celebrities. Todos -o, al menos la mayor\u00eda- de estas personalidades han pasado por su espacio en varias ocasiones. Sin embargo, y aunque es envidiable su trayectoria en los medios, hay un invitado que se le resiste a Quintana y que, en alg\u00fan momento, le gustar\u00eda conocer:<strong> \u00ab<a href=\"https:\/\/okdiario.com\/look\/actualidad\/inesperado-parentesco-del-papa-leon-xiv-angelina-jolie-justin-bieber-madonna-2317494\" rel=\"nofollow noopener\" target=\"_blank\">Al nuevo Papa<\/a>, me encantar\u00eda\u00bb.<\/strong><\/p>\n<p>\n<img decoding=\"async\" loading=\"lazy\" class=\"size-medium wp-image-2319101\" alt=\"Ana Rosa\" width=\"620\" height=\"349\"  src=\"https:\/\/www.europesays.com\/es\/wp-content\/uploads\/2025\/09\/1757813648_83_placeholder.jpg\"  bad-src=\"https:\/\/www.europesays.com\/es\/wp-content\/uploads\/2025\/09\/1757813648_83_placeholder.jpg\"\/><\/p>\n<p><img decoding=\"async\" loading=\"lazy\" class=\"size-medium wp-image-2319101\" src=\"https:\/\/www.europesays.com\/es\/wp-content\/uploads\/2025\/09\/pot-620x349.jpg\" alt=\"Ana Rosa\" width=\"620\" height=\"349\"  \/><\/p>\n<p> Ana Rosa Quintana en su programa. (Foto: Gtres)\n<\/p>\n<p>Sabido que es que <strong>Ana Rosa Quintana se ha apoyado en la Fe en muchos momentos de su vida<\/strong>. La presentadora es un rostro habitual, tambi\u00e9n, en las procesiones de Semana Santa. De hecho, el pasado mes de mayo -con motivo del a\u00f1o jubilar-, la comunicadora <strong>viaj\u00f3 hasta Roma<\/strong> -diez d\u00edas despu\u00e9s de la elecci\u00f3n del Papa Le\u00f3n XIV- para acompa\u00f1ar a la Esperanza de M\u00e1laga, al Nazareno de Le\u00f3n y <strong>al Cachorro de Sevilla<\/strong> -al igual que otros rostros conocidos, como Francisco Rivera, que durante muchos a\u00f1os ha formado parte de la Hermandad de la Esperanza de Triana, donde ha sido costalero del Cristo de las Tres Ca\u00eddas-.<\/p>\n<p>La capital hispalense, entonces, dej\u00f3 su huella en Roma y Ana Rosa no quiso perderse este evento hist\u00f3rico que cont\u00f3 d\u00edas despu\u00e9s en su programa: \u00abHa sido muy bonito. <strong>Roma estaba tomada por andaluces, especialmente malague\u00f1os y sevillanos<\/strong>, porque para eso procesionaban la Esperanza de M\u00e1laga y el Cachorro de Sevilla, y tambi\u00e9n por gente de Le\u00f3n, porque tambi\u00e9n estaba el Nazareno de Le\u00f3n (\u2026). Estaba todo lleno. Ha sido espectacular, emocionante\u00bb.<\/p>\n<blockquote class=\"twitter-tweet\">\n<p dir=\"ltr\" lang=\"es\">Fan de Ana Rosa Quintana participando en el cortejo del Cahorro en Roma como una m\u00e1s. <a href=\"https:\/\/twitter.com\/anarosaq?ref_src=twsrc%5Etfw\" rel=\"nofollow noopener\" target=\"_blank\">@anarosaq<\/a> <a href=\"https:\/\/t.co\/b0a8UJSzlo\" rel=\"nofollow\">pic.twitter.com\/b0a8UJSzlo<\/a><\/p>\n<p>\u2014 Alberto Espinosa (@bertieespinosa) <a href=\"https:\/\/twitter.com\/bertieespinosa\/status\/1923759589192839252?ref_src=twsrc%5Etfw\" rel=\"nofollow noopener\" target=\"_blank\">May 17, 2025<\/a><\/p>\n<\/blockquote>\n<p>Sin embargo, en esta experiencia, hubo un momento especialmente emotivo para Ana Rosa: la misa que ofici\u00f3 el Santo Padre a los fieles en el Vaticano: \u00ab<strong>Yo pensaba que en Roma no me iba a conocer nadie<\/strong>, pero aquello estaba lleno de espa\u00f1oles. Ha sido muy bonito, estaba lleno de emoci\u00f3n, es una vez en la historia. Ayer tambi\u00e9n estuve en la misa del Papa Le\u00f3n XIV con la gente, el papa tiene una voz preciosa\u00bb.<\/p>\n<p>Cuando falleci\u00f3 el Papa Francisco, la presentadora -que se desplaz\u00f3 hasta Italia para hacer un programa especial con motivo de su funeral- confes\u00f3 que hab\u00eda sido su Papa favorito hasta el momento y al que no pudo entrevistar. De hecho, durante la enfermedad que atraves\u00f3 la comunicadora, <strong>Jorge Mario Bergoglio quiso tener un detalle con Ana Rosa<\/strong> y le bendijo un rosario. Un detalle que la periodista nunca olvidar\u00e1 y por el que, seguramente, tenga una cuenta pendiente con el Vaticano.<\/p>\n<p>\t\t\t\t\t\t\t<script async src=\"https:\/\/platform.twitter.com\/widgets.js\" charset=\"utf-8\"><\/script><\/p>\n","protected":false},"excerpt":{"rendered":"Ana Rosa Quintana ha regresado por todo lo alto a las ma\u00f1anas de Telecinco. La presentadora, que ha&hellip;\n","protected":false},"author":2,"featured_media":120944,"comment_status":"","ping_status":"","sticky":false,"template":"","format":"standard","meta":{"footnotes":""},"categories":[174],"tags":[36147,255,146,147,25,24,256,23],"class_list":{"0":"post-120943","1":"post","2":"type-post","3":"status-publish","4":"format-standard","5":"has-post-thumbnail","7":"category-famosos","8":"tag-ana-rosa","9":"tag-celebrities","10":"tag-entertainment","11":"tag-entretenimiento","12":"tag-es","13":"tag-espana","14":"tag-famosos","15":"tag-spain"},"share_on_mastodon":{"url":"","error":""},"_links":{"self":[{"href":"https:\/\/www.europesays.com\/es\/wp-json\/wp\/v2\/posts\/120943","targetHints":{"allow":["GET"]}}],"collection":[{"href":"https:\/\/www.europesays.com\/es\/wp-json\/wp\/v2\/posts"}],"about":[{"href":"https:\/\/www.europesays.com\/es\/wp-json\/wp\/v2\/types\/post"}],"author":[{"embeddable":true,"href":"https:\/\/www.europesays.com\/es\/wp-json\/wp\/v2\/users\/2"}],"replies":[{"embeddable":true,"href":"https:\/\/www.europesays.com\/es\/wp-json\/wp\/v2\/comments?post=120943"}],"version-history":[{"count":0,"href":"https:\/\/www.europesays.com\/es\/wp-json\/wp\/v2\/posts\/120943\/revisions"}],"wp:featuredmedia":[{"embeddable":true,"href":"https:\/\/www.europesays.com\/es\/wp-json\/wp\/v2\/media\/120944"}],"wp:attachment":[{"href":"https:\/\/www.europesays.com\/es\/wp-json\/wp\/v2\/media?parent=120943"}],"wp:term":[{"taxonomy":"category","embeddable":true,"href":"https:\/\/www.europesays.com\/es\/wp-json\/wp\/v2\/categories?post=120943"},{"taxonomy":"post_tag","embeddable":true,"href":"https:\/\/www.europesays.com\/es\/wp-json\/wp\/v2\/tags?post=120943"}],"curies":[{"name":"wp","href":"https:\/\/api.w.org\/{rel}","templated":true}]}}