{"id":120958,"date":"2025-09-17T14:35:07","date_gmt":"2025-09-17T14:35:07","guid":{"rendered":"https:\/\/www.europesays.com\/es\/120958\/"},"modified":"2025-09-17T14:35:07","modified_gmt":"2025-09-17T14:35:07","slug":"cuando-esten-en-el-poder","status":"publish","type":"post","link":"https:\/\/www.europesays.com\/es\/120958\/","title":{"rendered":"\u00abCuando est\u00e9n en el poder&#8230;\u00bb"},"content":{"rendered":"<p>17\/09\/2025<br \/>\n<br \/><strong><br \/>\nActualizado a las 13:16h.<br \/>\n<\/strong><\/p>\n<p class=\"voc-p\" style=\"\">A sus 62 a\u00f1os y con casi 40 a\u00f1os de experiencia en medios de comunicaci\u00f3n, <strong>Vicente Vall\u00e9s<\/strong> contin\u00faa siendo uno de los grandes referentes espa\u00f1oles en lo que a periodismo se refiere. Desde que se estrenara como presentador de los <strong>informativos de Antena 3<\/strong>, el comunicador ha destacado por su <a href=\"https:\/\/www.abc.es\/play\/television\/noticias\/vicente-valles-claro-sobre-dicen-solo-ataca-20250915095733-nt.html\" title=\"www.abc.es\" data-voc-vtm-id=\"in-text-traffic\" data-mrf-link=\"www.abc.es\" rel=\"nofollow noopener\" target=\"_blank\">independencia editorial<\/a> y no son pocas las ocasiones en las que se ha mostrado <strong>cr\u00edtico con el Gobierno espa\u00f1ol<\/strong> y el presidente <strong>Pedro S\u00e1nchez<\/strong>.<\/p>\n<p class=\"voc-p\" style=\"\">Todo ello le ha valido para colocarse como uno de los <a href=\"https:\/\/www.abc.es\/play\/television\/noticias\/preguntan-vicente-valles-trabajo-pepa-bueno-informativo-20250910135750-nt.html\" title=\"www.abc.es\" data-voc-vtm-id=\"in-text-traffic\" data-mrf-link=\"www.abc.es\" rel=\"nofollow noopener\" target=\"_blank\">periodistas m\u00e1s influyentes<\/a> de nuestro pa\u00eds, algo que se ha visto reflejado en los datos que ha conseguido al frente de <strong>&#8216;Antena 3 Noticias 2&#8217;<\/strong>. Junto a su compa\u00f1era Esther Vaquero, el noticiero del madrile\u00f1o firma acumula <strong>60 meses de liderazgo<\/strong> en el &#8216;prime time&#8217;, aventajando a su rival en casi 11 puntos.<\/p>\n<p class=\"voc-p\" style=\"\">A pesar de su buen desempe\u00f1o como profesional de la comunicaci\u00f3n, lo cierto es que Vall\u00e9s tambi\u00e9n ha sido un perfil <strong>muy criticado<\/strong> desde los sectores m\u00e1s cercanos a la <a href=\"https:\/\/www.abc.es\/play\/television\/noticias\/vicente-valles-tajante-actuacion-pedro-sanchez-cumbre-20250626111822-nt.html\" title=\"www.abc.es\" data-voc-vtm-id=\"in-text-traffic\" data-mrf-link=\"www.abc.es\" rel=\"nofollow noopener\" target=\"_blank\">izquierda espa\u00f1ola<\/a>. En los \u00faltimos a\u00f1os, a este lo han acusado en varias ocasiones de ser <strong>poco imparcial<\/strong> a la hora del Ejecutivo de S\u00e1nchez y de sus acciones m\u00e1s controvertidas durante las \u00faltimas legislaturas. De hecho, algunos consideran que no ha sido tan contundente a la hora de <strong>se\u00f1alar a los partidos de derechas<\/strong> en situaciones similares.<\/p>\n<p class=\"voc-p\" style=\"\">A estas cr\u00edticas ha hecho referencia ahora Vicente Vall\u00e9s durante una <a href=\"https:\/\/www.eleconomista.es\/informalia\/television\/noticias\/13536113\/09\/25\/vicente-valles-fiscalizo-al-gobierno-igual-que-hare-con-la-oposicion-cuando-llegue-al-poder.html\" title=\"www.eleconomista.es\" data-voc-vtm-id=\"in-text-traffic\" data-mrf-link=\"www.eleconomista.es\" rel=\"nofollow noopener\" target=\"_blank\">entrevista para Informalia<\/a>, el portal de televisi\u00f3n y gente de El Economista. Durante esta charla, el presentador ha hablado sobre la <strong>ideolog\u00eda de su informativo<\/strong>, sus certeros an\u00e1lisis contra el Gobierno y las acusaciones de ser <strong>poco incisivo con el Partido Popular<\/strong> y otros grupos de la oposici\u00f3n.<\/p>\n<p>\nVicente Vall\u00e9s, claro sobre la importante labor de los informativos para \u00abcontrolar al poder\u00bb\n<\/p>\n<p class=\"voc-p\" style=\"\">El vallecano ha considerado que los informativos, como sucede con el suyo, tambi\u00e9n deben estar <strong>ubicados en el espectro pol\u00edtico<\/strong>. Es, a sus ojos, \u00ab<strong>parte de la libertad de informaci\u00f3n<\/strong>\u00bb que existe en Espa\u00f1a y que no se puede tener en otros pa\u00edses. \u00abLas l\u00edneas informativas de los medios tambi\u00e9n son parte de la democracia. <strong>En las dictaduras no hay l\u00edneas informativas,<\/strong> hay solo una [&#8230;] Donde no hay libertad, tampoco hay libertad para que haya l\u00edneas informativas diferentes\u00bb, ha se\u00f1alado.<\/p>\n<p class=\"voc-p\" style=\"\">No ha querido mojarse respecto a la ideolog\u00eda que tiene su informativo, pero s\u00ed ha insistido en que posicionarlo pol\u00edticamente es <strong>tarea de \u00abquienes ven la televisi\u00f3n\u00bb<\/strong>. Su trabajo, afirma, es contar las noticias y su obligaci\u00f3n, la de \u00abcontrolar al poder\u00bb: \u00abEs evidente que <strong>cualquier medio de comunicaci\u00f3n tiene la obligaci\u00f3n de controlar al poder<\/strong>. Y el poder lo ocupa alguien en cada momento pol\u00edtico. Nosotros, como la mayor parte de los medios, lo que hacemos es un control intenso del poder\u00bb.<\/p>\n<p class=\"voc-p\" style=\"\">Vall\u00e9s tambi\u00e9n ha hablado de sus cr\u00edticas al Gobierno, se\u00f1alando que no es cuesti\u00f3n de ideolog\u00eda, sino del <strong>\u00abcontrol correspondiente\u00bb<\/strong> que deben hacer los periodistas a los partidos que est\u00e1n al frente del pa\u00eds. Adem\u00e1s, ha insistido en que si no ha sido tan cr\u00edtico con la oposici\u00f3n es porque <strong>\u00abquien est\u00e1 en el poder tiene m\u00e1s responsabilidades\u00bb<\/strong>.<\/p>\n<p class=\"voc-p\" style=\"\">\u00abLos que est\u00e1n en la oposici\u00f3n est\u00e1n deseosos de llegar al poder; y <strong>cuando est\u00e9n en el poder ser\u00e1n sometidos al control correspondiente<\/strong> por estar en ese poder\u00bb, ha asegurado el presentador de Atresmedia, dejando claro que lo mismo har\u00e1 en caso de que lleguen los partidos m\u00e1s conservadores al Ejecutivo en pr\u00f3ximas legislaturas.<\/p>\n<p>\nVicente Vall\u00e9s aclara si \u00abfiscalizar\u00e1 a un gobierno de derechas\u00bb como a Pedro S\u00e1nchez\n<\/p>\n<p class=\"voc-p\" style=\"\">Respecto a si <strong>\u00abfiscalizar\u00e1 a un gobierno de derechas\u00bb<\/strong> igual que al de Pedro S\u00e1nchez, el comunicador ha insistido en que seguir\u00e1 haci\u00e9ndolo, como ya ocurri\u00f3 en ocasiones anteriores. \u00abLlevo 40 a\u00f1os haciendo informaci\u00f3n y <strong>he fiscalizado a Felipe Gonz\u00e1lez, a Jos\u00e9 Mar\u00eda Aznar, a Jos\u00e9 Luis Rodr\u00edguez Zapatero, a Mariano Rajoy<\/strong> y ahora me toca fiscalizar a quien est\u00e1 en el poder. No solo yo, todos los periodistas, sea cual sea la l\u00ednea informativa de su medio, <strong>somos fiscales de quienes est\u00e1n en el poder<\/strong>\u00bb, ha explicado el presentador de Antena 3.<\/p>\n<p class=\"voc-p\" style=\"\">Vall\u00e9s cree que mucha gente ha olvidado c\u00f3mo se hac\u00eda la informaci\u00f3n durante los gobiernos del Partido Popular porque \u00abhace ya muchos a\u00f1os\u00bb, pero recuerda que entonces se hac\u00edan cr\u00edticas muy similares: \u00abIgual que ahora hemos hecho muchos informativos sobre las informaciones judiciales de los casos que afectan al Gobierno actual, yo <strong>he hecho informativos monogr\u00e1ficos de los casos de corrupci\u00f3n que afectaban al Gobierno de Rajoy<\/strong>\u00bb.<\/p>\n<p>Reportar un error<\/p>\n","protected":false},"excerpt":{"rendered":"17\/09\/2025 Actualizado a las 13:16h. A sus 62 a\u00f1os y con casi 40 a\u00f1os de experiencia en medios&hellip;\n","protected":false},"author":2,"featured_media":120959,"comment_status":"","ping_status":"","sticky":false,"template":"","format":"standard","meta":{"footnotes":""},"categories":[91],"tags":[346,8197,2562,146,147,25,24,582,5012,4233,14025,8013,23,2976,13291],"class_list":{"0":"post-120958","1":"post","2":"type-post","3":"status-publish","4":"format-standard","5":"has-post-thumbnail","7":"category-entretenimiento","8":"tag-contundente","9":"tag-derecha","10":"tag-duro","11":"tag-entertainment","12":"tag-entretenimiento","13":"tag-es","14":"tag-espana","15":"tag-gobierno","16":"tag-llega","17":"tag-poder","18":"tag-preguntan","19":"tag-respuesta","20":"tag-spain","21":"tag-valles","22":"tag-vicente"},"share_on_mastodon":{"url":"","error":""},"_links":{"self":[{"href":"https:\/\/www.europesays.com\/es\/wp-json\/wp\/v2\/posts\/120958","targetHints":{"allow":["GET"]}}],"collection":[{"href":"https:\/\/www.europesays.com\/es\/wp-json\/wp\/v2\/posts"}],"about":[{"href":"https:\/\/www.europesays.com\/es\/wp-json\/wp\/v2\/types\/post"}],"author":[{"embeddable":true,"href":"https:\/\/www.europesays.com\/es\/wp-json\/wp\/v2\/users\/2"}],"replies":[{"embeddable":true,"href":"https:\/\/www.europesays.com\/es\/wp-json\/wp\/v2\/comments?post=120958"}],"version-history":[{"count":0,"href":"https:\/\/www.europesays.com\/es\/wp-json\/wp\/v2\/posts\/120958\/revisions"}],"wp:featuredmedia":[{"embeddable":true,"href":"https:\/\/www.europesays.com\/es\/wp-json\/wp\/v2\/media\/120959"}],"wp:attachment":[{"href":"https:\/\/www.europesays.com\/es\/wp-json\/wp\/v2\/media?parent=120958"}],"wp:term":[{"taxonomy":"category","embeddable":true,"href":"https:\/\/www.europesays.com\/es\/wp-json\/wp\/v2\/categories?post=120958"},{"taxonomy":"post_tag","embeddable":true,"href":"https:\/\/www.europesays.com\/es\/wp-json\/wp\/v2\/tags?post=120958"}],"curies":[{"name":"wp","href":"https:\/\/api.w.org\/{rel}","templated":true}]}}