{"id":120988,"date":"2025-09-17T14:53:08","date_gmt":"2025-09-17T14:53:08","guid":{"rendered":"https:\/\/www.europesays.com\/es\/120988\/"},"modified":"2025-09-17T14:53:08","modified_gmt":"2025-09-17T14:53:08","slug":"jude-law-y-jason-bateman-hermanos-con-problemas-en-una-estupenda-sucesora-de-ozark","status":"publish","type":"post","link":"https:\/\/www.europesays.com\/es\/120988\/","title":{"rendered":"Jude Law y Jason Bateman, hermanos con problemas en una estupenda sucesora de Ozark"},"content":{"rendered":"<p>&#8216;Black Rabbit&#8217;<\/p>\n<p class=\"ft-text\"><strong>Creadores: <\/strong>Zach Baylin y Kate Susman<\/p>\n<p class=\"ft-text\"><strong>Direcci\u00f3n: <\/strong>Jason Bateman, Laura Linney, Ben Semanoff, Justin Kurzel<\/p>\n<p class=\"ft-text\"><strong>Reparto: <\/strong>Jude Law, Jason Bateman, Cleopatra Coleman, Amaka Okafor<\/p>\n<p class=\"ft-text\"><strong>Pa\u00eds: <\/strong>Estados Unidos<\/p>\n<p class=\"ft-text\"><strong>Duraci\u00f3n:<\/strong> 44-68 min. (8 episodios)<\/p>\n<p class=\"ft-text\"><strong>A\u00f1o: <\/strong>2025<\/p>\n<p class=\"ft-text\"><strong>G\u00e9nero: <\/strong>Drama criminal\u00a0<\/p>\n<p class=\"ft-text\"><strong>Estreno: <\/strong>18 de septiembre de 2025 (Netflix)<\/p>\n<p class=\"ft-text\">\u2605\u2605\u2605\u2605<\/p>\n<p class=\"ft-text\">No puede ser casualidad que los hermanos protagonistas de &#8216;Black Rabbit&#8217; se apelliden Friedken, casi como <strong>William Friedkin<\/strong>, maestro de la clase de &#8216;thriller&#8217; adulto que durante varias d\u00e9cadas fue el pan de cada d\u00eda en el cine hollywoodiense y que ahora, sin embargo, solo encontramos en formato serie en servicios de &#8216;streaming&#8217;.\u00a0<\/p>\n<p class=\"ft-text\"><strong>Zach Baylin<\/strong> (&#8216;El m\u00e9todo Williams&#8217;) y <strong>Kate Susman <\/strong>(&#8216;The order&#8217;) est\u00e1n detr\u00e1s de una serie que pudo llamarse sin problemas &#8216;Vivir y morir en Nueva York&#8217;, pero ha acabado llevando el nombre del <strong>prestigioso restaurante que es turbulento n\u00facleo de su acci\u00f3n<\/strong>, a su vez adaptaci\u00f3n del nombre de un grupo, The Black Rabbits, compartido en tiempos mejores por los hermanos Jake (<strong>Jude Law<\/strong>) y Vince (<strong>Jason Bateman<\/strong>); Albert Hammond Jr. de The Strokes se ha encargado de componer sus canciones. \u00a0<\/p>\n<p class=\"ft-text\">Seremos cuidadosos desplegando el argumento de una serie con la que, como con casi todas, es mejor llegar sin saber nada. &#8216;Black Rabbit&#8217; empieza in medias res, en mitad del asunto, en lo que se nos revela es el <strong>cl\u00edmax crudo y tenso<\/strong> de un proceso que empez\u00f3 un mes antes, con el regreso a Nueva York del (a\u00fan) m\u00e1s desastroso de los dos hermanos, el aficionado al juego Vince, despu\u00e9s de dos a\u00f1os desaparecido. Jake lo recibe con ciertos reparos, en parte porque hay <strong>heridas abiertas<\/strong> y en parte porque justamente esa semana el restaurante va a recibir (por tercera vez) a una cr\u00edtica del &#8216;New York Times&#8217;. M\u00e1s adelante, o los Friedken re\u00fanen cierto dinero o todo se va al carajo.\u00a0\u00a0<\/p>\n<p class=\"ft-text\">Si esta clase de tramas les recuerdan a <strong>&#8216;The Bear&#8217;<\/strong>, es normal: &#8216;Black Rabbit&#8217; <strong>tambi\u00e9n es un drama de hosteler\u00eda, solo que aqu\u00ed los cortes en los dedos no son accidentales<\/strong>. Como en aquella, se nos invita a vivir de cerca las ansiedades de la hosteler\u00eda y puede no haber prisas para cambiar de escena. Sobre todo en su primer episodio, aqu\u00ed estamos menos para observar el avance de cualquier trama que para<strong> pasar tiempo con personajes que, a pesar de sus taras (o quiz\u00e1 precisamente por eso, por reconocernos en ellas), nos interesan<\/strong> y nos caen bien. Bueno, \u00bflos dos igual de bien? El pobre liante de Vince solo quiere sobrevivir, pero Jake es un personaje movido por una cierta megaloman\u00eda, aunque quiera disfrazarla de ansias de estabilidad: su plan para expandir el negocio pasa por hacerse con un espacio lujos\u00edsimo dise\u00f1ado por <strong>Mies van der Rohe.<\/strong>\u00a0<\/p>\n<p class=\"ft-text\">Adem\u00e1s de coprotagonizar con carisma, Bateman produce y dirige, como ya hizo en otro &#8216;thriller&#8217; para mayores, <strong>el llorado &#8216;Ozark&#8217;<\/strong>, del que &#8216;Black Rabbit&#8217; es estupendo sucesor. Tambi\u00e9n como en ese \u00e9xito de Netflix, sobre todo en el segundo cap\u00edtulo, el antiguo astro c\u00f3mico de <strong>&#8216;Arrested development&#8217; <\/strong>sorprende con su inteligencia a la hora de crear situaciones de tensi\u00f3n o su habilidad para orquestar la acci\u00f3n. M\u00e1s adelante, cede la silla de director a su antigua partenaire de &#8216;Ozark&#8217;, <strong>Laura Linney<\/strong>, o el mism\u00edsimo <strong>Justin Kurzel<\/strong>, autor de entre otras maravillas &#8216;The order (La hermandad silenciosa)&#8217;, tambi\u00e9n protagonizada por Law y escrita por Susman.\u00a0<\/p>\n<p class=\"ft-text\">Por si todo esto no bastara para generar atenci\u00f3n, diremos que ver &#8216;Black Rabbit&#8217; es lo m\u00e1s parecido que hay a estar en Nueva York despu\u00e9s de plantarse ah\u00ed mismo. Est\u00e1n sus luces y, sobre todo, sus sombras. Las referencias a los Nets. O las canciones de <strong>Beastie Boys<\/strong>,<strong> Interpol <\/strong>y <strong>The Walkmen<\/strong>. Para la parte instrumental se cuenta, eso s\u00ed, con un par de m\u00fasicos instalados en Los \u00c1ngeles:<strong> Danny Bensi <\/strong>y <strong>Saunder Jurriaans<\/strong>, <a class=\"ft-link ft-link--decoration\" href=\"https:\/\/www.elperiodico.com\/es\/tele\/series\/20200229\/danny-bensi-saunder-jurriaans-entrevista-serie-el-visitante-ozark-7868015\" target=\"_blank\" rel=\"nofollow noopener\">garant\u00eda total de inquietud s\u00f3nica<\/a>.\u00a0<\/p>\n","protected":false},"excerpt":{"rendered":"&#8216;Black Rabbit&#8217; Creadores: Zach Baylin y Kate Susman Direcci\u00f3n: Jason Bateman, Laura Linney, Ben Semanoff, Justin Kurzel Reparto:&hellip;\n","protected":false},"author":2,"featured_media":120989,"comment_status":"","ping_status":"","sticky":false,"template":"","format":"standard","meta":{"footnotes":""},"categories":[171],"tags":[39893,1497,146,147,25,24,30117,152,805,23,214],"class_list":{"0":"post-120988","1":"post","2":"type-post","3":"status-publish","4":"format-standard","5":"has-post-thumbnail","7":"category-tv","8":"tag-black-rabbit","9":"tag-critica","10":"tag-entertainment","11":"tag-entretenimiento","12":"tag-es","13":"tag-espana","14":"tag-jude-law","15":"tag-netflix","16":"tag-series","17":"tag-spain","18":"tag-tv"},"share_on_mastodon":{"url":"","error":""},"_links":{"self":[{"href":"https:\/\/www.europesays.com\/es\/wp-json\/wp\/v2\/posts\/120988","targetHints":{"allow":["GET"]}}],"collection":[{"href":"https:\/\/www.europesays.com\/es\/wp-json\/wp\/v2\/posts"}],"about":[{"href":"https:\/\/www.europesays.com\/es\/wp-json\/wp\/v2\/types\/post"}],"author":[{"embeddable":true,"href":"https:\/\/www.europesays.com\/es\/wp-json\/wp\/v2\/users\/2"}],"replies":[{"embeddable":true,"href":"https:\/\/www.europesays.com\/es\/wp-json\/wp\/v2\/comments?post=120988"}],"version-history":[{"count":0,"href":"https:\/\/www.europesays.com\/es\/wp-json\/wp\/v2\/posts\/120988\/revisions"}],"wp:featuredmedia":[{"embeddable":true,"href":"https:\/\/www.europesays.com\/es\/wp-json\/wp\/v2\/media\/120989"}],"wp:attachment":[{"href":"https:\/\/www.europesays.com\/es\/wp-json\/wp\/v2\/media?parent=120988"}],"wp:term":[{"taxonomy":"category","embeddable":true,"href":"https:\/\/www.europesays.com\/es\/wp-json\/wp\/v2\/categories?post=120988"},{"taxonomy":"post_tag","embeddable":true,"href":"https:\/\/www.europesays.com\/es\/wp-json\/wp\/v2\/tags?post=120988"}],"curies":[{"name":"wp","href":"https:\/\/api.w.org\/{rel}","templated":true}]}}