{"id":120998,"date":"2025-09-17T14:58:10","date_gmt":"2025-09-17T14:58:10","guid":{"rendered":"https:\/\/www.europesays.com\/es\/120998\/"},"modified":"2025-09-17T14:58:10","modified_gmt":"2025-09-17T14:58:10","slug":"cantan-aunque-no-se-hablen","status":"publish","type":"post","link":"https:\/\/www.europesays.com\/es\/120998\/","title":{"rendered":"\u00abCantan aunque no se hablen\u00bb"},"content":{"rendered":"<p class=\"voc-p\" style=\"\">Uno de los dichos m\u00e1s c\u00e9lebres del mundo del espect\u00e1culo es que &#8216;<strong>el show debe continuar<\/strong>&#8216;. Pase lo que pase. Y eso bien se lo puede aplicar el popular d\u00fao <a href=\"https:\/\/www.abc.es\/gente\/camela-apoya-firmemente-nebulossa-eurovision-2024-desvela-20240502153606-vi.html\" target=\"_self\" data-voc-vtm-id=\"in-text-traffic\" title=\"Camela\" data-mrf-link=\"www.abc.es\" rel=\"nofollow noopener\">Camela<\/a>, que \u00ab<strong>cantan aunque no se hablan<\/strong>\u00bb, seg\u00fan ha se\u00f1alado la periodista Pilar Vidal en &#8216;Espejo P\u00fablico&#8217;.<\/p>\n<p class=\"voc-p\" style=\"\">D\u00edas despu\u00e9s de conocerse que <a href=\"https:\/\/www.abc.es\/gente\/estalla-guerra-fria-andy-lucas-siempre-encuentra-20250915095120-nt.html\" target=\"_self\" data-voc-vtm-id=\"in-text-traffic\" title=\"Andy &amp; Lucas\" data-mrf-link=\"www.abc.es\" rel=\"nofollow noopener\">Andy &amp; Lucas<\/a> no atraviesan su mejor momento personal, ahora toca hablar de <a href=\"https:\/\/www.abc.es\/gente\/abandono-cantante-camela-hijo-autista-20240208121945-nt.html\" target=\"_self\" data-voc-vtm-id=\"in-text-traffic\" title=\"Camela\" data-mrf-link=\"www.abc.es\" rel=\"nofollow noopener\">Camela<\/a>, aunque en este caso s\u00ed es cierto que hace tiempo que se conoce que <strong>\u00c1ngeles Mu\u00f1oz y Dioni Mart\u00edn se llevan mal tirando a peor<\/strong>. Y como han suspendido varios conciertos en las \u00faltimas fechas, ahora se ha vuelto a hablar sobre el futuro del grupo.<\/p>\n<p class=\"voc-p\" style=\"\">Ha sido en &#8216;Espejo p\u00fablico&#8217; donde han hablado de la relaci\u00f3n del d\u00fao <a href=\"https:\/\/www.abc.es\/gente\/decision-dioni-camela-destruye-hijo-secreto-20220919183849-nt.html\" target=\"_self\" data-voc-vtm-id=\"in-text-traffic\" title=\"Camela\" data-mrf-link=\"www.abc.es\" rel=\"nofollow noopener\">Camela<\/a> en plena crisis de una amistad que ya dura \u2013o duraba- varias d\u00e9cadas. Ha sido Pilar Vidal quien ha hablado de <strong>la complicada situaci\u00f3n del d\u00fao<\/strong>, que este verano ha tenido que suspender varios conciertos. Seg\u00fan la versi\u00f3n oficial, ha sido por los problemas de salud de Dioni Mart\u00edn.<\/p>\n<p>\n\u00abFamilia y socios, pero&#8230;\u00bb\n<\/p>\n<p class=\"voc-p\" style=\"\">Pilar Vidal ha asegurado que a d\u00eda de hoy, los dos integrantes de Camela \u00abno hacen cosas en com\u00fan a pesar de ser familia y socios\u00bb, y ha explicado que \u00abahora, estrictamente, <strong>lo que ellos priman es el d\u00fao musical<\/strong> y no se va a romper a no ser que sea por causa de fuerza mayor\u00bb. El resumen que ha hecho la colaboradora es as\u00ed de contundente: \u00abCuando hay un concierto cantan aunque no se hablen\u00ab.<\/p>\n<p class=\"voc-p\" style=\"\">Miquel Valls ha ofrecido m\u00e1s detalles que reflejan un d\u00eda a d\u00eda de lo m\u00e1s complicado, pues ha comentado que a Camela \u00ab<strong>se les contrata para un trabajo y su exigencia es no coincidir<\/strong>\u00bb. Y ha a\u00f1adido: \u00abQue un d\u00eda vaya uno y otro d\u00eda la otra al estudio. Lo tuvieron que grabar por separado por dos pistas distintas. Si a esto no lo llamamos una mala relaci\u00f3n profesional&#8230;\u00bb.<\/p>\n<p>\nCoincidir lo menos posible\n<\/p>\n<p class=\"voc-p\" style=\"\">Seg\u00fan ha contado en &#8216;Espejo P\u00fablico&#8217;, ambos piden camerinos por separado cuando tienen que dar un concierto y \u00ab<strong>se ven por primera vez en el escenario; antes no<\/strong>\u00bb. Pero es que hay m\u00e1s: por lo visto, intentan enterarse de cu\u00e1nto cobra el otro. \u00abHay envidias y mal rollo\u00bb, han asegurado desde el programa.<\/p>\n<p class=\"voc-p\" style=\"\">Llegados a este punto, cabe preguntarse: \u00bf<strong>peligra el homenaje a Rafa<\/strong>, hijo fallecido de su exteclista Miguel \u00c1ngel en un accidente de tr\u00e1fico? En una reciente entrevista a &#8216;El Espa\u00f1ol&#8217;, el excomponente de Camela contaba que ha escrito una canci\u00f3n dedicada a su hijo y que quer\u00edan que la cantaran sus excompa\u00f1eros de grupo. <\/p>\n<p class=\"voc-p\" style=\"\">\u00abSer\u00e1 como si yo se lo cantara a mi hijo. Ellos van a ponerme la voz para transmitir lo que a m\u00ed me gustar\u00eda cantarle a mi hijo. Yo no s\u00e9 cantar, el altavoz lo van a poner ellos (&#8230;) Ser\u00e1 un homenaje para mi hijo, <strong>el juntarnos los tres para esto<\/strong>\u00ab, explicaba Miguel \u00c1ngel. Pretende que lo que se recaude vaya a parar a alguna ONG que ayude a v\u00edctimas de accidentes de tr\u00e1fico. Ahora la pregunta es si los actuales integrantes de Camela aparcar\u00e1n sus diferencias por un instante para participar en una causa tan noble.<\/p>\n<p>Reportar un error<\/p>\n","protected":false},"excerpt":{"rendered":"Uno de los dichos m\u00e1s c\u00e9lebres del mundo del espect\u00e1culo es que &#8216;el show debe continuar&#8216;. Pase lo&hellip;\n","protected":false},"author":2,"featured_media":120999,"comment_status":"","ping_status":"","sticky":false,"template":"","format":"standard","meta":{"footnotes":""},"categories":[91],"tags":[16971,39894,978,861,146,147,25,24,39895,23],"class_list":{"0":"post-120998","1":"post","2":"type-post","3":"status-publish","4":"format-standard","5":"has-post-thumbnail","7":"category-entretenimiento","8":"tag-camela","9":"tag-cantan","10":"tag-dia","11":"tag-dificil","12":"tag-entertainment","13":"tag-entretenimiento","14":"tag-es","15":"tag-espana","16":"tag-hablen","17":"tag-spain"},"share_on_mastodon":{"url":"","error":""},"_links":{"self":[{"href":"https:\/\/www.europesays.com\/es\/wp-json\/wp\/v2\/posts\/120998","targetHints":{"allow":["GET"]}}],"collection":[{"href":"https:\/\/www.europesays.com\/es\/wp-json\/wp\/v2\/posts"}],"about":[{"href":"https:\/\/www.europesays.com\/es\/wp-json\/wp\/v2\/types\/post"}],"author":[{"embeddable":true,"href":"https:\/\/www.europesays.com\/es\/wp-json\/wp\/v2\/users\/2"}],"replies":[{"embeddable":true,"href":"https:\/\/www.europesays.com\/es\/wp-json\/wp\/v2\/comments?post=120998"}],"version-history":[{"count":0,"href":"https:\/\/www.europesays.com\/es\/wp-json\/wp\/v2\/posts\/120998\/revisions"}],"wp:featuredmedia":[{"embeddable":true,"href":"https:\/\/www.europesays.com\/es\/wp-json\/wp\/v2\/media\/120999"}],"wp:attachment":[{"href":"https:\/\/www.europesays.com\/es\/wp-json\/wp\/v2\/media?parent=120998"}],"wp:term":[{"taxonomy":"category","embeddable":true,"href":"https:\/\/www.europesays.com\/es\/wp-json\/wp\/v2\/categories?post=120998"},{"taxonomy":"post_tag","embeddable":true,"href":"https:\/\/www.europesays.com\/es\/wp-json\/wp\/v2\/tags?post=120998"}],"curies":[{"name":"wp","href":"https:\/\/api.w.org\/{rel}","templated":true}]}}