{"id":121000,"date":"2025-09-17T14:59:08","date_gmt":"2025-09-17T14:59:08","guid":{"rendered":"https:\/\/www.europesays.com\/es\/121000\/"},"modified":"2025-09-17T14:59:08","modified_gmt":"2025-09-17T14:59:08","slug":"un-asteroide-de-mas-de-130-metros-pasara-cerca-de-la-tierra-este-jueves-ciencia-y-tecnologia","status":"publish","type":"post","link":"https:\/\/www.europesays.com\/es\/121000\/","title":{"rendered":"Un asteroide de m\u00e1s de 130 metros pasar\u00e1 cerca de la Tierra este jueves | Ciencia y tecnolog\u00eda"},"content":{"rendered":"<p class=\"loc\">Madrid<\/p>\n<p>El asteroide <a href=\"https:\/\/neo.ssa.esa.int\/search-for-asteroids?sum=1&amp;des=2025FA22\" target=\"_blank\" rel=\"nofollow noopener\">2025 FA22<\/a> \u00abpasar\u00e1 de forma segura junto a la Tierra\u00bb este 18 de septiembre a las 07:41 UTC, es decir, las diez menos veinte, hora espa\u00f1ola. <\/p>\n<p>Seg\u00fan los datos que ha facilitado la Agencia espacial europea, tiene entre 130 y 290 metros de di\u00e1metro y en el momento en que m\u00e1s se acerque a nuestro planeta, \u00abestar\u00e1 a poco m\u00e1s del doble de distancia que la Luna\u00bb. <\/p>\n<p>2025 FA22 fue descubierto usando el telescopio Pan-STARRS 2 en marzo de este a\u00f1o. Es verdad que en las observaciones iniciales se se\u00f1al\u00f3 que su trayectoria lo acercar\u00eda a la tierra este a\u00f1o y que hab\u00eda \u00abuna peque\u00f1a probabilidad de que pudiera impactar contra nuestro planeta en 2089\u00bb. <\/p>\n<p>Esta probabilidad de impacto, al combinarse con su tama\u00f1o \u00abrelativamente grande\u00bb, hizo que el objeto se colocara en la llamada <a href=\"https:\/\/neo.ssa.esa.int\/risk-list\" target=\"_blank\" rel=\"nofollow noopener\">Lista de Riesgos de la ESA<\/a>, que marca este tipo de sucesos posibles en el tiempo. <\/p>\n<p>A partir de ese momento, se llevaron a cabo sobre la roca lo que se llama \u00abobservaciones de seguimiento de alta prioridad\u00bb. Por decirlo en un lenguaje menos t\u00e9cnico, lo miraron durante m\u00e1s tiempo, m\u00e1s gente y con m\u00e1s detenimiento para entenderlo mejor. <\/p>\n<p><img decoding=\"async\" src=\"https:\/\/www.europesays.com\/es\/wp-content\/uploads\/2025\/09\/P44D5GONBRDM3NHQLIAUBRMZ7U.png\" alt=\"Datos sobre el asteroide 2025 FA22. Credito: ESA\" width=\"16\" height=\"9\"  loading=\"lazy\"\/><\/p>\n<p>Datos sobre el asteroide 2025 FA22. Credito: ESA<\/p>\n<p>Ampliar<img decoding=\"async\" src=\"https:\/\/www.europesays.com\/es\/wp-content\/uploads\/2025\/09\/1758121148_93_P44D5GONBRDM3NHQLIAUBRMZ7U.png\" alt=\"Datos sobre el asteroide 2025 FA22. Credito: ESA\" width=\"16\" height=\"9\" loading=\"lazy\"\/><\/p>\n<p>Datos sobre el asteroide 2025 FA22. Credito: ESA<\/p>\n<p>Cerrar<\/p>\n<p>Muy r\u00e1pidamente, los astr\u00f3nomos refinaron la trayectoria del asteroide y descartaron cualquier riesgo de impacto. El objeto fue eliminado de la Lista de Riesgos de la ESA en mayo.<\/p>\n<p>Aun as\u00ed, una vez descartado el riesgo, su \u00abencuentro cercano\u00bb con la tierra ofrece una importante oportunidad para los cient\u00edficos. En los \u00faltimos a\u00f1os, la Red Internacional de Alerta de Asteroides (IAWN) lleva a cabo una campa\u00f1a de observaci\u00f3n centrada en asteroides como este. <\/p>\n<p>Esta iniciativa busca que la comunidad cient\u00edfica mundial pruebe su capacidad para medir la \u00f3rbita y las caracter\u00edsticas f\u00edsicas de asteroide que en alg\u00fan momento pudieran ser un peligro. Hasta el mes de octubre, con el <a href=\"https:\/\/www.esa.int\/Space_Safety\/Planetary_Defence\/Near-Earth_Object_Coordination_Centre\" target=\"_blank\" rel=\"nofollow noopener\">Centro de Coordinaci\u00f3n de Objetos Cercanos a la Tierra<\/a> de la ESA desempe\u00f1ando un papel activo, est\u00e1n midiendo su \u00abpolarimetr\u00eda\u00bb y su \u00abastrometr\u00eda\u00bb, es decir, como se polariza la luz reflejada por su superficie para conocer su composici\u00f3n y textura, y como se est\u00e1 moviendo en el cielo para determinar su \u00f3rbita.<\/p>\n<p>La ESA termina su comunicaci\u00f3n sobre este asteroide con esta frase tranquilizadora: \u00abSi bien 2025 FA22 no representa ning\u00fan peligro, es importante practicar nuestra capacidad para medir estas propiedades, ya que influyen en c\u00f3mo reaccionar\u00e1 un asteroide ante cualquier intento de desviarlo de un curso de colisi\u00f3n con la Tierra\u00bb.<\/p>\n","protected":false},"excerpt":{"rendered":"Madrid El asteroide 2025 FA22 \u00abpasar\u00e1 de forma segura junto a la Tierra\u00bb este 18 de septiembre a&hellip;\n","protected":false},"author":2,"featured_media":121001,"comment_status":"","ping_status":"","sticky":false,"template":"","format":"standard","meta":{"footnotes":""},"categories":[81],"tags":[35890,39896,30535,119,123,124,3760,39897,9993,39898,37087,35894,25,24,39899,408,26805,19393,39900,10625,35898,10671,117,121,122,39901,39902,39903,23,22818,118,120,39904],"class_list":{"0":"post-121000","1":"post","2":"type-post","3":"status-publish","4":"format-standard","5":"has-post-thumbnail","7":"category-ciencia-y-tecnologia","8":"tag-artwork","9":"tag-asteroid","10":"tag-black-background","11":"tag-ciencia","12":"tag-ciencia-y-tecnologia","13":"tag-cienciaytecnologia","14":"tag-close","15":"tag-collision-course","16":"tag-colour-image","17":"tag-computer-generated","18":"tag-darkness","19":"tag-earth","20":"tag-es","21":"tag-espana","22":"tag-globe","23":"tag-horizontal","24":"tag-illustration","25":"tag-light","26":"tag-near-miss","27":"tag-no-people","28":"tag-planet","29":"tag-round","30":"tag-science","31":"tag-science-and-technology","32":"tag-scienceandtechnology","33":"tag-shadow","34":"tag-solar-system","35":"tag-space","36":"tag-spain","37":"tag-sun","38":"tag-technology","39":"tag-tecnologia","40":"tag-two-objects"},"share_on_mastodon":{"url":"","error":""},"_links":{"self":[{"href":"https:\/\/www.europesays.com\/es\/wp-json\/wp\/v2\/posts\/121000","targetHints":{"allow":["GET"]}}],"collection":[{"href":"https:\/\/www.europesays.com\/es\/wp-json\/wp\/v2\/posts"}],"about":[{"href":"https:\/\/www.europesays.com\/es\/wp-json\/wp\/v2\/types\/post"}],"author":[{"embeddable":true,"href":"https:\/\/www.europesays.com\/es\/wp-json\/wp\/v2\/users\/2"}],"replies":[{"embeddable":true,"href":"https:\/\/www.europesays.com\/es\/wp-json\/wp\/v2\/comments?post=121000"}],"version-history":[{"count":0,"href":"https:\/\/www.europesays.com\/es\/wp-json\/wp\/v2\/posts\/121000\/revisions"}],"wp:featuredmedia":[{"embeddable":true,"href":"https:\/\/www.europesays.com\/es\/wp-json\/wp\/v2\/media\/121001"}],"wp:attachment":[{"href":"https:\/\/www.europesays.com\/es\/wp-json\/wp\/v2\/media?parent=121000"}],"wp:term":[{"taxonomy":"category","embeddable":true,"href":"https:\/\/www.europesays.com\/es\/wp-json\/wp\/v2\/categories?post=121000"},{"taxonomy":"post_tag","embeddable":true,"href":"https:\/\/www.europesays.com\/es\/wp-json\/wp\/v2\/tags?post=121000"}],"curies":[{"name":"wp","href":"https:\/\/api.w.org\/{rel}","templated":true}]}}