{"id":121009,"date":"2025-09-17T15:05:07","date_gmt":"2025-09-17T15:05:07","guid":{"rendered":"https:\/\/www.europesays.com\/es\/121009\/"},"modified":"2025-09-17T15:05:07","modified_gmt":"2025-09-17T15:05:07","slug":"presentado-el-festival-del-13-o-en-sevilla-un-homenaje-a-la-dinastia-vazquez-el-mundo","status":"publish","type":"post","link":"https:\/\/www.europesays.com\/es\/121009\/","title":{"rendered":"Presentado el festival del 13-O en Sevilla: un homenaje a la dinast\u00eda V\u00e1zquez &#8211; El Mundo"},"content":{"rendered":"<ol>\n<li><a href=\"https:\/\/news.google.com\/rss\/articles\/CBMigwFBVV95cUxQZVMzMmxyWHZmdEctaFdIOUZhZEROUmd2T0pvUng4VGpGX2t3NFpCOGJ5SHR6S0s0dTVFZ1pHUVRWRzh1ZDNjTlFKSWRGVXNxNlVkdDJnTEFtWGdvS0tFYmJYbGt5LXAwSlZGenk4NGUxT1ZkMFlQaEx2YnB2TFA2b0xuQdIBgwFBVV95cUxPdzdNVHFPRnNMMDJYczJYU1lmT3pDVEc4ZjV5WElUT1dVSUsxTmYxbGpSdkpqbWRwT0hiSEY3U2U0QlBiTUNrd05rWTNlaHdrbE4xamVtTkczMC1HN25MdkcybGRjR1NURFZLdVQxd0FyVjY0SUh1TUtBdDJlYmxiZTB0bw?oc=5\" target=\"_blank\" rel=\"nofollow noopener\">Presentado el festival del 13-O en Sevilla: un homenaje a la dinast\u00eda V\u00e1zquez<\/a>&nbsp;&nbsp;El Mundo<\/li>\n<li><a href=\"https:\/\/news.google.com\/rss\/articles\/CBMivgFBVV95cUxOd1lvMzFXQjNwTkxsLVdHalNZMF95Z1RQbU9YSDdkZTA0N3lkSkx5R0phcjUyMU4wTXI5VHQzWWt4UlFuNW9xOVBtbkZkM2dKWXFLanlJd2xOdHdGUDczV1RqakpkOTEtR1hUMHhCbWM0Z2ZNZDNtS05rLWlZNGVJeUx6N1NQYjQ0V1NzU1lfc2xsajN2VjhwanhwTmFSaV9DM0Z5SW9kUTMyUkhsNGJqUUtGVThZZkFWQlFoaDRR?oc=5\" target=\"_blank\" rel=\"nofollow noopener\">El festival taurino a beneficio de las hermandades de San Bernardo y El Amor ser\u00e1 un homenaje a la dinast\u00eda V\u00e1zquez<\/a>&nbsp;&nbsp;ABC<\/li>\n<li><a href=\"https:\/\/news.google.com\/rss\/articles\/CBMijgJBVV95cUxQVzlXY0c3aGJZNGRZVmJuNU5xamIyei1kQmdUQ2gycktZN0UxakNsbUF0LUp1YnNpTGVFWDR2dWc2elBnRkI2WjNpSEZnOVAwbVNiaTZlTFhBclN3X3p0WTRuWmhvcUJPWDFxOE5PdGVPeG9UWWpkdzJjTXVNc1FCMUZxc29Wam5adTJUQkhKOEFtU2NUU1l4cXpKMzgxbkVPTHMyNEsxMXlxclFKRkpfcTgzT2NyeWloMmhtcS1uY3k3SnhhNG04R2NVZXl6X0k0QmZjRU5LWGM0NTZlYTU3VE13b2cxUEtOUGlwRXJtY09CNHctNC13RFBySlVrRW9JNG1JX3VPZzVQSmJJb2fSAaICQVVfeXFMUDM4RWJmRno5R21PRGViS3VFTzROdVQza0wtWHd2bnhxWlI0MzJxN1E3ajQ2NmwwX2p4cWVwd3NyU0wxb1pPSjFYUU5fMmQ2X2J5NkpOQXN6eTYyRXBhdzhfbXFoOXRPd1lzQkN5RGxXUFdQb21NOFcxeXpjcFlhcTBmYWZtTm5iNTVnazV4eVNMdFVhRlRkbndITHdMRDFNMHVKaHVQZ1JlMHFhMFhiTmlGeDBTdlQ2SW1tN1FaRmxvd0NOSzZnaDRiRUtBUVhCTlpEa2tic1ZrTk1rU2xCNVVmWjdBOXF1b0c5V0JIRTdTSnJsbC15eGZwVzVlN2QyaXpMeTFiT2VTLUFweTJSeFdVV2dzbnoxRFB0TzVVZVRPNVE?oc=5\" target=\"_blank\" rel=\"nofollow noopener\">Las hermandades de San Bernardo y El Amor presentan el festival taurino que cerrar\u00e1 el a\u00f1o en la Real Maestranza de Sevilla<\/a>&nbsp;&nbsp;Cadena SER<\/li>\n<li><a href=\"https:\/\/news.google.com\/rss\/articles\/CBMiogFBVV95cUxQQ28xN251QlZZcnpqR3NYMXdrRWpkTllSYmxNSWZpeFptaTFkeTloSGpNSTFpYlNjNVJPWUlQUW5ieVdUWmlIUTRDUTVwRXVyR3FaSDJtOEVLV25TWnF4Yl9lZkVCemhINWl5bnFHYnI5UUFZM0hKYW1WcEZWYVU3SlMtQ0dkNUc0emRtaEtyaTY4Wmx3Vmg5ajlMcXk3eDE0a2fSAacBQVVfeXFMT2EyTDdVRVhYYldUR1Z3MnlIektMRUxGejdVemE0dmV0XzZwZ1ZtRkZlVGl0aU8tY3ZmS3pwdWlNby1YYmphTXNqNDR6b1NZVDFlWUhqYjF3dDdFemRqd2lSeHVucm5PX0lCdmttUEtsSTRrM1Exd3p2NlBHZC12emdFVFhDY1A1LXlGTnNrS3lvcEVXblR1eFEtaWh5NDRPSEpVWU8yQm8?oc=5\" target=\"_blank\" rel=\"nofollow noopener\">La Maestranza presenta el festival del 13 de octubre que ser\u00e1 un homenaje a Pepe Luis V\u00e1zquez<\/a>&nbsp;&nbsp;El Correo de Andaluc\u00eda<\/li>\n<li><a href=\"https:\/\/news.google.com\/rss\/articles\/CBMimAFBVV95cUxOemFUNlp2WGFRYnhrMV9TaW56NFFqYWo5WHl5dExaX2x3eU9MajJRcnAzXzY1MHFMMFRGOHpzOWZFTTh1eWR3d3lsNndhaG1WWFFkblVxb0dMNFRzWjhBWDgtRTQ1MUxndXBYUkVHRVFSLUk0dmpjbjhpcjZ5UVZsNTlIOVItQUY0UWdoeFp4TWxmWGI5YkNKSNIBngFBVV95cUxQNGIxNXVrTVRCNXhfdTc5RnFMOGJBNFJERXdPbmV3LWJCMFFCT1Z5bkdQcHdiemdzRkFldkdubHpQbUc2YXM4OC1SanplZzJtMlNVZVZEVFdaQWxkQmZCbFNfc0hXVlU4YjhXcDJ1djFnN1lJa09pSWxZY0pwMExmMXNLS1VZS0ZKU3lqWFZCOTZFaEE5SlNfMk5KSzYtQQ?oc=5\" target=\"_blank\" rel=\"nofollow noopener\">El festival de las hermandades de San Bernardo y El Amor oficializa su cartel<\/a>&nbsp;&nbsp;Diario de Sevilla<\/li>\n<\/ol>\n","protected":false},"excerpt":{"rendered":"Presentado el festival del 13-O en Sevilla: un homenaje a la dinast\u00eda V\u00e1zquez&nbsp;&nbsp;El Mundo El festival taurino a&hellip;\n","protected":false},"author":2,"featured_media":121010,"comment_status":"","ping_status":"","sticky":false,"template":"","format":"standard","meta":{"footnotes":""},"categories":[277],"tags":[373,819,168,25,24,4035,23,167,374,444],"class_list":{"0":"post-121009","1":"post","2":"type-post","3":"status-publish","4":"format-standard","5":"has-post-thumbnail","7":"category-toreo","8":"tag-bullfighting","9":"tag-cultura-toros","10":"tag-deportes","11":"tag-es","12":"tag-espana","13":"tag-juan-ortega","14":"tag-spain","15":"tag-sports","16":"tag-toreo","17":"tag-toros"},"share_on_mastodon":{"url":"","error":""},"_links":{"self":[{"href":"https:\/\/www.europesays.com\/es\/wp-json\/wp\/v2\/posts\/121009","targetHints":{"allow":["GET"]}}],"collection":[{"href":"https:\/\/www.europesays.com\/es\/wp-json\/wp\/v2\/posts"}],"about":[{"href":"https:\/\/www.europesays.com\/es\/wp-json\/wp\/v2\/types\/post"}],"author":[{"embeddable":true,"href":"https:\/\/www.europesays.com\/es\/wp-json\/wp\/v2\/users\/2"}],"replies":[{"embeddable":true,"href":"https:\/\/www.europesays.com\/es\/wp-json\/wp\/v2\/comments?post=121009"}],"version-history":[{"count":0,"href":"https:\/\/www.europesays.com\/es\/wp-json\/wp\/v2\/posts\/121009\/revisions"}],"wp:featuredmedia":[{"embeddable":true,"href":"https:\/\/www.europesays.com\/es\/wp-json\/wp\/v2\/media\/121010"}],"wp:attachment":[{"href":"https:\/\/www.europesays.com\/es\/wp-json\/wp\/v2\/media?parent=121009"}],"wp:term":[{"taxonomy":"category","embeddable":true,"href":"https:\/\/www.europesays.com\/es\/wp-json\/wp\/v2\/categories?post=121009"},{"taxonomy":"post_tag","embeddable":true,"href":"https:\/\/www.europesays.com\/es\/wp-json\/wp\/v2\/tags?post=121009"}],"curies":[{"name":"wp","href":"https:\/\/api.w.org\/{rel}","templated":true}]}}