{"id":121022,"date":"2025-09-17T15:14:08","date_gmt":"2025-09-17T15:14:08","guid":{"rendered":"https:\/\/www.europesays.com\/es\/121022\/"},"modified":"2025-09-17T15:14:08","modified_gmt":"2025-09-17T15:14:08","slug":"la-obra-de-eduardo-naranjo-recala-en-burgos-por-primera-vez","status":"publish","type":"post","link":"https:\/\/www.europesays.com\/es\/121022\/","title":{"rendered":"La obra de Eduardo Naranjo recala en Burgos por primera vez"},"content":{"rendered":"<p>Todos y cada uno de los 44 cuadros que se exponen en la sala Pedro Torrecilla de la Fundaci\u00f3n C\u00edrculo son obras maestras. La obra de Eduardo Naranjo, que por primera vez recala en Burgos, est\u00e1 reconocida como la de uno de los mejores pintores contempor\u00e1neos en cualquiera de sus etapas: surrealismo, realismo m\u00e1gico, on\u00edrico e hiperrealismo, con incursiones tambi\u00e9n en el expresionismo, tanto en dibujo como en grabado o pintura con diversas t\u00e9cnias: \u00f3leo, grafito, aguafuerte, aguatinta, l\u00e1piz&#8230;<\/p>\n<p>El pintor reconocido con el Premio Nacional de Pintura y con obra en museos como el Reina Sof\u00eda participa esta tarde en la inaguraci\u00f3n de una muestra que estar\u00e1 abierta hasta el 16 de noviembre. Una ocasi\u00f3n \u00fanica para charlar con el artista que, superados los 80 a\u00f1os, sigue en activo. Muestra de ello es una de las obras que se exponen fechada en 2025, &#8216;Reflejos en la mesa de cristal&#8217;, donde deja claro no solo sus aptitudes, sino tambi\u00e9n la maestr\u00eda y el dominio de las transparencias, una caracter\u00edstica que, aunque reconoce propia de una etapa, est\u00e1 presente en todo su recorrido. En m\u00e1s antiguo de los cuadros expuestos, por otro lado, es de 2020, un dibujo titulado &#8216;El jard\u00edn de invierno&#8217;.<\/p>\n<p>\u00abLa exposici\u00f3n refleja el talento de uno de los m\u00e1ximos representantes del realismo on\u00edrico de la pintura contempor\u00e1nea espa\u00f1ola. Reconocido por el dominio del dibujo y su interpretaci\u00f3n figurativa, Eduardo Naranjo destaca en el mundo de la creaci\u00f3n art\u00edstica tanto por su realismo con toques expresivos, como su maestr\u00eda t\u00e9cnica\u00bb, dicen desde la Fundaci\u00f3n.<\/p>\n","protected":false},"excerpt":{"rendered":"Todos y cada uno de los 44 cuadros que se exponen en la sala Pedro Torrecilla de la&hellip;\n","protected":false},"author":2,"featured_media":121023,"comment_status":"","ping_status":"","sticky":false,"template":"","format":"standard","meta":{"footnotes":""},"categories":[173],"tags":[229,233,231,230,623,39907,232,234,146,147,25,24,241,503,11789,23,3992],"class_list":{"0":"post-121022","1":"post","2":"type-post","3":"status-publish","4":"format-standard","5":"has-post-thumbnail","7":"category-arte-y-diseno","8":"tag-arte","9":"tag-arte-y-diseno","10":"tag-arts","11":"tag-arts-and-design","12":"tag-burgos","13":"tag-circulo-catolico","14":"tag-design","15":"tag-diseno","16":"tag-entertainment","17":"tag-entretenimiento","18":"tag-es","19":"tag-espana","20":"tag-exposiciones","21":"tag-pintura","22":"tag-reina-sofia","23":"tag-spain","24":"tag-torrecilla"},"share_on_mastodon":{"url":"","error":""},"_links":{"self":[{"href":"https:\/\/www.europesays.com\/es\/wp-json\/wp\/v2\/posts\/121022","targetHints":{"allow":["GET"]}}],"collection":[{"href":"https:\/\/www.europesays.com\/es\/wp-json\/wp\/v2\/posts"}],"about":[{"href":"https:\/\/www.europesays.com\/es\/wp-json\/wp\/v2\/types\/post"}],"author":[{"embeddable":true,"href":"https:\/\/www.europesays.com\/es\/wp-json\/wp\/v2\/users\/2"}],"replies":[{"embeddable":true,"href":"https:\/\/www.europesays.com\/es\/wp-json\/wp\/v2\/comments?post=121022"}],"version-history":[{"count":0,"href":"https:\/\/www.europesays.com\/es\/wp-json\/wp\/v2\/posts\/121022\/revisions"}],"wp:featuredmedia":[{"embeddable":true,"href":"https:\/\/www.europesays.com\/es\/wp-json\/wp\/v2\/media\/121023"}],"wp:attachment":[{"href":"https:\/\/www.europesays.com\/es\/wp-json\/wp\/v2\/media?parent=121022"}],"wp:term":[{"taxonomy":"category","embeddable":true,"href":"https:\/\/www.europesays.com\/es\/wp-json\/wp\/v2\/categories?post=121022"},{"taxonomy":"post_tag","embeddable":true,"href":"https:\/\/www.europesays.com\/es\/wp-json\/wp\/v2\/tags?post=121022"}],"curies":[{"name":"wp","href":"https:\/\/api.w.org\/{rel}","templated":true}]}}