{"id":121026,"date":"2025-09-17T15:16:09","date_gmt":"2025-09-17T15:16:09","guid":{"rendered":"https:\/\/www.europesays.com\/es\/121026\/"},"modified":"2025-09-17T15:16:09","modified_gmt":"2025-09-17T15:16:09","slug":"el-final-que-dividio-a-los-fans-asi-termina-el-verano-en-que-me-enamore-television","status":"publish","type":"post","link":"https:\/\/www.europesays.com\/es\/121026\/","title":{"rendered":"El final que dividi\u00f3 a los fans: as\u00ed termina \u2018El verano en que me enamor\u00e9\u2019 | Televisi\u00f3n"},"content":{"rendered":"<p class=\"\">Son las nueve de la ma\u00f1ana y Luc\u00eda, de 32 a\u00f1os, se levanta precipitadamente para, antes de ir a trabajar, ver el reci\u00e9n lanzado cap\u00edtulo final de la serie que la ha tenido en vilo los \u00faltimos dos meses: <a href=\"https:\/\/elpais.com\/videos\/2025-09-17\/el-verano-en-el-que-me-enamore-llega-a-su-final-por-que-la-serie-se-ha-convertido-en-un-fenomeno.html\" target=\"_self\" rel=\"nofollow noopener\" title=\"https:\/\/elpais.com\/videos\/2025-09-17\/el-verano-en-el-que-me-enamore-llega-a-su-final-por-que-la-serie-se-ha-convertido-en-un-fenomeno.html\">El verano en que me enamor\u00e9<\/a>, la ficci\u00f3n de Prime Video basada en la trilog\u00eda de Jenny Han y que tuvo su primera temporada en 2022, ha llegado a su fin. El viaje emocional de sus protagonistas, Belly y los hermanos Fisher (Conrad y Jeremiah), ha captado la atenci\u00f3n de millones de fans, que ya conoc\u00edan su historia gracias a los libros, pero tambi\u00e9n ha atra\u00eddo a nuevos seguidores que se han enganchado al <a href=\"https:\/\/elpais.com\/gente\/2025-09-06\/team-conrad-o-team-jeremiah-como-los-actores-christopher-briney-y-gavin-casalegno-han-dividido-internet.html#?rel=mas\" target=\"_self\" rel=\"nofollow noopener\" title=\"https:\/\/elpais.com\/gente\/2025-09-06\/team-conrad-o-team-jeremiah-como-los-actores-christopher-briney-y-gavin-casalegno-han-dividido-internet.html#?rel=mas\">tri\u00e1ngulo amoroso<\/a> m\u00e1s popular de internet. Pero, \u00bfes el desenlace justo para los personajes? \u00bfSe respeta el esp\u00edritu de las novelas? \u00bfQu\u00e9 opinan los fans? <\/p>\n<p class=\"\">Solo una hora y media despu\u00e9s del estreno del \u00faltimo cap\u00edtulo, el hashtag #TheSummerITurnedPretty (el t\u00edtulo original de la serie) acumulaba en la red social X m\u00e1s de <a href=\"https:\/\/x.com\/search?q=%23TheSummerITurnedPretty&amp;src=trend_click&amp;vertical=trends\" rel=\"nofollow\">46.000 publicaciones<\/a> y en TikTok, alg\u00fan v\u00eddeo sobre la serie ya superaba las <a href=\"https:\/\/www.tiktok.com\/@arianaa.pr\/video\/7550960156914437379\" rel=\"nofollow noopener\" target=\"_blank\">300.000 visualizaciones<\/a>. Esto es signo de la locura general de los espectadores por compartir su opini\u00f3n a la esperada conclusi\u00f3n de la trama principal, convirtiendo as\u00ed a El verano en el que me enamor\u00e9 en uno de los principales focos de conversaci\u00f3n online alrededor del mundo.<\/p>\n<p><img alt=\"Los protagonistas de 'El verano en que me enamor\u00e9' durante una escena de la serie.\" decoding=\"auto\" class=\"_re lazyload a_m-h\" height=\"276\"  width=\"414\"  src=\"https:\/\/www.europesays.com\/es\/wp-content\/uploads\/2025\/09\/IKAI4JSPM5H2NFYXCGDHPNYP44.jpg\" loading=\"lazy\"\/>Los protagonistas de &#8216;El verano en que me enamor\u00e9&#8217; durante una escena de la serie.Erika Doss (Prime)<\/p>\n<p class=\"\">La tercera temporada promet\u00eda dar un cierre definitivo al tri\u00e1ngulo amoroso que ha dividido a la audiencia entre el Team Conrad y el Team Jeremiah. El p\u00fablico ha seguido la evoluci\u00f3n de los protagonistas desde la adolescencia hasta la madurez, unos a\u00f1os marcados por sus complejas relaciones, que tambi\u00e9n han atormentado la trama del resto de personajes. El conflicto estaba servido: \u00bfseguir\u00e1 Belly su historia con Jeremiah, con quien parec\u00eda haber encontrado estabilidad, o volver\u00e1 a cruzar caminos con Conrad, su primer amor y el claro favorito de los espectadores?. \u201cYo espero que terminen juntos. Es lo m\u00e1s l\u00f3gico. \u00a1Ha pagado 500 d\u00f3lares por ir a Par\u00eds a verla cuando \u00e9l donde ten\u00eda que ir era a Bruselas!\u201d, dice alarmada Luc\u00eda refiri\u00e9ndose a Conrad y Belly antes de ver el \u00faltimo episodio. <\/p>\n<p class=\"\">Emma, de 25 a\u00f1os, prefiere esperar a la noche para ver el cap\u00edtulo final. \u201cDespu\u00e9s de trabajar ir\u00e9 a la carnicer\u00eda porque voy a preparar una cena elegante para la ocasi\u00f3n\u201d, confiesa. Y da m\u00e1s detalles: \u201cMe lleg\u00f3 un proyector hace un par de d\u00edas y as\u00ed puedo ver la serie en pantalla grande\u201d. Emma admite que empez\u00f3 a ver la serie hace solo tres semanas pero que ahora es \u201cla mayor fan\u201d. Al igual que Luc\u00eda, tiene claro el que para ella es el final ideal de la temporada. \u201cEspero que Conrad y Belly no se queden juntos, no s\u00e9 c\u00f3mo lo har\u00edan, han pasado cuatro a\u00f1os desde que lo dejaron y en medio, ella ha estado con su hermano\u2026 \u00a1con el que casi se casa!\u201c, cuenta Emma desesperada a trav\u00e9s de un audio de WhatsApp. <\/p>\n<p>Atenci\u00f3n, \u2018spoilers\u2019: \u00bfCon qui\u00e9n se queda Belly?<\/p>\n<p class=\"\">Lo cierto es que Emma se llevar\u00e1 una decepci\u00f3n cuando vea el episodio: Belly elige a Conrad. \u201c\u00a1No pod\u00eda ser de otra forma!\u201d, clama Luc\u00eda al ver la escena final. Esta seguidora de la serie recibe al instante un mensaje de una compa\u00f1era de trabajo que tambi\u00e9n est\u00e1 viendo el cap\u00edtulo a primera hora de la ma\u00f1ana que dice: \u201cNo entiendo lo que pasa con Jeremiah, no tiene sentido que acabe con otra chica random, y espero que \u00e9l y Belly puedan ser amigos sinceros despu\u00e9s de todo\u201d.<\/p>\n<p class=\"\">A medida que pasan las horas, las redes sociales se van llenando de reacciones enfrentadas: para muchos del Team Jeremiah, el resultado fue satisfactorio y justo, pero para buena parte del Team Conrad, numeroso y muy intenso a la par que sentimental, el final dej\u00f3 un sabor amargo. Consideran que su personaje no recibi\u00f3 el desarrollo ni la redenci\u00f3n que deseaban. \u201cYo espero que se quede solo o con alguien que de verdad le valore\u201d, sugiere Emma.<\/p>\n<p class=\"\">Las reacciones ante el final de El verano en que me enamor\u00e9 no han sido un\u00e1nimes ni mucho menos. Mientras algunos seguidores celebran el cierre como un desenlace coherente y fiel a los libros (aunque Jenny Han intentara despistar asegurando que la historia no tendr\u00eda por qu\u00e9 acabar como la trilog\u00eda) otros lo ven como una oportunidad perdida, apresurada y carente de la profundidad emocional que la historia merec\u00eda. Incluso ha fallado a las pocas Team Belly, que quer\u00edan de ella que fuera una joven independiente que despu\u00e9s de cortarse la melena decide seguir su camino sola y en Par\u00eds, alejada de la playa de Cousins, el lugar que la vio crecer junto los chicos de su vida Conrad y Jeremiah Fisher.<\/p>\n<p class=\"\">Termina as\u00ed el verano que sobrecogi\u00f3 a una generaci\u00f3n, o a varias, que encontr\u00f3 en los tres protagonistas el eco de los romances que marcan, de las decisiones dif\u00edciles, de las despedidas y los reencuentros definitivos. Aunque el desenlace no ha convencido a todos, el debate seguir\u00e1 vivo en redes durante mucho tiempo, lo cierto es que esta serie se despide habiendo dejado una huella profunda en sus espectadores. El verano en que me enamor\u00e9 ha acabado. O quiz\u00e1s no. Porque igual que los amores, hay finales, que siempre encuentran la forma de volver.<\/p>\n<p><script async src=\"\/\/www.tiktok.com\/embed.js\"><\/script><\/p>\n","protected":false},"excerpt":{"rendered":"Son las nueve de la ma\u00f1ana y Luc\u00eda, de 32 a\u00f1os, se levanta precipitadamente para, antes de ir&hellip;\n","protected":false},"author":2,"featured_media":121027,"comment_status":"","ping_status":"","sticky":false,"template":"","format":"standard","meta":{"footnotes":""},"categories":[171],"tags":[20799,6826,1733,209,1931,146,147,25,1598,24,629,7136,433,225,6586,8189,23,807,5889,214],"class_list":{"0":"post-121026","1":"post","2":"type-post","3":"status-publish","4":"format-standard","5":"has-post-thumbnail","7":"category-tv","8":"tag-adaptaciones-series","9":"tag-amazon-prime-video","10":"tag-amor","11":"tag-cultura","12":"tag-drama","13":"tag-entertainment","14":"tag-entretenimiento","15":"tag-es","16":"tag-escritores","17":"tag-espana","18":"tag-estados-unidos","19":"tag-fans","20":"tag-jovenes","21":"tag-libros","22":"tag-series-drama","23":"tag-series-television","24":"tag-spain","25":"tag-television","26":"tag-tiktok","27":"tag-tv"},"share_on_mastodon":{"url":"","error":""},"_links":{"self":[{"href":"https:\/\/www.europesays.com\/es\/wp-json\/wp\/v2\/posts\/121026","targetHints":{"allow":["GET"]}}],"collection":[{"href":"https:\/\/www.europesays.com\/es\/wp-json\/wp\/v2\/posts"}],"about":[{"href":"https:\/\/www.europesays.com\/es\/wp-json\/wp\/v2\/types\/post"}],"author":[{"embeddable":true,"href":"https:\/\/www.europesays.com\/es\/wp-json\/wp\/v2\/users\/2"}],"replies":[{"embeddable":true,"href":"https:\/\/www.europesays.com\/es\/wp-json\/wp\/v2\/comments?post=121026"}],"version-history":[{"count":0,"href":"https:\/\/www.europesays.com\/es\/wp-json\/wp\/v2\/posts\/121026\/revisions"}],"wp:featuredmedia":[{"embeddable":true,"href":"https:\/\/www.europesays.com\/es\/wp-json\/wp\/v2\/media\/121027"}],"wp:attachment":[{"href":"https:\/\/www.europesays.com\/es\/wp-json\/wp\/v2\/media?parent=121026"}],"wp:term":[{"taxonomy":"category","embeddable":true,"href":"https:\/\/www.europesays.com\/es\/wp-json\/wp\/v2\/categories?post=121026"},{"taxonomy":"post_tag","embeddable":true,"href":"https:\/\/www.europesays.com\/es\/wp-json\/wp\/v2\/tags?post=121026"}],"curies":[{"name":"wp","href":"https:\/\/api.w.org\/{rel}","templated":true}]}}